{"id":7099,"date":"2021-05-17T08:39:14","date_gmt":"2021-05-17T08:39:14","guid":{"rendered":"https:\/\/uet.edu.al\/?p=7099"},"modified":"2021-05-17T08:39:14","modified_gmt":"2021-05-17T08:39:14","slug":"projekti-e-viva-uet-shperndan-pasaporta-per-tregun-e-punes","status":"publish","type":"post","link":"https:\/\/uet.edu.al\/en\/projekti-e-viva-uet-shperndan-pasaporta-per-tregun-e-punes\/","title":{"rendered":"Projekti e-Viva\/ UET shp\u00ebrndan \u2018pasaporta\u2019 p\u00ebr tregun e pun\u00ebs"},"content":{"rendered":"<p>Universiteti Europiane i Tiran\u00ebs ka zhvilluar ceremonin\u00eb e dh\u00ebnies s\u00eb certifikatave \u201cKompetenca e lidhur me sh\u00ebrbimin\u201d n\u00eb kuad\u00ebr t\u00eb projektit e-VIVA. Ky projekt i financuar nga Bashkimi Europian, ka hyr\u00eb n\u00eb vitin e tret\u00eb t\u00eb zhvillimit, nd\u00ebrsa UET drejton mes 16 partner\u00ebve n\u00eb projekt, mes t\u00eb cil\u00ebve dy universitete shqiptare.<\/p>\n<div align=\"center\"><\/div>\n<p>Vlen t\u00eb theksohet q\u00eb \u00ebsht\u00eb nj\u00eb nga projektet me vler\u00ebn m\u00eb t\u00eb madhe t\u00eb fituar ndonj\u00ebher\u00eb nga universitetet shqiptare dhe fokusi i tij \u00ebsht\u00eb evidentimi i kompetencave themelore q\u00eb lidhen me sektorin e sh\u00ebrbimit.<\/p>\n<div align=\"center\"><\/div>\n<p>N\u00eb ceremonin\u00eb e zhvilluar n\u00eb ambientet e UET, me t\u00eb pranish\u00ebm pedagog\u00eb, student\u00eb pjes\u00ebmarr\u00ebs n\u00eb projekte, i ftuar ishte edhe Drejtori i Burimeve Njer\u00ebzore Balfin Group, Elvin Nosi, i cili u njoh m\u00eb nga af\u00ebr me projektin dhe p\u00ebrpjekjen p\u00ebr t\u00eb nxjerr\u00eb n\u00eb tregun e pun\u00ebs kapacitete q\u00eb din\u00eb dhe njohin kompetencat e tyre.<\/p>\n<div align=\"center\"><\/div>\n<p>Z\u00ebv\u00ebnd\u00ebsrektorja p\u00ebr Zhvillimin Institucional dhe Student\u00ebt n\u00eb UET, Prof. Dr. Ermira Qosja, e cil\u00ebsoi e-VIVA nj\u00eb nga projektet q\u00eb \u00ebsht\u00eb m\u00eb af\u00ebr me tregun e pun\u00ebs.<\/p>\n<p>\u201cProjekti ka zgjedhur t\u00eb fokusohet n\u00eb nj\u00eb kompetenc\u00eb, p\u00ebr t\u00eb cil\u00ebn t\u00eb gjith\u00eb statistikat europiane e bot\u00ebrore tregojn\u00eb se \u00ebsht\u00eb nj\u00eb nga kompetencat m\u00eb t\u00eb r\u00ebnd\u00ebsishme, por edhe nj\u00eb studim i b\u00ebr\u00eb n\u00eb vitin 2020 me student\u00ebt e masterit, tregonte q\u00eb student\u00ebt q\u00eb hyjn\u00eb n\u00eb tregun e pun\u00ebs, kompetenca q\u00eb k\u00ebrkohet p\u00ebr ta \u00ebsht\u00eb ajo q\u00eb ka lidhje me sh\u00ebrbimin me klient\u00ebt. E-Viva m\u00eb tep\u00ebr se nj\u00eb p\u00ebrqasje p\u00ebr t\u00eb ndryshuar universitetet, \u00ebsht\u00eb nj\u00eb p\u00ebrqasje p\u00ebr t\u00eb ndryshuar mentalitetin n\u00eb lidhje me procesin e m\u00ebsimdh\u00ebnies dhe m\u00ebsimnx\u00ebnies.<\/p>\n<p>P\u00ebrtej faktit se prej vitesh KE orienton edukimin drejt kompetencave, ky projekt vendos n\u00eb qend\u00ebr studentin, i cili b\u00ebhet nd\u00ebrveprues dhe vler\u00ebsues i m\u00ebnyr\u00ebs sesi ai e zhvillon kompetenc\u00ebn e tij. P\u00ebr qart\u00ebsim koncepti, kompetenca \u00ebsht\u00eb nj\u00eb shumatore e tre komponent\u00ebve, aksesit, njohuris\u00eb dhe q\u00ebndrimit. E-Viva e zhvillon gjith\u00eb metodologjin\u00eb p\u00ebrmes disa metodave t\u00eb m\u00ebsimdh\u00ebnies dhe m\u00ebsim nx\u00ebnies duke e p\u00ebrfshir\u00eb studentin dhe duke e vler\u00ebsuar ai sesi zhvillohet brenda nj\u00eb moduli apo l\u00ebnde.<\/p>\n<p>Q\u00eb ky projekt t\u00eb marr\u00eb jet\u00eb n\u00eb tregun e pun\u00ebs, q\u00eb aq shum\u00eb e k\u00ebrkon k\u00ebt\u00eb kompetenc\u00eb, ka nevoj\u00eb p\u00ebr nj\u00eb lidhje m\u00eb t\u00eb fort\u00eb t\u00eb universitetit me qeverin\u00eb dhe bizneset. Diploma \u00ebsht\u00eb e domosdoshme p\u00ebr t\u00eb hyr\u00eb n\u00eb tregun e pun\u00ebs por nuk mjafton. N\u00ebse certifikata q\u00eb shp\u00ebrndajm\u00eb sot, do t\u00eb fitonte nj\u00eb autor\u00ebsi, do t\u00eb k\u00ebrkohej n\u00eb tregun e pun\u00ebs, universitetet do t\u00eb kishin mund\u00ebsi bashk\u00eb me diplom\u00ebn t\u00eb ofronin t\u00eb tilla certifikata, besoj se do t\u00eb ishin pasaporta shum\u00eb t\u00eb mira n\u00eb tregun e pun\u00ebs\u201d, deklaroi Qosja.<\/p>\n<p><a href=\"https:\/\/liberale.al\/wp-content\/uploads\/2021\/05\/a06591f2-d851-47eb-93f7-6a565e82c8dc.jpg\" rel=\"lightbox\"><img fetchpriority=\"high\" decoding=\"async\" class=\"size-full wp-image-1198776 aligncenter\" src=\"https:\/\/liberale.al\/wp-content\/uploads\/2021\/05\/a06591f2-d851-47eb-93f7-6a565e82c8dc.jpg\" sizes=\"(max-width: 1280px) 100vw, 1280px\" srcset=\"https:\/\/liberale.al\/wp-content\/uploads\/2021\/05\/a06591f2-d851-47eb-93f7-6a565e82c8dc.jpg 1280w, https:\/\/liberale.al\/wp-content\/uploads\/2021\/05\/a06591f2-d851-47eb-93f7-6a565e82c8dc-300x200.jpg 300w, https:\/\/liberale.al\/wp-content\/uploads\/2021\/05\/a06591f2-d851-47eb-93f7-6a565e82c8dc-1024x682.jpg 1024w, https:\/\/liberale.al\/wp-content\/uploads\/2021\/05\/a06591f2-d851-47eb-93f7-6a565e82c8dc-768x512.jpg 768w\" alt=\"\" width=\"1280\" height=\"853\" \/><\/a><\/p>\n<p>Lidhur me projektin e-VIVA dhe p\u00ebrdorimin e teknologjis\u00eb, foli edhe Drejtori IT-s\u00eb, Agim Kasaj, i cili tregoi se ky projekt solli krijimit t\u00eb nj\u00eb platforme q\u00eb iu sh\u00ebrbeu student\u00ebve p\u00ebr matjen e kompetencave.<\/p>\n<p>Nj\u00eb prej risive n\u00eb projektin e-Viva, \u00ebsht\u00eb p\u00ebrdorimi i nj\u00eb platforme, e cila k\u00eb p\u00ebr q\u00ebllim t\u00eb vet\u00eb q\u00eb njohurit\u00eb, kapacitetet, zhvillimin e kompetencave q\u00eb student\u00ebt kan\u00eb marr\u00eb, ta masin, ta vler\u00ebsojn\u00eb dhe certifikojn\u00eb n\u00eb nj\u00eb m\u00ebnyr\u00eb t\u00eb standartizuar.<\/p>\n<p>Kjo platform\u00eb q\u00eb po p\u00ebrdorim n\u00eb k\u00ebt\u00eb projekt, mund\u00ebson q\u00eb t\u00eb ruaj, dokumentoj\u00eb zhvillimin e kompetencave q\u00eb juve ju kan\u00eb ndodhur gjat\u00eb ndjekjes s\u00eb m\u00ebsimit apo trajnimit n\u00eb UET. N\u00eb fund t\u00eb procesit ju pajiseni me nj\u00eb lloj dokumenti, certifikat\u00eb t\u00eb standardizuar, ku \u00ebsht\u00eb ndjekur nj\u00eb metodologji standarde. Ka vite q\u00eb \u00ebsht\u00eb implementuar n\u00eb Evrop\u00eb dhe tani kemi filluar ta impelementojn\u00eb edhe ne n\u00eb UET\u201d, u shpreh Kasaj.<\/p>\n<p>Drejtori i burimeve Njer\u00ebzore t\u00eb Balfin Group, Elvin Nosi, e cil\u00ebsoi k\u00ebt\u00eb projekt nj\u00eb mund\u00ebsi t\u00eb mir\u00eb p\u00ebr tregun e pun\u00ebs dhe grupin ku b\u00ebn pjes\u00eb, pasi sipas tij prej koh\u00ebsh ndjehet mungesa e k\u00ebsaj kompetence tek t\u00eb rinjt\u00eb. Nosi tha m\u00eb tej se projekte t\u00eb tilla jan\u00eb ky\u00e7e p\u00ebr bashk\u00ebpunimet shkolla- biznese- shtet.<\/p>\n<p>\u201cNj\u00eb lajm shum\u00eb i mir\u00eb p\u00ebr tregun e pun\u00ebs, p\u00ebr bizneset dhe Balfin Group, sepse prej koh\u00ebsh e ndjejm\u00eb munges\u00ebn e k\u00ebsaj lloj kompetence tek t\u00eb rinjt\u00eb, apo pun\u00ebk\u00ebrkuesit n\u00eb p\u00ebrgjith\u00ebsi. \u00cbsht\u00eb nj\u00eb nga kompetencat kryesore, duke pasur parasysh prezenc\u00ebn e Balfin Group n\u00eb industrin\u00eb e sh\u00ebrbime, hoteleris\u00eb. Kompetenca q\u00eb ky projekt merr p\u00ebrsip\u00ebr, \u00ebsht\u00eb m\u00eb e r\u00ebnd\u00ebsishmja, baz\u00eb, q\u00eb bizneset aktualisht p\u00ebrpiqen ta zhvillojn\u00eb me resurset e tyre t\u00eb brendshme, n\u00ebp\u00ebrmjet trajnimeve q\u00eb zhvillojn\u00eb. Kemi kuptuar q\u00eb kjo nuk mjafton p\u00ebr t\u00eb pasur nj\u00eb forc\u00eb pun\u00ebtore n\u00eb treg, e cila do t\u00eb siguroj\u00eb n\u00eb \u00e7do moment rekrutime t\u00eb suksesshme dhe punonj\u00ebs t\u00eb suksessh\u00ebm. Programet t\u00eb tilla jan\u00eb ky\u00e7e n\u00eb trinomin biznese- shkolla- shteti, t\u00eb cil\u00ebt duhet t\u00eb punojn\u00eb n\u00eb m\u00ebnyr\u00eb t\u00eb koordinuar, q\u00eb t\u00eb b\u00ebjn\u00eb t\u00eb mundur q\u00eb sektori i sh\u00ebrbimeve, n\u00eb p\u00ebrgjith\u00ebsi dhe turizmit e hoteleris\u00eb, t\u00eb cil\u00ebt shihen si nxit\u00ebsit kryesor\u00eb t\u00eb rritjes ekonomike p\u00ebr vitet n\u00eb vijim. Ky certifikim q\u00eb ju po b\u00ebni, \u00ebsht\u00eb shum\u00eb i nevojsh\u00ebm n\u00eb tregun e pun\u00ebs, prandaj shfryt\u00ebzoj rastin t\u00eb ftoj student\u00ebt t\u00eb ftojn\u00eb \u00ebeb-sajtet tona p\u00ebr t\u00eb par\u00eb mund\u00ebsit\u00eb q\u00eb ofrohen\u201d, u shpreh Nosi.<\/p>\n<p><a href=\"https:\/\/liberale.al\/wp-content\/uploads\/2021\/05\/e4418308-0343-4c85-ba9e-de7d4398133a.jpg\" rel=\"lightbox\"><img decoding=\"async\" class=\"size-full wp-image-1198777 aligncenter\" src=\"https:\/\/liberale.al\/wp-content\/uploads\/2021\/05\/e4418308-0343-4c85-ba9e-de7d4398133a.jpg\" sizes=\"(max-width: 1280px) 100vw, 1280px\" srcset=\"https:\/\/liberale.al\/wp-content\/uploads\/2021\/05\/e4418308-0343-4c85-ba9e-de7d4398133a.jpg 1280w, https:\/\/liberale.al\/wp-content\/uploads\/2021\/05\/e4418308-0343-4c85-ba9e-de7d4398133a-300x200.jpg 300w, https:\/\/liberale.al\/wp-content\/uploads\/2021\/05\/e4418308-0343-4c85-ba9e-de7d4398133a-1024x682.jpg 1024w, https:\/\/liberale.al\/wp-content\/uploads\/2021\/05\/e4418308-0343-4c85-ba9e-de7d4398133a-768x512.jpg 768w\" alt=\"\" width=\"1280\" height=\"853\" \/><\/a><\/p>\n<p>Nj\u00eb nga studentet pjes\u00ebmarr\u00ebse n\u00eb projekt, ndau me t\u00eb pranishmit p\u00ebrvoj\u00ebn e fituar prej tij, nj\u00eb p\u00ebrvoj\u00eb ndryshe nga projektet e tjera.<\/p>\n<p>\u201cArsyeja kryesore pse zgjodha t\u00eb studioj n\u00eb UET ishte pik\u00ebrisht zhvillimi i projekteve dhe partneritetet e shumta q\u00eb UET ofron. Projekti e-Viva \u00ebsht\u00eb nj\u00eb projekt i ve\u00e7ant\u00eb dhe ndryshe nga ata ku kam marr\u00eb pjes\u00eb, i cili m\u00eb ndihmoi t\u00eb vler\u00ebsojm\u00eb kompetencat tona, t\u00eb njohim dhe perceptojm\u00eb aft\u00ebsit\u00eb tona n\u00eb lidhje me bashk\u00ebpunimin me nj\u00ebri-tjetrin, planifikimin, komunikim etj. T\u00eb gjitha k\u00ebto na ndihmuan ne t\u00eb analizojm\u00eb aft\u00ebsit\u00eb tona p\u00ebr t\u00eb kryer pun\u00ebt me efikasitet dhe p\u00ebr t\u00eb arritur suksesin\u201d, u shpreh ajo.<\/p>","protected":false},"excerpt":{"rendered":"<p>Universiteti Europiane i Tiran\u00ebs ka zhvilluar ceremonin\u00eb e dh\u00ebnies s\u00eb certifikatave \u201cKompetenca e lidhur me sh\u00ebrbimin\u201d n\u00eb kuad\u00ebr t\u00eb projektit e-VIVA. Ky projekt i financuar nga Bashkimi Europian, ka hyr\u00eb n\u00eb vitin e tret\u00eb t\u00eb zhvillimit, nd\u00ebrsa UET drejton mes &hellip; <\/p>","protected":false},"author":1,"featured_media":7100,"comment_status":"closed","ping_status":"open","sticky":false,"template":"","format":"standard","meta":{"footnotes":""},"categories":[61],"tags":[],"class_list":["post-7099","post","type-post","status-publish","format-standard","has-post-thumbnail","hentry","category-te-ndryshme"],"yoast_head":"<!-- This site is optimized with the Yoast SEO plugin v26.9 - https:\/\/yoast.com\/product\/yoast-seo-wordpress\/ -->\n<title>Projekti e-Viva\/ UET shp\u00ebrndan \u2018pasaporta\u2019 p\u00ebr tregun e pun\u00ebs - UET<\/title>\n<meta name=\"robots\" content=\"index, follow, max-snippet:-1, max-image-preview:large, max-video-preview:-1\" \/>\n<link rel=\"canonical\" href=\"https:\/\/uet.edu.al\/en\/projekti-e-viva-uet-shperndan-pasaporta-per-tregun-e-punes\/\" \/>\n<meta property=\"og:locale\" content=\"en_US\" \/>\n<meta property=\"og:type\" content=\"article\" \/>\n<meta property=\"og:title\" content=\"Projekti e-Viva\/ UET shp\u00ebrndan \u2018pasaporta\u2019 p\u00ebr tregun e pun\u00ebs - UET\" \/>\n<meta property=\"og:description\" content=\"Universiteti Europiane i Tiran\u00ebs ka zhvilluar ceremonin\u00eb e dh\u00ebnies s\u00eb certifikatave \u201cKompetenca e lidhur me sh\u00ebrbimin\u201d n\u00eb kuad\u00ebr t\u00eb projektit e-VIVA. Ky projekt i financuar nga Bashkimi Europian, ka hyr\u00eb n\u00eb vitin e tret\u00eb t\u00eb zhvillimit, nd\u00ebrsa UET drejton mes &hellip;\" \/>\n<meta property=\"og:url\" content=\"https:\/\/uet.edu.al\/en\/projekti-e-viva-uet-shperndan-pasaporta-per-tregun-e-punes\/\" \/>\n<meta property=\"og:site_name\" content=\"UET\" \/>\n<meta property=\"article:publisher\" content=\"https:\/\/www.facebook.com\/UniversitetiEuropianiTiranes\/\" \/>\n<meta property=\"article:published_time\" content=\"2021-05-17T08:39:14+00:00\" \/>\n<meta property=\"og:image\" content=\"https:\/\/uet.edu.al\/wp-content\/uploads\/2021\/05\/14aa49e9-15bd-4f73-b145-892149847447-770x433-1.jpg\" \/>\n\t<meta property=\"og:image:width\" content=\"770\" \/>\n\t<meta property=\"og:image:height\" content=\"433\" \/>\n\t<meta property=\"og:image:type\" content=\"image\/jpeg\" \/>\n<meta name=\"author\" content=\"admin\" \/>\n<meta name=\"twitter:card\" content=\"summary_large_image\" \/>\n<meta name=\"twitter:label1\" content=\"Written by\" \/>\n\t<meta name=\"twitter:data1\" content=\"admin\" \/>\n\t<meta name=\"twitter:label2\" content=\"Est. reading time\" \/>\n\t<meta name=\"twitter:data2\" content=\"5 minutes\" \/>\n<script type=\"application\/ld+json\" class=\"yoast-schema-graph\">{\"@context\":\"https:\/\/schema.org\",\"@graph\":[{\"@type\":\"Article\",\"@id\":\"https:\/\/uet.edu.al\/projekti-e-viva-uet-shperndan-pasaporta-per-tregun-e-punes\/#article\",\"isPartOf\":{\"@id\":\"https:\/\/uet.edu.al\/projekti-e-viva-uet-shperndan-pasaporta-per-tregun-e-punes\/\"},\"author\":{\"name\":\"admin\",\"@id\":\"https:\/\/uet.edu.al\/en\/#\/schema\/person\/e0882bc49cd4b35d1e23bc03de52a227\"},\"headline\":\"Projekti e-Viva\/ UET shp\u00ebrndan \u2018pasaporta\u2019 p\u00ebr tregun e pun\u00ebs\",\"datePublished\":\"2021-05-17T08:39:14+00:00\",\"mainEntityOfPage\":{\"@id\":\"https:\/\/uet.edu.al\/projekti-e-viva-uet-shperndan-pasaporta-per-tregun-e-punes\/\"},\"wordCount\":1071,\"publisher\":{\"@id\":\"https:\/\/uet.edu.al\/en\/#organization\"},\"image\":{\"@id\":\"https:\/\/uet.edu.al\/projekti-e-viva-uet-shperndan-pasaporta-per-tregun-e-punes\/#primaryimage\"},\"thumbnailUrl\":\"https:\/\/uet.edu.al\/wp-content\/uploads\/2021\/05\/14aa49e9-15bd-4f73-b145-892149847447-770x433-1.jpg\",\"articleSection\":[\"T\u00eb ndryshme\"],\"inLanguage\":\"en-US\"},{\"@type\":\"WebPage\",\"@id\":\"https:\/\/uet.edu.al\/projekti-e-viva-uet-shperndan-pasaporta-per-tregun-e-punes\/\",\"url\":\"https:\/\/uet.edu.al\/projekti-e-viva-uet-shperndan-pasaporta-per-tregun-e-punes\/\",\"name\":\"Projekti e-Viva\/ UET shp\u00ebrndan \u2018pasaporta\u2019 p\u00ebr tregun e pun\u00ebs - UET\",\"isPartOf\":{\"@id\":\"https:\/\/uet.edu.al\/en\/#website\"},\"primaryImageOfPage\":{\"@id\":\"https:\/\/uet.edu.al\/projekti-e-viva-uet-shperndan-pasaporta-per-tregun-e-punes\/#primaryimage\"},\"image\":{\"@id\":\"https:\/\/uet.edu.al\/projekti-e-viva-uet-shperndan-pasaporta-per-tregun-e-punes\/#primaryimage\"},\"thumbnailUrl\":\"https:\/\/uet.edu.al\/wp-content\/uploads\/2021\/05\/14aa49e9-15bd-4f73-b145-892149847447-770x433-1.jpg\",\"datePublished\":\"2021-05-17T08:39:14+00:00\",\"breadcrumb\":{\"@id\":\"https:\/\/uet.edu.al\/projekti-e-viva-uet-shperndan-pasaporta-per-tregun-e-punes\/#breadcrumb\"},\"inLanguage\":\"en-US\",\"potentialAction\":[{\"@type\":\"ReadAction\",\"target\":[\"https:\/\/uet.edu.al\/projekti-e-viva-uet-shperndan-pasaporta-per-tregun-e-punes\/\"]}]},{\"@type\":\"ImageObject\",\"inLanguage\":\"en-US\",\"@id\":\"https:\/\/uet.edu.al\/projekti-e-viva-uet-shperndan-pasaporta-per-tregun-e-punes\/#primaryimage\",\"url\":\"https:\/\/uet.edu.al\/wp-content\/uploads\/2021\/05\/14aa49e9-15bd-4f73-b145-892149847447-770x433-1.jpg\",\"contentUrl\":\"https:\/\/uet.edu.al\/wp-content\/uploads\/2021\/05\/14aa49e9-15bd-4f73-b145-892149847447-770x433-1.jpg\",\"width\":770,\"height\":433},{\"@type\":\"BreadcrumbList\",\"@id\":\"https:\/\/uet.edu.al\/projekti-e-viva-uet-shperndan-pasaporta-per-tregun-e-punes\/#breadcrumb\",\"itemListElement\":[{\"@type\":\"ListItem\",\"position\":1,\"name\":\"Home\",\"item\":\"https:\/\/uet.edu.al\/\"},{\"@type\":\"ListItem\",\"position\":2,\"name\":\"Projekti e-Viva\/ UET shp\u00ebrndan \u2018pasaporta\u2019 p\u00ebr tregun e pun\u00ebs\"}]},{\"@type\":\"WebSite\",\"@id\":\"https:\/\/uet.edu.al\/en\/#website\",\"url\":\"https:\/\/uet.edu.al\/en\/\",\"name\":\"UET\",\"description\":\"Universiteti Europian i Tiran\u00ebs\",\"publisher\":{\"@id\":\"https:\/\/uet.edu.al\/en\/#organization\"},\"potentialAction\":[{\"@type\":\"SearchAction\",\"target\":{\"@type\":\"EntryPoint\",\"urlTemplate\":\"https:\/\/uet.edu.al\/en\/?s={search_term_string}\"},\"query-input\":{\"@type\":\"PropertyValueSpecification\",\"valueRequired\":true,\"valueName\":\"search_term_string\"}}],\"inLanguage\":\"en-US\"},{\"@type\":\"Organization\",\"@id\":\"https:\/\/uet.edu.al\/en\/#organization\",\"name\":\"Universiteti Europian i Tiranes\",\"url\":\"https:\/\/uet.edu.al\/en\/\",\"logo\":{\"@type\":\"ImageObject\",\"inLanguage\":\"en-US\",\"@id\":\"https:\/\/uet.edu.al\/en\/#\/schema\/logo\/image\/\",\"url\":\"https:\/\/uet.edu.al\/wp-content\/uploads\/2022\/12\/Logo-pa-adrese.png\",\"contentUrl\":\"https:\/\/uet.edu.al\/wp-content\/uploads\/2022\/12\/Logo-pa-adrese.png\",\"width\":1418,\"height\":696,\"caption\":\"Universiteti Europian i Tiranes\"},\"image\":{\"@id\":\"https:\/\/uet.edu.al\/en\/#\/schema\/logo\/image\/\"},\"sameAs\":[\"https:\/\/www.facebook.com\/UniversitetiEuropianiTiranes\/\"]},{\"@type\":\"Person\",\"@id\":\"https:\/\/uet.edu.al\/en\/#\/schema\/person\/e0882bc49cd4b35d1e23bc03de52a227\",\"name\":\"admin\",\"sameAs\":[\"https:\/\/uet.edu.al\"],\"url\":\"https:\/\/uet.edu.al\/en\/author\/admin\/\"}]}<\/script>\n<!-- \/ Yoast SEO plugin. -->","yoast_head_json":{"title":"Projekti e-Viva\/ UET shp\u00ebrndan \u2018pasaporta\u2019 p\u00ebr tregun e pun\u00ebs - UET","robots":{"index":"index","follow":"follow","max-snippet":"max-snippet:-1","max-image-preview":"max-image-preview:large","max-video-preview":"max-video-preview:-1"},"canonical":"https:\/\/uet.edu.al\/en\/projekti-e-viva-uet-shperndan-pasaporta-per-tregun-e-punes\/","og_locale":"en_US","og_type":"article","og_title":"Projekti e-Viva\/ UET shp\u00ebrndan \u2018pasaporta\u2019 p\u00ebr tregun e pun\u00ebs - UET","og_description":"Universiteti Europiane i Tiran\u00ebs ka zhvilluar ceremonin\u00eb e dh\u00ebnies s\u00eb certifikatave \u201cKompetenca e lidhur me sh\u00ebrbimin\u201d n\u00eb kuad\u00ebr t\u00eb projektit e-VIVA. Ky projekt i financuar nga Bashkimi Europian, ka hyr\u00eb n\u00eb vitin e tret\u00eb t\u00eb zhvillimit, nd\u00ebrsa UET drejton mes &hellip;","og_url":"https:\/\/uet.edu.al\/en\/projekti-e-viva-uet-shperndan-pasaporta-per-tregun-e-punes\/","og_site_name":"UET","article_publisher":"https:\/\/www.facebook.com\/UniversitetiEuropianiTiranes\/","article_published_time":"2021-05-17T08:39:14+00:00","og_image":[{"width":770,"height":433,"url":"https:\/\/uet.edu.al\/wp-content\/uploads\/2021\/05\/14aa49e9-15bd-4f73-b145-892149847447-770x433-1.jpg","type":"image\/jpeg"}],"author":"admin","twitter_card":"summary_large_image","twitter_misc":{"Written by":"admin","Est. reading time":"5 minutes"},"schema":{"@context":"https:\/\/schema.org","@graph":[{"@type":"Article","@id":"https:\/\/uet.edu.al\/projekti-e-viva-uet-shperndan-pasaporta-per-tregun-e-punes\/#article","isPartOf":{"@id":"https:\/\/uet.edu.al\/projekti-e-viva-uet-shperndan-pasaporta-per-tregun-e-punes\/"},"author":{"name":"admin","@id":"https:\/\/uet.edu.al\/en\/#\/schema\/person\/e0882bc49cd4b35d1e23bc03de52a227"},"headline":"Projekti e-Viva\/ UET shp\u00ebrndan \u2018pasaporta\u2019 p\u00ebr tregun e pun\u00ebs","datePublished":"2021-05-17T08:39:14+00:00","mainEntityOfPage":{"@id":"https:\/\/uet.edu.al\/projekti-e-viva-uet-shperndan-pasaporta-per-tregun-e-punes\/"},"wordCount":1071,"publisher":{"@id":"https:\/\/uet.edu.al\/en\/#organization"},"image":{"@id":"https:\/\/uet.edu.al\/projekti-e-viva-uet-shperndan-pasaporta-per-tregun-e-punes\/#primaryimage"},"thumbnailUrl":"https:\/\/uet.edu.al\/wp-content\/uploads\/2021\/05\/14aa49e9-15bd-4f73-b145-892149847447-770x433-1.jpg","articleSection":["T\u00eb ndryshme"],"inLanguage":"en-US"},{"@type":"WebPage","@id":"https:\/\/uet.edu.al\/projekti-e-viva-uet-shperndan-pasaporta-per-tregun-e-punes\/","url":"https:\/\/uet.edu.al\/projekti-e-viva-uet-shperndan-pasaporta-per-tregun-e-punes\/","name":"Projekti e-Viva\/ UET shp\u00ebrndan \u2018pasaporta\u2019 p\u00ebr tregun e pun\u00ebs - UET","isPartOf":{"@id":"https:\/\/uet.edu.al\/en\/#website"},"primaryImageOfPage":{"@id":"https:\/\/uet.edu.al\/projekti-e-viva-uet-shperndan-pasaporta-per-tregun-e-punes\/#primaryimage"},"image":{"@id":"https:\/\/uet.edu.al\/projekti-e-viva-uet-shperndan-pasaporta-per-tregun-e-punes\/#primaryimage"},"thumbnailUrl":"https:\/\/uet.edu.al\/wp-content\/uploads\/2021\/05\/14aa49e9-15bd-4f73-b145-892149847447-770x433-1.jpg","datePublished":"2021-05-17T08:39:14+00:00","breadcrumb":{"@id":"https:\/\/uet.edu.al\/projekti-e-viva-uet-shperndan-pasaporta-per-tregun-e-punes\/#breadcrumb"},"inLanguage":"en-US","potentialAction":[{"@type":"ReadAction","target":["https:\/\/uet.edu.al\/projekti-e-viva-uet-shperndan-pasaporta-per-tregun-e-punes\/"]}]},{"@type":"ImageObject","inLanguage":"en-US","@id":"https:\/\/uet.edu.al\/projekti-e-viva-uet-shperndan-pasaporta-per-tregun-e-punes\/#primaryimage","url":"https:\/\/uet.edu.al\/wp-content\/uploads\/2021\/05\/14aa49e9-15bd-4f73-b145-892149847447-770x433-1.jpg","contentUrl":"https:\/\/uet.edu.al\/wp-content\/uploads\/2021\/05\/14aa49e9-15bd-4f73-b145-892149847447-770x433-1.jpg","width":770,"height":433},{"@type":"BreadcrumbList","@id":"https:\/\/uet.edu.al\/projekti-e-viva-uet-shperndan-pasaporta-per-tregun-e-punes\/#breadcrumb","itemListElement":[{"@type":"ListItem","position":1,"name":"Home","item":"https:\/\/uet.edu.al\/"},{"@type":"ListItem","position":2,"name":"Projekti e-Viva\/ UET shp\u00ebrndan \u2018pasaporta\u2019 p\u00ebr tregun e pun\u00ebs"}]},{"@type":"WebSite","@id":"https:\/\/uet.edu.al\/en\/#website","url":"https:\/\/uet.edu.al\/en\/","name":"UET","description":"Universiteti Europian i Tiran\u00ebs","publisher":{"@id":"https:\/\/uet.edu.al\/en\/#organization"},"potentialAction":[{"@type":"SearchAction","target":{"@type":"EntryPoint","urlTemplate":"https:\/\/uet.edu.al\/en\/?s={search_term_string}"},"query-input":{"@type":"PropertyValueSpecification","valueRequired":true,"valueName":"search_term_string"}}],"inLanguage":"en-US"},{"@type":"Organization","@id":"https:\/\/uet.edu.al\/en\/#organization","name":"Universiteti Europian i Tiranes","url":"https:\/\/uet.edu.al\/en\/","logo":{"@type":"ImageObject","inLanguage":"en-US","@id":"https:\/\/uet.edu.al\/en\/#\/schema\/logo\/image\/","url":"https:\/\/uet.edu.al\/wp-content\/uploads\/2022\/12\/Logo-pa-adrese.png","contentUrl":"https:\/\/uet.edu.al\/wp-content\/uploads\/2022\/12\/Logo-pa-adrese.png","width":1418,"height":696,"caption":"Universiteti Europian i Tiranes"},"image":{"@id":"https:\/\/uet.edu.al\/en\/#\/schema\/logo\/image\/"},"sameAs":["https:\/\/www.facebook.com\/UniversitetiEuropianiTiranes\/"]},{"@type":"Person","@id":"https:\/\/uet.edu.al\/en\/#\/schema\/person\/e0882bc49cd4b35d1e23bc03de52a227","name":"admin","sameAs":["https:\/\/uet.edu.al"],"url":"https:\/\/uet.edu.al\/en\/author\/admin\/"}]}},"_links":{"self":[{"href":"https:\/\/uet.edu.al\/en\/wp-json\/wp\/v2\/posts\/7099","targetHints":{"allow":["GET"]}}],"collection":[{"href":"https:\/\/uet.edu.al\/en\/wp-json\/wp\/v2\/posts"}],"about":[{"href":"https:\/\/uet.edu.al\/en\/wp-json\/wp\/v2\/types\/post"}],"author":[{"embeddable":true,"href":"https:\/\/uet.edu.al\/en\/wp-json\/wp\/v2\/users\/1"}],"replies":[{"embeddable":true,"href":"https:\/\/uet.edu.al\/en\/wp-json\/wp\/v2\/comments?post=7099"}],"version-history":[{"count":0,"href":"https:\/\/uet.edu.al\/en\/wp-json\/wp\/v2\/posts\/7099\/revisions"}],"wp:featuredmedia":[{"embeddable":true,"href":"https:\/\/uet.edu.al\/en\/wp-json\/wp\/v2\/media\/7100"}],"wp:attachment":[{"href":"https:\/\/uet.edu.al\/en\/wp-json\/wp\/v2\/media?parent=7099"}],"wp:term":[{"taxonomy":"category","embeddable":true,"href":"https:\/\/uet.edu.al\/en\/wp-json\/wp\/v2\/categories?post=7099"},{"taxonomy":"post_tag","embeddable":true,"href":"https:\/\/uet.edu.al\/en\/wp-json\/wp\/v2\/tags?post=7099"}],"curies":[{"name":"wp","href":"https:\/\/api.w.org\/{rel}","templated":true}]}}