{"id":4239,"date":"2019-04-09T12:59:55","date_gmt":"2019-04-09T12:59:55","guid":{"rendered":"https:\/\/uet.edu.al\/?p=4239"},"modified":"2023-08-12T21:45:49","modified_gmt":"2023-08-12T21:45:49","slug":"java-nderkombetare-europa-ne-auditoret-e-uet","status":"publish","type":"post","link":"https:\/\/uet.edu.al\/en\/java-nderkombetare-europa-ne-auditoret-e-uet\/","title":{"rendered":"[:en]\u201cJava Nd\u00ebrkomb\u00ebtare\u201d, Europa n\u00eb auditor\u00ebt e UET[:]"},"content":{"rendered":"<p>[:en]<\/p>\n<h1 class=\"single_article__title\">\u201cJava Nd\u00ebrkomb\u00ebtare\u201d, Europa n\u00eb auditor\u00ebt e UET<\/h1>\n<div class=\"block_section single_article__content\">\n<div class=\"content_right\">\n<p><em>K\u00ebt\u00eb jav\u00eb n\u00eb UET, organizohet \u201cJava Nd\u00ebrkomb\u00ebtare\u201d, gjat\u00eb s\u00eb cil\u00ebs zhvillohen nj\u00eb s\u00ebr\u00eb aktivitetesh n\u00eb kuadrin e nd\u00ebrkomb\u00ebtarizimit, t\u00eb tilla si sesione kulturore, prezantime, leksione t\u00eb hapura etj.<\/em><\/p>\n<p>Universiteti Europian i Tiran\u00ebs e ka pasur gjithnj\u00eb prioritet nd\u00ebrkomb\u00ebtarizimin. N\u00eb k\u00ebt\u00eb kuad\u00ebr i kushtohet nj\u00eb v\u00ebmendje e ve\u00e7ant\u00eb \u00e7do aspekti t\u00eb tij, duke filluar q\u00eb nga programet e studimit, proceset akademike dhe zhvillimi i stafit apo k\u00ebrkimit shkencor, p\u00ebrmes mund\u00ebsive q\u00eb ofron nd\u00ebrkomb\u00ebtarizimi.<\/p>\n<div align=\"center\"><\/div>\n<p>N\u00eb m\u00ebnyr\u00eb t\u00eb p\u00ebrvitshme tashm\u00eb UET sjell \u201cJav\u00ebn Nd\u00ebrkomb\u00ebtare\u201d duke b\u00ebr\u00eb pjes\u00eb t\u00eb auditor\u00ebve t\u00eb tij akademik\u00eb dhe k\u00ebrkues shkencor\u00eb nga universitetet m\u00eb t\u00eb mira per\u00ebndimore, si dhe p\u00ebrfaq\u00ebsues t\u00eb strukturave q\u00eb kan\u00eb t\u00eb b\u00ebjn\u00eb me nd\u00ebrkomb\u00ebtarizimin e arsimit t\u00eb lart\u00eb.<br \/>\nDrejtoresh\u00eb e Zyr\u00ebs s\u00eb Projekteve dhe Partneriteteve n\u00eb UET, Dr. Ketrina \u00c7abiri Mijo, tregon mbi k\u00ebt\u00eb organizim.<\/p>\n<p>\u201c\u2018Java Nd\u00ebrkomb\u00ebtare\u2019 \u00ebsht\u00eb nj\u00eb praktik\u00eb e njohur n\u00eb universitetet europiane dhe Universiteti Europian i Tiran\u00ebs e zhvillon at\u00eb q\u00eb prej vitit 2017. Ky edicion i tret\u00eb karakterizohet nga nj\u00eb jav\u00eb plot evente, gjat\u00eb t\u00eb cilave p\u00ebrfaq\u00ebsues t\u00eb universiteteve t\u00eb huaja do t\u00eb jen\u00eb t\u00eb pranish\u00ebm, ashtu si\u00e7 pjes\u00ebmarrja do t\u00eb jet\u00eb e hapur dhe p\u00ebr universitetet e tjera vendase. K\u00ebt\u00eb vit UET mir\u00ebpret 20 institucione t\u00eb arsimit t\u00eb lart\u00eb nga rajoni dhe Europa, si edhe p\u00ebrfaq\u00ebsues t\u00eb DAAD dhe British Council n\u00eb Shqip\u00ebri\u201d, tregon Mijo.<br \/>\nP\u00ebrgjat\u00eb k\u00ebsaj jave zhvillohen nj\u00eb s\u00ebr\u00eb aktivitetesh t\u00eb tilla si sesione kulturore, prezantime dhe leksione t\u00eb hapura etj.<\/p>\n<p><strong>Axhenda e Jav\u00ebs Nd\u00ebrkomb\u00ebtare UET<\/strong><\/p>\n<p><strong>Tuesday, 9 April<\/strong><\/p>\n<ul>\n<li>15:30, Opening Ceremony Erasmus + International Days, Aula Magna, UET<\/li>\n<li>17:30, Networking Reception<\/li>\n<\/ul>\n<p><strong>Wednesday, 10 April<\/strong><\/p>\n<ul>\n<li>10:00-13:00 International Fair for Cooperation, Main Hall A Building, UET<\/li>\n<\/ul>\n<p><strong>Thursday, 11 April<\/strong><\/p>\n<ul>\n<li>10:00, Field Visit to Kruja, \u201cGetting to know Albania\u201d<\/li>\n<li>14:00-15:00 Fake news in Albania, Lecture by Lutfi Dervishi, Concilium UET<\/li>\n<\/ul>\n<p>*project of the Embassy of Italy to Albania<\/p>\n<p><strong>Friday, 12 April<\/strong><\/p>\n<ul>\n<li>09:30-11:00 Rebus Info Day, InnoLab, UET<\/li>\n<li>11:00-16:00 Rebus Erasmus+ CBHE, Steering Commitee<\/li>\n<\/ul>\n<ul>\n<li>12:00, Erasmus+ Staff for Training Meeting with Lutjona Lula. Erasmus+ ICM Ongoing Projects, Concilium<\/li>\n<li>ASD 2019 Plenary Session, 17;30, Aula Magna<\/li>\n<\/ul>\n<p><strong>Saturday, 13 April<\/strong><\/p>\n<ul>\n<li>09:30-16:00, Parallel Sessions of ASD 2019 Conference<\/li>\n<\/ul>\n<\/div>\n<\/div>\n<p>[:]<\/p>","protected":false},"excerpt":{"rendered":"<p>[:en] \u201cJava Nd\u00ebrkomb\u00ebtare\u201d, Europa n\u00eb auditor\u00ebt e UET K\u00ebt\u00eb jav\u00eb n\u00eb UET, organizohet \u201cJava Nd\u00ebrkomb\u00ebtare\u201d, gjat\u00eb s\u00eb cil\u00ebs zhvillohen nj\u00eb s\u00ebr\u00eb aktivitetesh n\u00eb kuadrin e nd\u00ebrkomb\u00ebtarizimit, t\u00eb tilla si sesione kulturore, prezantime, leksione t\u00eb hapura etj. Universiteti Europian i Tiran\u00ebs &hellip; <\/p>","protected":false},"author":1,"featured_media":4240,"comment_status":"closed","ping_status":"closed","sticky":false,"template":"","format":"standard","meta":{"footnotes":""},"categories":[59],"tags":[],"class_list":["post-4239","post","type-post","status-publish","format-standard","has-post-thumbnail","hentry","category-activities"],"yoast_head":"<!-- This site is optimized with the Yoast SEO plugin v26.9 - https:\/\/yoast.com\/product\/yoast-seo-wordpress\/ -->\n<title>[:en]\u201cJava Nd\u00ebrkomb\u00ebtare\u201d, Europa n\u00eb auditor\u00ebt e UET[:] - UET<\/title>\n<meta name=\"robots\" content=\"index, follow, max-snippet:-1, max-image-preview:large, max-video-preview:-1\" \/>\n<link rel=\"canonical\" href=\"https:\/\/uet.edu.al\/en\/java-nderkombetare-europa-ne-auditoret-e-uet\/\" \/>\n<meta property=\"og:locale\" content=\"en_US\" \/>\n<meta property=\"og:type\" content=\"article\" \/>\n<meta property=\"og:title\" content=\"[:en]\u201cJava Nd\u00ebrkomb\u00ebtare\u201d, Europa n\u00eb auditor\u00ebt e UET[:] - UET\" \/>\n<meta property=\"og:description\" content=\"[:en] \u201cJava Nd\u00ebrkomb\u00ebtare\u201d, Europa n\u00eb auditor\u00ebt e UET K\u00ebt\u00eb jav\u00eb n\u00eb UET, organizohet \u201cJava Nd\u00ebrkomb\u00ebtare\u201d, gjat\u00eb s\u00eb cil\u00ebs zhvillohen nj\u00eb s\u00ebr\u00eb aktivitetesh n\u00eb kuadrin e nd\u00ebrkomb\u00ebtarizimit, t\u00eb tilla si sesione kulturore, prezantime, leksione t\u00eb hapura etj. Universiteti Europian i Tiran\u00ebs &hellip;\" \/>\n<meta property=\"og:url\" content=\"https:\/\/uet.edu.al\/en\/java-nderkombetare-europa-ne-auditoret-e-uet\/\" \/>\n<meta property=\"og:site_name\" content=\"UET\" \/>\n<meta property=\"article:publisher\" content=\"https:\/\/www.facebook.com\/UniversitetiEuropianiTiranes\/\" \/>\n<meta property=\"article:published_time\" content=\"2019-04-09T12:59:55+00:00\" \/>\n<meta property=\"article:modified_time\" content=\"2023-08-12T21:45:49+00:00\" \/>\n<meta property=\"og:image\" content=\"https:\/\/uet.edu.al\/wp-content\/uploads\/2019\/04\/Foto-Kryesore-Java-770x433-1.jpg\" \/>\n\t<meta property=\"og:image:width\" content=\"770\" \/>\n\t<meta property=\"og:image:height\" content=\"433\" \/>\n\t<meta property=\"og:image:type\" content=\"image\/jpeg\" \/>\n<meta name=\"author\" content=\"admin\" \/>\n<meta name=\"twitter:card\" content=\"summary_large_image\" \/>\n<meta name=\"twitter:label1\" content=\"Written by\" \/>\n\t<meta name=\"twitter:data1\" content=\"admin\" \/>\n\t<meta name=\"twitter:label2\" content=\"Est. reading time\" \/>\n\t<meta name=\"twitter:data2\" content=\"2 minutes\" \/>\n<script type=\"application\/ld+json\" class=\"yoast-schema-graph\">{\"@context\":\"https:\/\/schema.org\",\"@graph\":[{\"@type\":\"Article\",\"@id\":\"https:\/\/uet.edu.al\/java-nderkombetare-europa-ne-auditoret-e-uet\/#article\",\"isPartOf\":{\"@id\":\"https:\/\/uet.edu.al\/java-nderkombetare-europa-ne-auditoret-e-uet\/\"},\"author\":{\"name\":\"admin\",\"@id\":\"https:\/\/uet.edu.al\/en\/#\/schema\/person\/e0882bc49cd4b35d1e23bc03de52a227\"},\"headline\":\"[:en]\u201cJava Nd\u00ebrkomb\u00ebtare\u201d, Europa n\u00eb auditor\u00ebt e UET[:]\",\"datePublished\":\"2019-04-09T12:59:55+00:00\",\"dateModified\":\"2023-08-12T21:45:49+00:00\",\"mainEntityOfPage\":{\"@id\":\"https:\/\/uet.edu.al\/java-nderkombetare-europa-ne-auditoret-e-uet\/\"},\"wordCount\":405,\"publisher\":{\"@id\":\"https:\/\/uet.edu.al\/en\/#organization\"},\"image\":{\"@id\":\"https:\/\/uet.edu.al\/java-nderkombetare-europa-ne-auditoret-e-uet\/#primaryimage\"},\"thumbnailUrl\":\"https:\/\/uet.edu.al\/wp-content\/uploads\/2019\/04\/Foto-Kryesore-Java-770x433-1.jpg\",\"articleSection\":[\"Aktivitete\"],\"inLanguage\":\"en-US\"},{\"@type\":\"WebPage\",\"@id\":\"https:\/\/uet.edu.al\/java-nderkombetare-europa-ne-auditoret-e-uet\/\",\"url\":\"https:\/\/uet.edu.al\/java-nderkombetare-europa-ne-auditoret-e-uet\/\",\"name\":\"[:en]\u201cJava Nd\u00ebrkomb\u00ebtare\u201d, Europa n\u00eb auditor\u00ebt e UET[:] - UET\",\"isPartOf\":{\"@id\":\"https:\/\/uet.edu.al\/en\/#website\"},\"primaryImageOfPage\":{\"@id\":\"https:\/\/uet.edu.al\/java-nderkombetare-europa-ne-auditoret-e-uet\/#primaryimage\"},\"image\":{\"@id\":\"https:\/\/uet.edu.al\/java-nderkombetare-europa-ne-auditoret-e-uet\/#primaryimage\"},\"thumbnailUrl\":\"https:\/\/uet.edu.al\/wp-content\/uploads\/2019\/04\/Foto-Kryesore-Java-770x433-1.jpg\",\"datePublished\":\"2019-04-09T12:59:55+00:00\",\"dateModified\":\"2023-08-12T21:45:49+00:00\",\"breadcrumb\":{\"@id\":\"https:\/\/uet.edu.al\/java-nderkombetare-europa-ne-auditoret-e-uet\/#breadcrumb\"},\"inLanguage\":\"en-US\",\"potentialAction\":[{\"@type\":\"ReadAction\",\"target\":[\"https:\/\/uet.edu.al\/java-nderkombetare-europa-ne-auditoret-e-uet\/\"]}]},{\"@type\":\"ImageObject\",\"inLanguage\":\"en-US\",\"@id\":\"https:\/\/uet.edu.al\/java-nderkombetare-europa-ne-auditoret-e-uet\/#primaryimage\",\"url\":\"https:\/\/uet.edu.al\/wp-content\/uploads\/2019\/04\/Foto-Kryesore-Java-770x433-1.jpg\",\"contentUrl\":\"https:\/\/uet.edu.al\/wp-content\/uploads\/2019\/04\/Foto-Kryesore-Java-770x433-1.jpg\",\"width\":770,\"height\":433},{\"@type\":\"BreadcrumbList\",\"@id\":\"https:\/\/uet.edu.al\/java-nderkombetare-europa-ne-auditoret-e-uet\/#breadcrumb\",\"itemListElement\":[{\"@type\":\"ListItem\",\"position\":1,\"name\":\"Home\",\"item\":\"https:\/\/uet.edu.al\/\"},{\"@type\":\"ListItem\",\"position\":2,\"name\":\"[:en]\u201cJava Nd\u00ebrkomb\u00ebtare\u201d, Europa n\u00eb auditor\u00ebt e UET[:]\"}]},{\"@type\":\"WebSite\",\"@id\":\"https:\/\/uet.edu.al\/en\/#website\",\"url\":\"https:\/\/uet.edu.al\/en\/\",\"name\":\"UET\",\"description\":\"Universiteti Europian i Tiran\u00ebs\",\"publisher\":{\"@id\":\"https:\/\/uet.edu.al\/en\/#organization\"},\"potentialAction\":[{\"@type\":\"SearchAction\",\"target\":{\"@type\":\"EntryPoint\",\"urlTemplate\":\"https:\/\/uet.edu.al\/en\/?s={search_term_string}\"},\"query-input\":{\"@type\":\"PropertyValueSpecification\",\"valueRequired\":true,\"valueName\":\"search_term_string\"}}],\"inLanguage\":\"en-US\"},{\"@type\":\"Organization\",\"@id\":\"https:\/\/uet.edu.al\/en\/#organization\",\"name\":\"Universiteti Europian i Tiranes\",\"url\":\"https:\/\/uet.edu.al\/en\/\",\"logo\":{\"@type\":\"ImageObject\",\"inLanguage\":\"en-US\",\"@id\":\"https:\/\/uet.edu.al\/en\/#\/schema\/logo\/image\/\",\"url\":\"https:\/\/uet.edu.al\/wp-content\/uploads\/2022\/12\/Logo-pa-adrese.png\",\"contentUrl\":\"https:\/\/uet.edu.al\/wp-content\/uploads\/2022\/12\/Logo-pa-adrese.png\",\"width\":1418,\"height\":696,\"caption\":\"Universiteti Europian i Tiranes\"},\"image\":{\"@id\":\"https:\/\/uet.edu.al\/en\/#\/schema\/logo\/image\/\"},\"sameAs\":[\"https:\/\/www.facebook.com\/UniversitetiEuropianiTiranes\/\"]},{\"@type\":\"Person\",\"@id\":\"https:\/\/uet.edu.al\/en\/#\/schema\/person\/e0882bc49cd4b35d1e23bc03de52a227\",\"name\":\"admin\",\"sameAs\":[\"https:\/\/uet.edu.al\"],\"url\":\"https:\/\/uet.edu.al\/en\/author\/admin\/\"}]}<\/script>\n<!-- \/ Yoast SEO plugin. -->","yoast_head_json":{"title":"[:en]\u201cJava Nd\u00ebrkomb\u00ebtare\u201d, Europa n\u00eb auditor\u00ebt e UET[:] - UET","robots":{"index":"index","follow":"follow","max-snippet":"max-snippet:-1","max-image-preview":"max-image-preview:large","max-video-preview":"max-video-preview:-1"},"canonical":"https:\/\/uet.edu.al\/en\/java-nderkombetare-europa-ne-auditoret-e-uet\/","og_locale":"en_US","og_type":"article","og_title":"[:en]\u201cJava Nd\u00ebrkomb\u00ebtare\u201d, Europa n\u00eb auditor\u00ebt e UET[:] - UET","og_description":"[:en] \u201cJava Nd\u00ebrkomb\u00ebtare\u201d, Europa n\u00eb auditor\u00ebt e UET K\u00ebt\u00eb jav\u00eb n\u00eb UET, organizohet \u201cJava Nd\u00ebrkomb\u00ebtare\u201d, gjat\u00eb s\u00eb cil\u00ebs zhvillohen nj\u00eb s\u00ebr\u00eb aktivitetesh n\u00eb kuadrin e nd\u00ebrkomb\u00ebtarizimit, t\u00eb tilla si sesione kulturore, prezantime, leksione t\u00eb hapura etj. Universiteti Europian i Tiran\u00ebs &hellip;","og_url":"https:\/\/uet.edu.al\/en\/java-nderkombetare-europa-ne-auditoret-e-uet\/","og_site_name":"UET","article_publisher":"https:\/\/www.facebook.com\/UniversitetiEuropianiTiranes\/","article_published_time":"2019-04-09T12:59:55+00:00","article_modified_time":"2023-08-12T21:45:49+00:00","og_image":[{"width":770,"height":433,"url":"https:\/\/uet.edu.al\/wp-content\/uploads\/2019\/04\/Foto-Kryesore-Java-770x433-1.jpg","type":"image\/jpeg"}],"author":"admin","twitter_card":"summary_large_image","twitter_misc":{"Written by":"admin","Est. reading time":"2 minutes"},"schema":{"@context":"https:\/\/schema.org","@graph":[{"@type":"Article","@id":"https:\/\/uet.edu.al\/java-nderkombetare-europa-ne-auditoret-e-uet\/#article","isPartOf":{"@id":"https:\/\/uet.edu.al\/java-nderkombetare-europa-ne-auditoret-e-uet\/"},"author":{"name":"admin","@id":"https:\/\/uet.edu.al\/en\/#\/schema\/person\/e0882bc49cd4b35d1e23bc03de52a227"},"headline":"[:en]\u201cJava Nd\u00ebrkomb\u00ebtare\u201d, Europa n\u00eb auditor\u00ebt e UET[:]","datePublished":"2019-04-09T12:59:55+00:00","dateModified":"2023-08-12T21:45:49+00:00","mainEntityOfPage":{"@id":"https:\/\/uet.edu.al\/java-nderkombetare-europa-ne-auditoret-e-uet\/"},"wordCount":405,"publisher":{"@id":"https:\/\/uet.edu.al\/en\/#organization"},"image":{"@id":"https:\/\/uet.edu.al\/java-nderkombetare-europa-ne-auditoret-e-uet\/#primaryimage"},"thumbnailUrl":"https:\/\/uet.edu.al\/wp-content\/uploads\/2019\/04\/Foto-Kryesore-Java-770x433-1.jpg","articleSection":["Aktivitete"],"inLanguage":"en-US"},{"@type":"WebPage","@id":"https:\/\/uet.edu.al\/java-nderkombetare-europa-ne-auditoret-e-uet\/","url":"https:\/\/uet.edu.al\/java-nderkombetare-europa-ne-auditoret-e-uet\/","name":"[:en]\u201cJava Nd\u00ebrkomb\u00ebtare\u201d, Europa n\u00eb auditor\u00ebt e UET[:] - UET","isPartOf":{"@id":"https:\/\/uet.edu.al\/en\/#website"},"primaryImageOfPage":{"@id":"https:\/\/uet.edu.al\/java-nderkombetare-europa-ne-auditoret-e-uet\/#primaryimage"},"image":{"@id":"https:\/\/uet.edu.al\/java-nderkombetare-europa-ne-auditoret-e-uet\/#primaryimage"},"thumbnailUrl":"https:\/\/uet.edu.al\/wp-content\/uploads\/2019\/04\/Foto-Kryesore-Java-770x433-1.jpg","datePublished":"2019-04-09T12:59:55+00:00","dateModified":"2023-08-12T21:45:49+00:00","breadcrumb":{"@id":"https:\/\/uet.edu.al\/java-nderkombetare-europa-ne-auditoret-e-uet\/#breadcrumb"},"inLanguage":"en-US","potentialAction":[{"@type":"ReadAction","target":["https:\/\/uet.edu.al\/java-nderkombetare-europa-ne-auditoret-e-uet\/"]}]},{"@type":"ImageObject","inLanguage":"en-US","@id":"https:\/\/uet.edu.al\/java-nderkombetare-europa-ne-auditoret-e-uet\/#primaryimage","url":"https:\/\/uet.edu.al\/wp-content\/uploads\/2019\/04\/Foto-Kryesore-Java-770x433-1.jpg","contentUrl":"https:\/\/uet.edu.al\/wp-content\/uploads\/2019\/04\/Foto-Kryesore-Java-770x433-1.jpg","width":770,"height":433},{"@type":"BreadcrumbList","@id":"https:\/\/uet.edu.al\/java-nderkombetare-europa-ne-auditoret-e-uet\/#breadcrumb","itemListElement":[{"@type":"ListItem","position":1,"name":"Home","item":"https:\/\/uet.edu.al\/"},{"@type":"ListItem","position":2,"name":"[:en]\u201cJava Nd\u00ebrkomb\u00ebtare\u201d, Europa n\u00eb auditor\u00ebt e UET[:]"}]},{"@type":"WebSite","@id":"https:\/\/uet.edu.al\/en\/#website","url":"https:\/\/uet.edu.al\/en\/","name":"UET","description":"Universiteti Europian i Tiran\u00ebs","publisher":{"@id":"https:\/\/uet.edu.al\/en\/#organization"},"potentialAction":[{"@type":"SearchAction","target":{"@type":"EntryPoint","urlTemplate":"https:\/\/uet.edu.al\/en\/?s={search_term_string}"},"query-input":{"@type":"PropertyValueSpecification","valueRequired":true,"valueName":"search_term_string"}}],"inLanguage":"en-US"},{"@type":"Organization","@id":"https:\/\/uet.edu.al\/en\/#organization","name":"Universiteti Europian i Tiranes","url":"https:\/\/uet.edu.al\/en\/","logo":{"@type":"ImageObject","inLanguage":"en-US","@id":"https:\/\/uet.edu.al\/en\/#\/schema\/logo\/image\/","url":"https:\/\/uet.edu.al\/wp-content\/uploads\/2022\/12\/Logo-pa-adrese.png","contentUrl":"https:\/\/uet.edu.al\/wp-content\/uploads\/2022\/12\/Logo-pa-adrese.png","width":1418,"height":696,"caption":"Universiteti Europian i Tiranes"},"image":{"@id":"https:\/\/uet.edu.al\/en\/#\/schema\/logo\/image\/"},"sameAs":["https:\/\/www.facebook.com\/UniversitetiEuropianiTiranes\/"]},{"@type":"Person","@id":"https:\/\/uet.edu.al\/en\/#\/schema\/person\/e0882bc49cd4b35d1e23bc03de52a227","name":"admin","sameAs":["https:\/\/uet.edu.al"],"url":"https:\/\/uet.edu.al\/en\/author\/admin\/"}]}},"_links":{"self":[{"href":"https:\/\/uet.edu.al\/en\/wp-json\/wp\/v2\/posts\/4239","targetHints":{"allow":["GET"]}}],"collection":[{"href":"https:\/\/uet.edu.al\/en\/wp-json\/wp\/v2\/posts"}],"about":[{"href":"https:\/\/uet.edu.al\/en\/wp-json\/wp\/v2\/types\/post"}],"author":[{"embeddable":true,"href":"https:\/\/uet.edu.al\/en\/wp-json\/wp\/v2\/users\/1"}],"replies":[{"embeddable":true,"href":"https:\/\/uet.edu.al\/en\/wp-json\/wp\/v2\/comments?post=4239"}],"version-history":[{"count":1,"href":"https:\/\/uet.edu.al\/en\/wp-json\/wp\/v2\/posts\/4239\/revisions"}],"predecessor-version":[{"id":15195,"href":"https:\/\/uet.edu.al\/en\/wp-json\/wp\/v2\/posts\/4239\/revisions\/15195"}],"wp:featuredmedia":[{"embeddable":true,"href":"https:\/\/uet.edu.al\/en\/wp-json\/wp\/v2\/media\/4240"}],"wp:attachment":[{"href":"https:\/\/uet.edu.al\/en\/wp-json\/wp\/v2\/media?parent=4239"}],"wp:term":[{"taxonomy":"category","embeddable":true,"href":"https:\/\/uet.edu.al\/en\/wp-json\/wp\/v2\/categories?post=4239"},{"taxonomy":"post_tag","embeddable":true,"href":"https:\/\/uet.edu.al\/en\/wp-json\/wp\/v2\/tags?post=4239"}],"curies":[{"name":"wp","href":"https:\/\/api.w.org\/{rel}","templated":true}]}}