{"id":3231,"date":"2018-12-03T11:03:14","date_gmt":"2018-12-03T11:03:14","guid":{"rendered":"https:\/\/uet.edu.al\/?p=3231"},"modified":"2022-02-23T11:57:29","modified_gmt":"2022-02-23T11:57:29","slug":"ja-11-aktivitetet-rinore-te-institutit-europian-pashko-ne-bashkepunim-me-uet","status":"publish","type":"post","link":"https:\/\/uet.edu.al\/en\/ja-11-aktivitetet-rinore-te-institutit-europian-pashko-ne-bashkepunim-me-uet\/","title":{"rendered":"Ja 11 aktivitetet rinore t\u00eb Institutit Europian Pashko n\u00eb bashk\u00ebpunim me UET"},"content":{"rendered":"<header class=\"entry-header clearfix\">\n<h1 class=\"entry-title\">Ja 11 aktivitetet rinore t\u00eb Institutit Europian Pashko n\u00eb bashk\u00ebpunim me UET<\/h1>\n<\/header>\n<div class=\"entry-content\">\n<div class=\"e-mailit_top_toolbox\">\n<div class=\"e-mailit_toolbox square size32\" data-emailit-url=\"http:\/\/www.mapo.al\/ja-11-aktivitetet-rinore-te-institutit-europian-pashko-ne-bashkepunim-me-uet\/\" data-emailit-title=\"Ja 11 aktivitetet rinore t\u00eb Institutit Europian Pashko n\u00eb bashk\u00ebpunim me UET\"><\/div>\n<\/div>\n<p><em>Instituti Europian Pashko n\u00eb bashk\u00ebpunim me Universitetin Europian t\u00eb Tiran\u00ebs organizojn\u00eb 11 aktivitete rinore t\u00eb shtrira p\u00ebrgjat\u00eb harkut kohor t\u00eb nj\u00eb viti. Kjo vjen n\u00eb kuadrin e programit p\u00ebr zhvillimin dhe impaktin social q\u00eb IEP e ka si nj\u00eb nga politikat e saj kryesore.<br \/>\n<\/em><br \/>\nRealitetet komplekse n\u00eb t\u00eb cilat jeton sot shoq\u00ebria jon\u00eb, ku forcat e globalizmit dhe ndryshimeve teknologjike po transformojn\u00eb rr\u00ebnj\u00ebsisht vet\u00eb natyr\u00ebn e qytet\u00ebrimit, k\u00ebrkojn\u00eb nj\u00eb qasje inovative n\u00eb lidhjen e k\u00ebrkimit shkencor me edukimin dhe promovimin e nj\u00eb debati publik t\u00eb mirinformuar, t\u00eb paansh\u00ebm dhe n\u00eb interesin m\u00eb t\u00eb mir\u00eb t\u00eb publikut dhe interesave afatgjat\u00eb t\u00eb vendit. N\u00eb k\u00ebt\u00eb frym\u00eb, Instituti Europian Pashko n\u00eb bashk\u00ebpunim me Universitetin Europian t\u00eb Tiran\u00ebs, japin kontributin e tyre, me an\u00eb t\u00eb zhvillimit t\u00eb 11 aktiviteteve rinore (youth activities) p\u00ebrgjat\u00eb harkut kohor t\u00eb nj\u00eb viti. Kjo vjen n\u00eb kuadrin e programit p\u00ebr zhvillimin dhe impaktin social q\u00eb IEP e ka si nj\u00eb nga politikat e saj kryesore.<br \/>\nInstituti Europian Pashko \u00ebsht\u00eb nj\u00eb organizat\u00eb jofitimprur\u00ebse themeluar nga EEI\/ Iniciativa Europiane P\u00ebr Edukim, si agregim i m\u00eb shum\u00eb se 10 viteve veprimtari n\u00eb mb\u00ebshtetje t\u00eb liris\u00eb ekonomike, inovacionit, liris\u00eb s\u00eb shtypit, botimeve dhe debatit, t\u00eb ideve, kreativitetit dhe t\u00eb trash\u00ebgimis\u00eb kulturore. IEP udh\u00ebhiqet nga vlerat e aksionit afirmativ, europianizimit t\u00eb shoq\u00ebris\u00eb shqiptare, reformizmit, liberalizmit ekonomik dhe politik, p\u00ebr nder t\u00eb ideve t\u00eb profesor Gramoz Pashkos, emrin e t\u00eb cilit mban ky institut. Nga ana tjet\u00ebr, Universiteti Europian i Tiran\u00ebs ka m\u00eb tep\u00ebr se nj\u00eb dekad\u00eb q\u00eb investon n\u00eb fush\u00ebn e edukimit cil\u00ebsor dhe k\u00ebt\u00eb vit akademik sjell n\u00eb ofert\u00ebn e tij akademike nj\u00eb gam\u00eb m\u00eb t\u00eb gjer\u00eb zgjedhjesh, me tri fakultete t\u00eb ristrukturuara, si dhe dy fakultete krejt\u00ebsisht t\u00eb reja: Fakulteti i Inxhinieris\u00eb, Informatik\u00ebs dhe Arkitektur\u00ebs, si dhe Fakulteti i Shkencave Mjek\u00ebsore Teknike. Secilit prej pes\u00eb fakulteteve i p\u00ebrgjigjet respektivisht t\u00eb pakt\u00ebn nj\u00eb aktivitet rinor, nga 11 n\u00eb total q\u00eb organizon IEP dhe UET.<\/p>\n<p><strong>Anuar\u00ebt e Filozofis\u00eb<br \/>\n<\/strong>N\u00eb jav\u00ebn e par\u00eb t\u00eb janarit organizohet \u201cAnuar\u00ebt e Filozofis\u00eb\u201d. Departamenti i Shkencave Humane dhe Komunikimit n\u00eb UET, n\u00eb bashk\u00ebpunim me klubin e filozofis\u00eb \u201cRussell\u201d organizon \u00e7do vit konferenc\u00ebn shkencore \u201cAnuar\u00ebt e Filozofis\u00eb\u201d, me pjes\u00ebmarrjen e pedagog\u00ebve, student\u00ebve, maturant\u00ebve, studiuesve t\u00eb filozofis\u00eb, gazetar\u00ebve, politikan\u00ebve,\u00a0<em>think tank<\/em>-ve etj. Universiteti Europian i Tiran\u00ebs ka disa vite q\u00eb po udh\u00ebheq n\u00eb nivel komb\u00ebtar e nd\u00ebrkurrikular promovimin e Filozofis\u00eb, me aktivitete shkencore, botime, sensibilizime, nd\u00ebrgjegj\u00ebsime, p\u00ebr t\u2019i treguar shoq\u00ebris\u00eb se sa me vler\u00eb \u00ebsht\u00eb p\u00ebr nj\u00eb komb t\u00eb zhvillohet dija filozofike. \u201cAnuar\u00ebt e Filozofis\u00eb\u201d \u00ebsht\u00eb kthyer n\u00eb tradit\u00eb dhe prej vitesh zhvillohet n\u00eb Llogara dhe b\u00ebn bashk\u00eb student\u00eb, doktorant\u00eb, pedagog\u00eb, studiues por dhe dashamir\u00ebs e kontribuues n\u00eb fush\u00ebn e filozofis\u00eb t\u00eb cil\u00ebt kan\u00eb mund\u00ebsin\u00eb q\u00eb t\u00eb debatojn\u00eb dhe t\u00eb diskutojn\u00eb mbi tem\u00ebn e p\u00ebrcaktuar duke shpalosur edhe pik\u00ebpamjet dhe q\u00ebndrimet e tyre.<\/p>\n<div align=\"center\">\n<div class=\"desktop\" align=\"center\"><\/div>\n<p><ins data-revive-zoneid=\"94\" data-revive-id=\"204d45472ddd82270d56fe6a29757ad8\"><\/ins><\/div>\n<p><strong>Winter School of Innovation<br \/>\n<\/strong>Nd\u00ebrkoh\u00eb muaji shkurt i p\u00ebrket Shkoll\u00ebs Dim\u00ebrore t\u00eb Inovacionit. Universiteti Europian i Tiran\u00ebs organizon\u00a0shkollat\u00a0sezonale prej vitesh tashm\u00eb duke e kthyer k\u00ebt\u00eb n\u00eb nj\u00eb tradit\u00eb t\u00eb k\u00ebndshme e cila u jep mund\u00ebsin\u00eb maturant\u00ebve nga e gjith\u00eb Shqip\u00ebria t\u00eb p\u00ebrfitojn\u00eb nj\u00eb trajnim kat\u00ebrditor, mbi tematika t\u00eb ndryshme. K\u00ebt\u00eb vit t\u00eb ri Shkolla Dim\u00ebrore \u00ebsht\u00eb menduar t\u00eb vij\u00eb me nj\u00eb organizim risi, n\u00eb kuad\u00ebr t\u00eb hapjes s\u00eb Fakultetit t\u00eb Inxhinieris\u00eb, Informatik\u00ebs dhe Arkitektur\u00ebs. Gjat\u00eb promovimit t\u00eb k\u00ebtij fakulteti u hap konkursi i cili fton t\u00eb rinjt\u00eb e talentuar nga t\u00eb gjitha gjimnazet e vendit t\u00eb sjellin idet\u00eb dhe punimet e tyre n\u00eb fushat p\u00ebrkat\u00ebse t\u00eb inxhinieris\u00eb, arkitektur\u00ebs dhe informatik\u00ebs. N\u00eb p\u00ebrfundim t\u00eb k\u00ebtij konkursi, maturant\u00ebt me idet\u00eb m\u00eb novatore do t\u00eb jen\u00eb fitues t\u00eb \u00c7mimit t\u00eb Inovacionit, i cili u mund\u00ebson atyre pjes\u00ebmarrjen n\u00eb Shkoll\u00ebn Dim\u00ebrore t\u00eb Inovacionit. Ky organizim q\u00eb ka si q\u00ebllim promovimin e t\u00eb rinjve t\u00eb talentuar \u00ebsht\u00eb nj\u00eb mund\u00ebsi shum\u00eb e mir\u00eb p\u00ebr t\u00eb m\u00ebsuar e p\u00ebr t\u2019u arg\u00ebtuar nj\u00ebkoh\u00ebsisht, fal\u00eb aktiviteteve q\u00eb do t\u00eb arg\u00ebtohen por edhe fal\u00eb njohjeve t\u00eb reja dhe socializimit me maturant\u00eb t\u00eb tjer\u00eb q\u00eb vijn\u00eb nga e gjith\u00eb Shqip\u00ebria.<\/p>\n<p><strong>Forumet Universitet-Gjimnaz<br \/>\n<\/strong>Forumi Universitet-Gjimnaz \u00ebsht\u00eb nj\u00eb organizim i p\u00ebrhersh\u00ebm i UET me q\u00ebllim q\u00eb t\u00eb trajtohen \u00e7do vit tematika t\u00eb ndryshme q\u00eb i p\u00ebrgjigjen aktualitetit. Drejtues t\u00eb gjimnazeve nga e gjith\u00eb Shqip\u00ebria b\u00ebhen pjes\u00eb e nj\u00eb diskutimi t\u00eb gjer\u00eb mbi \u00e7\u00ebshtje t\u00eb interesit publik q\u00eb lidhen me organizimin e sistemit arsimor, me administrimin dhe cil\u00ebsin\u00eb e tij. Forumi \u00ebsht\u00eb kthyer tashm\u00eb n\u00eb nj\u00eb tradit\u00eb disavje\u00e7are dhe ka diskutuar m\u00eb par\u00eb tema, si: vler\u00ebsimi i brendsh\u00ebm i gjimnazeve, urdhrin e m\u00ebsuesit dhe Kodin e Etik\u00ebs n\u00eb shkoll\u00eb, k\u00ebshillimin e karrier\u00ebs n\u00ebp\u00ebr gjimnaze, lidershipin e ri n\u00eb arsim, strategjin\u00eb e zhvillimit t\u00eb arsimit parauniversitar 2014-2020, arsimi parauniversitar shqiptar mes pushtetit qendror dhe pushtetit vendor, matur\u00ebn shtet\u00ebrore etj. Aktiviteti zhvillohet gjat\u00eb muajit mars dhe krahas drejtuesve t\u00eb gjimnazeve sjell gjithnj\u00eb t\u00eb ftuar, ekspert\u00eb t\u00eb fush\u00ebs t\u00eb cil\u00ebt japin kontributin e tyre n\u00eb diskutimet e zhvilluara. Bashk\u00ebbisedimi n\u00eb t\u00eb cilin trajtohen problematikat e ndryshme por dhe sugjerimet p\u00ebr zgjidhje finalizohet gjithnj\u00eb n\u00eb nj\u00eb Policy-Paper p\u00ebr Ministrin\u00eb e Arsimit, q\u00eb b\u00ebn propozime konkrete q\u00eb kan\u00eb t\u00eb b\u00ebjn\u00eb me tem\u00ebn e diskutuar.<\/p>\n<p><strong>Forumi i Tiran\u00ebs p\u00ebr Liri Ekonomike<br \/>\n<\/strong>Java e par\u00eb e prillit i takon organizimit t\u00eb Forumit t\u00eb Tiran\u00ebs p\u00ebr Liri Ekonomike i cili ka si q\u00ebllim promovimin e ideve liberale ekonomike. Ky aktivitet \u00ebsht\u00eb shnd\u00ebrruar n\u00eb tradit\u00eb tashm\u00eb, duke mbledhur n\u00eb Tiran\u00eb nj\u00eb num\u00ebr lektor\u00ebsh dhe diskutant\u00ebsh q\u00eb jan\u00eb aktor\u00eb publik\u00eb, politik\u00eb dhe ekonomik\u00eb, mbi element\u00eb apo indikator\u00eb t\u00eb liris\u00eb ekonomike n\u00eb Shqip\u00ebri dhe rajon. Forumi i Tiran\u00ebs p\u00ebr Liri Ekonomike \u00ebsht\u00eb n\u00eb tradit\u00ebn e forumeve periodik\u00eb, q\u00eb organizohen n\u00eb vende t\u00eb ndryshme t\u00eb bot\u00ebs. Aty diskutohen \u00e7\u00ebshtje, debate, tema t\u00eb mprehta t\u00eb liris\u00eb ekonomike q\u00eb kan\u00eb ndodhur gjat\u00eb nj\u00eb viti n\u00eb Shqip\u00ebri, n\u00eb rajon apo n\u00eb bot\u00eb t\u00eb cilat kan\u00eb impakt n\u00eb zhvillimin e vendit. Ky aktivitet i Fondacionit p\u00ebr Liri Ekonomike nga vet\u00eb q\u00ebllimi i tij p\u00ebrpiqet t\u00eb promovoj\u00eb dhe t\u00eb lan\u00e7oj\u00eb ide, pik\u00ebpamje dhe qasje liberale mbi elemente t\u00eb liris\u00eb ekonomike, mbi elemente t\u00eb politikave publike, mbi funksionimin apo disfunksionimin e k\u00ebtyre politikave, gjithnj\u00eb n\u00eb funksion t\u00eb liris\u00eb s\u00eb tregut, liris\u00eb s\u00eb sip\u00ebrmarrjes dhe zhvillimit.<\/p>\n<p><strong>Shkolla pranverore, Dh\u00ebrmi<br \/>\n<\/strong>Shkollat sezonale t\u00eb UET jan\u00eb kthyer prej vitesh n\u00eb nj\u00eb praktik\u00eb t\u00eb konsoliduar q\u00eb si q\u00ebllim kryesor kan\u00eb mb\u00ebshtetjen dhe vler\u00ebsimin p\u00ebr maturant\u00ebt dhe student\u00ebt m\u00eb t\u00eb mir\u00eb n\u00eb hap\u00ebsir\u00ebn shqiptare. Shkolla Pranverore e cila organizohet n\u00eb Dh\u00ebrmi b\u00ebn bashk\u00eb maturant\u00eb dhe student\u00eb nga e gjith\u00eb Shqip\u00ebria t\u00eb cil\u00ebt nxiten t\u00eb zhvillojn\u00eb m\u00eb tej aft\u00ebsit\u00eb e tyre t\u00eb lidershipit. President\u00eb t\u00eb qeverive studentore, maturant\u00eb t\u00eb rrjetit t\u00eb ekselenc\u00ebs nga gjimnaze t\u00eb ndryshme t\u00eb Shqip\u00ebris\u00eb, t\u00eb cil\u00ebt kan\u00eb nisur t\u2019i aplikojn\u00eb q\u00eb tani aft\u00ebsit\u00eb e tyre t\u00eb lidershipit, duke drejtuar qeveri studentore, me objektiva q\u00eb t\u00eb jen\u00eb nes\u00ebr lider\u00ebt e ardhsh\u00ebm n\u00eb politik\u00eb dhe jet\u00ebn publike, kan\u00eb qen\u00eb \u00e7do vit pjes\u00eb e k\u00ebtij organizimi. Pikasja e tyre n\u00eb bankat e shkoll\u00ebs \u00ebsht\u00eb edhe synimi i Universitetit Europian t\u00eb Tiran\u00ebs, i cili e ka kthyer Shkoll\u00ebn Pranverore t\u00eb Lidershipit, n\u00eb nj\u00eb tradit\u00eb t\u00eb p\u00ebrvitshme. Organizimi ka pjes\u00eb t\u00eb tij lektor\u00eb t\u00eb ndrysh\u00ebm t\u00eb ftuar t\u00eb cil\u00ebt me temat e trajtuara nxitin diskutimin mes pjes\u00ebmarr\u00ebsve q\u00eb ndajn\u00eb me t\u00eb tjer\u00ebt k\u00ebndv\u00ebshtrimet e tyre, argumentet dhe eksperiencat. T\u00eb rinjt\u00eb mund t\u00eb ndajn\u00eb mes tyre idet\u00eb dhe t\u00eb m\u00ebsojn\u00eb nga socializimi me t\u00eb rinjt\u00eb e tjer\u00eb. Kjo \u00ebsht\u00eb nj\u00eb nis\u00ebm frytdh\u00ebn\u00ebse p\u00ebr t\u00eb gjith\u00eb pjes\u00ebmarr\u00ebsit t\u00eb cil\u00ebt nxiten t\u00eb vijojn\u00eb m\u00eb tej zhvillimin e aft\u00ebsive t\u00eb lidershipit, por edhe t\u00eb edukimit, talentit dhe vizionit t\u00eb tyre.<\/p>\n<p><strong>Dit\u00ebt Letrare t\u00eb Razm\u00ebs<br \/>\n<\/strong>Dit\u00ebt Letrare t\u00eb Razm\u00ebs t\u00eb cilat filluan n\u00eb dit\u00ebt e para t\u00eb muajit maj 2015 jan\u00eb kthyer n\u00eb nj\u00eb tradit\u00eb, kan\u00eb nj\u00eb ide baz\u00eb: t\u00eb mbledhin bashk\u00eb shkrimtar\u00eb, krijues, kritik\u00eb, pedagog\u00eb, dashamir\u00ebs t\u00eb let\u00ebrsis\u00eb shqipe. T\u00eb flas\u00ebsh sot p\u00ebr let\u00ebrsin\u00eb shqipe, n\u00eb kushtet e bestsell\u00ebr\u00ebve dhe kultur\u00ebs vizuale online \u00ebsht\u00eb tipike nj\u00eb akt mecenati. Organizimi i ardhsh\u00ebm i Dit\u00ebve Letrare t\u00eb Razm\u00ebs, do t\u00eb b\u00ebhet edhe n\u00eb kuad\u00ebr t\u00eb hapjes s\u00eb deg\u00ebve t\u00eb let\u00ebrsis\u00eb dhe gjuh\u00ebsis\u00eb n\u00eb UET, pasi ky universitet ofron tashm\u00eb nj\u00eb zgjedhje t\u00eb till\u00eb p\u00ebr t\u00eb gjith\u00eb ata t\u00eb rinj t\u00eb pasionuar pas let\u00ebrsis\u00eb. Prej vitesh kjo tryez\u00eb treditore diskutimi mbledh kritik\u00eb, shkrimtar\u00eb, botues, akademik\u00eb dhe gazetar\u00eb n\u00eb nj\u00eb aktivitet q\u00eb ka p\u00ebr q\u00ebllim promovimin dhe ngritjen lart t\u00eb vlerave t\u00eb let\u00ebrsis\u00eb shqipe.<\/p>\n<p><strong>Shkolla Verore<br \/>\n<\/strong>Rreth 60 maturant\u00eb mblidhen \u00e7do ver\u00eb, n\u00eb ambientet e nj\u00eb kompleksi jasht\u00eb Tirane, p\u00ebr t\u00eb diskutuar mbi tematika t\u00eb ndryshme t\u00eb cilat kan\u00eb p\u00ebr q\u00ebllim aktivizimin e tyre dhe m\u00ebsimin jo m\u00eb n\u00ebp\u00ebrmjet metodave tradicionale por n\u00ebp\u00ebrmjet leksioneve interaktive si dhe aktiviteteve arg\u00ebtuese dhe socializuese. P\u00ebrgjat\u00eb viteve kjo shkoll\u00eb \u00ebsht\u00eb organizuar kryesisht n\u00eb qytete bregdetare t\u00eb vendit dhe lidershipi te t\u00eb rinjt\u00eb ka qen\u00eb tematika kryesore. Nd\u00ebrkoh\u00eb k\u00ebt\u00eb vit, me ristrukturimin e fakulteteve t\u00eb UET, pritet t\u00eb vij\u00eb me nj\u00eb risi n\u00eb tematik\u00eb q\u00eb i p\u00ebrgjigjet edhe aktualitetit, t\u00eb drejtat e njeriut. Shkolla Verore \u2013 New Times New World New Rights \u00ebsht\u00eb konceptuar si nj\u00eb seminar p\u00ebr t\u00eb drejtat e njeriut. N\u00eb thelb q\u00ebndrojn\u00eb po t\u00eb nj\u00ebjtat parime, aktivizimi i t\u00eb rinjve dhe promovimi i tyre, si dhe m\u00ebsimi n\u00eb m\u00ebnyr\u00eb interaktive dhe arg\u00ebtuese.<\/p>\n<p><strong>New Media Trends<br \/>\n<\/strong>New Media Trends \u00ebsht\u00eb nj\u00eb aktivitet i cili u zhvillua p\u00ebr her\u00eb t\u00eb par\u00eb n\u00eb fund t\u00eb muajit shtator, me student\u00eb nga universitete t\u00eb ndryshme t\u00eb vendit, q\u00eb studiojn\u00eb Komunikimi dhe Marr\u00ebdh\u00ebnie me Publikun. Organizuar nga Departamenti i Shkencave Humane dhe Komunikimit n\u00eb UET, n\u00eb bashk\u00ebpunim me IEP, ky aktivitet \u00ebsht\u00eb konceptuar si tryez\u00eb p\u00ebr diskutim, mbi tematika t\u00eb ndryshme t\u00eb aktualitetit n\u00eb bot\u00ebn mediatike dhe trendeve q\u00eb parashikohen p\u00ebr t\u00eb ardhmen. Lektor\u00eb t\u00eb njohur t\u00eb fush\u00ebs kan\u00eb qen\u00eb prezent\u00eb n\u00eb organizim si dhe e ftuar e ve\u00e7ant\u00eb ka qen\u00eb gazetarja Eni Vasili, me t\u00eb cil\u00ebn student\u00ebt pat\u00ebn mund\u00ebsin\u00eb t\u00eb zhvillonin nj\u00eb intervist\u00eb kolektive.\u00a0<em>New Media Trends<\/em>\u00a0do t\u00eb zhvillohet s\u00ebrish dhe ka si objektiv t\u00eb kthehet n\u00eb nj\u00eb tradit\u00eb t\u00eb mir\u00ebfillt\u00eb.<\/p>\n<p><strong>Liberal Meetings of Dardha<br \/>\n<\/strong>Rrethi Liberal i Dardh\u00ebs \u00ebsht\u00eb nj\u00eb nism\u00eb p\u00ebr t\u00eb promovuar l\u00ebvizjen dhe qasjen liberale n\u00eb Shqip\u00ebri. K\u00ebto takime liberale konsistojn\u00eb n\u00eb nj\u00eb grupim studiuesish, profesor\u00ebsh t\u00eb ekonomis\u00eb, filozofis\u00eb, gazetar\u00eb, student\u00eb etj., q\u00eb mblidhen dhe diskutojn\u00eb se si idet\u00eb liberale mund t\u00eb ken\u00eb m\u00eb shum\u00eb hap\u00ebsir\u00eb n\u00eb jet\u00ebn publike, n\u00eb ekonomi, arsim, kultur\u00eb dhe n\u00eb gjith\u00eb jet\u00ebn e vendit. Gjat\u00eb q\u00ebndrimit disaditor n\u00eb Dardh\u00eb, pjes\u00ebmarr\u00ebsit b\u00ebhen pjes\u00eb e nj\u00eb grupi aktivitetesh t\u00eb tilla si prezantime, takime, biseda, diskutime dhe nj\u00eb sesion shkencor. Ky aktivitet i Institutit Europian Pashko vjen n\u00eb bashk\u00ebpunim me departamentin e Ekonomiksit dhe Financ\u00ebs n\u00eb Universitetit Europian t\u00eb Tiran\u00ebs. Forumi i Dardh\u00ebs, i cili ka nj\u00eb pjes\u00ebmarrje mikse me pedagog\u00eb, student\u00eb, aktivist\u00eb t\u00eb shoq\u00ebris\u00eb civile, aplikant\u00eb t\u00eb lir\u00eb, t\u00eb rinj, p\u00ebrfaq\u00ebsues nga bota e biznesit, shoqata t\u00eb biznesit, si edhe t\u00eb ftuar nd\u00ebrkomb\u00ebtar\u00eb, mblidhet \u00e7do vit si nj\u00eb form\u00eb e aktivizimit t\u00eb l\u00ebvizjes liberale n\u00eb Shqip\u00ebri, duke promovuar vlerat e liris\u00eb, konkurrenc\u00ebs, tregut t\u00eb lir\u00eb, kund\u00ebr etatizmit, kund\u00ebr populizmit dhe kund\u00ebr pranis\u00eb s\u00eb shtetit n\u00eb ekonomi.<\/p>\n<p><strong>Kolonia e Artit<br \/>\n<\/strong>Kolonia e Artit e cila zhvillohet p\u00ebrgjat\u00eb muajit n\u00ebntor, k\u00ebt\u00eb vit erdhi me nj\u00eb organizim risi, n\u00eb kuad\u00ebr t\u00eb hapjes s\u00eb deg\u00ebve t\u00eb artit n\u00eb Universitetin Europian t\u00eb Tiran\u00ebs. Instituti Europian Pashko n\u00eb bashk\u00ebpunim me Departamentin e Arteve t\u00eb Aplikuara n\u00eb UET organizuan p\u00ebr tre dit\u00eb, edicionin e pest\u00eb t\u00eb Kolonis\u00eb s\u00eb Artit. 25 maturant\u00eb nga e gjith\u00eb Shqip\u00ebria, t\u00eb pasionuar n\u00eb arte pamore, punuan n\u00ebn mentorshipin e tre mjeshtrave t\u00eb njohur, Bujar Kapexhiu, Shaqir Veseli dhe Zaim Elezi. UET q\u00eb finalizoi me sukses p\u00ebrpjekjet p\u00ebr t\u00eb krijuar Departamentin e Arteve t\u00eb Aplikuara, ofroi bursa t\u00eb plota studimi p\u00ebr 10 maturant\u00ebt m\u00eb t\u00eb mir\u00eb t\u00eb k\u00ebsaj Kolonie Arti. Kolonia e Artit \u00ebsht\u00eb nj\u00eb iniciativ\u00eb, e nd\u00ebrmarr\u00eb nga Instituti Europian Pashko n\u00eb bashk\u00ebpunim me Departamentin e Arteve t\u00eb Aplikuara n\u00eb UET q\u00eb synon t\u00eb krijoj\u00eb nj\u00eb komunitet t\u00eb artist\u00ebve dhe t\u00eb sjell\u00eb v\u00ebmendjen tek arti. Kat\u00ebr vitet e m\u00ebparshme, Kolonia e Artit \u00ebsht\u00eb zhvilluar me 10 mjeshtra, duke e kthyer at\u00eb n\u00eb nj\u00eb festival dhe ankand t\u00eb pikturave t\u00eb tyre p\u00ebr Shqip\u00ebrin\u00eb e mesme. Piktor\u00ebt t\u00eb cil\u00ebt kan\u00eb qen\u00eb pjes\u00eb e Kolonis\u00eb s\u00eb Artit, vijn\u00eb nga nj\u00eb tradit\u00eb e mjesht\u00ebri pikturimi por edhe kan\u00eb spikatur p\u00ebr modernitetin n\u00eb sken\u00ebn e arteve pamore. Nd\u00ebrkoh\u00eb q\u00eb me themelimin e Departamentit t\u00eb Arteve t\u00eb Aplikuara n\u00eb UET, Kolonia e Artit do t\u00eb vazhdoj\u00eb edhe n\u00eb vijim t\u00eb jet\u00eb nj\u00eb promotor i talentit.<\/p>\n<p><strong>Public Health Forum<br \/>\n<\/strong>Universiteti Europian i Tiran\u00ebs ka tashm\u00eb nj\u00eb fakultet t\u00eb dedikuar mjek\u00ebsis\u00eb. Fakulteti i Shkencave Mjek\u00ebsore Teknike ka hapur dyert e tij k\u00ebt\u00eb vit p\u00ebr student\u00ebt, duke ofruar mund\u00ebsin\u00eb p\u00ebr studim n\u00eb deg\u00eb t\u00eb tilla, si: Fizioterapia, Imazheria dhe Infermieria, nd\u00ebrkoh\u00eb q\u00eb pritet t\u00eb zgjeroj\u00eb mund\u00ebsit\u00eb e zgjedhjes n\u00eb vitet n\u00eb vijim. N\u00eb k\u00ebt\u00eb kuad\u00ebr, Instituti Europian Pashko n\u00eb bashk\u00ebpunim me Fakultetin e Shkencave Mjek\u00ebsore Teknike t\u00eb Universitetit Europian t\u00eb Tiran\u00ebs, organizojn\u00eb\u00a0<em>Forumin e Sh\u00ebndetit Publik 2018<\/em>, n\u00eb muajin dhjetor.<\/p>\n<\/div>","protected":false},"excerpt":{"rendered":"<p>Ja 11 aktivitetet rinore t\u00eb Institutit Europian Pashko n\u00eb bashk\u00ebpunim me UET Instituti Europian Pashko n\u00eb bashk\u00ebpunim me Universitetin Europian t\u00eb Tiran\u00ebs organizojn\u00eb 11 aktivitete rinore t\u00eb shtrira p\u00ebrgjat\u00eb harkut kohor t\u00eb nj\u00eb viti. Kjo vjen n\u00eb kuadrin e programit &hellip; <\/p>","protected":false},"author":1,"featured_media":3232,"comment_status":"closed","ping_status":"closed","sticky":false,"template":"","format":"standard","meta":{"footnotes":""},"categories":[59],"tags":[],"class_list":["post-3231","post","type-post","status-publish","format-standard","has-post-thumbnail","hentry","category-activities"],"yoast_head":"<!-- This site is optimized with the Yoast SEO plugin v26.9 - https:\/\/yoast.com\/product\/yoast-seo-wordpress\/ -->\n<title>Ja 11 aktivitetet rinore t\u00eb Institutit Europian Pashko n\u00eb bashk\u00ebpunim me UET - UET<\/title>\n<meta name=\"robots\" content=\"index, follow, max-snippet:-1, max-image-preview:large, max-video-preview:-1\" \/>\n<link rel=\"canonical\" href=\"https:\/\/uet.edu.al\/en\/ja-11-aktivitetet-rinore-te-institutit-europian-pashko-ne-bashkepunim-me-uet\/\" \/>\n<meta property=\"og:locale\" content=\"en_US\" \/>\n<meta property=\"og:type\" content=\"article\" \/>\n<meta property=\"og:title\" content=\"Ja 11 aktivitetet rinore t\u00eb Institutit Europian Pashko n\u00eb bashk\u00ebpunim me UET - UET\" \/>\n<meta property=\"og:description\" content=\"Ja 11 aktivitetet rinore t\u00eb Institutit Europian Pashko n\u00eb bashk\u00ebpunim me UET Instituti Europian Pashko n\u00eb bashk\u00ebpunim me Universitetin Europian t\u00eb Tiran\u00ebs organizojn\u00eb 11 aktivitete rinore t\u00eb shtrira p\u00ebrgjat\u00eb harkut kohor t\u00eb nj\u00eb viti. Kjo vjen n\u00eb kuadrin e programit &hellip;\" \/>\n<meta property=\"og:url\" content=\"https:\/\/uet.edu.al\/en\/ja-11-aktivitetet-rinore-te-institutit-europian-pashko-ne-bashkepunim-me-uet\/\" \/>\n<meta property=\"og:site_name\" content=\"UET\" \/>\n<meta property=\"article:publisher\" content=\"https:\/\/www.facebook.com\/UniversitetiEuropianiTiranes\/\" \/>\n<meta property=\"article:published_time\" content=\"2018-12-03T11:03:14+00:00\" \/>\n<meta property=\"article:modified_time\" content=\"2022-02-23T11:57:29+00:00\" \/>\n<meta property=\"og:image\" content=\"https:\/\/uet.edu.al\/wp-content\/uploads\/2018\/12\/uet-shkolla-pranverore-1024x682-1.jpg\" \/>\n\t<meta property=\"og:image:width\" content=\"1024\" \/>\n\t<meta property=\"og:image:height\" content=\"682\" \/>\n\t<meta property=\"og:image:type\" content=\"image\/jpeg\" \/>\n<meta name=\"author\" content=\"admin\" \/>\n<meta name=\"twitter:card\" content=\"summary_large_image\" \/>\n<meta name=\"twitter:label1\" content=\"Written by\" \/>\n\t<meta name=\"twitter:data1\" content=\"admin\" \/>\n\t<meta name=\"twitter:label2\" content=\"Est. reading time\" \/>\n\t<meta name=\"twitter:data2\" content=\"12 minutes\" \/>\n<script type=\"application\/ld+json\" class=\"yoast-schema-graph\">{\"@context\":\"https:\/\/schema.org\",\"@graph\":[{\"@type\":\"Article\",\"@id\":\"https:\/\/uet.edu.al\/ja-11-aktivitetet-rinore-te-institutit-europian-pashko-ne-bashkepunim-me-uet\/#article\",\"isPartOf\":{\"@id\":\"https:\/\/uet.edu.al\/ja-11-aktivitetet-rinore-te-institutit-europian-pashko-ne-bashkepunim-me-uet\/\"},\"author\":{\"name\":\"admin\",\"@id\":\"https:\/\/uet.edu.al\/en\/#\/schema\/person\/e0882bc49cd4b35d1e23bc03de52a227\"},\"headline\":\"Ja 11 aktivitetet rinore t\u00eb Institutit Europian Pashko n\u00eb bashk\u00ebpunim me UET\",\"datePublished\":\"2018-12-03T11:03:14+00:00\",\"dateModified\":\"2022-02-23T11:57:29+00:00\",\"mainEntityOfPage\":{\"@id\":\"https:\/\/uet.edu.al\/ja-11-aktivitetet-rinore-te-institutit-europian-pashko-ne-bashkepunim-me-uet\/\"},\"wordCount\":2439,\"publisher\":{\"@id\":\"https:\/\/uet.edu.al\/en\/#organization\"},\"image\":{\"@id\":\"https:\/\/uet.edu.al\/ja-11-aktivitetet-rinore-te-institutit-europian-pashko-ne-bashkepunim-me-uet\/#primaryimage\"},\"thumbnailUrl\":\"https:\/\/uet.edu.al\/wp-content\/uploads\/2018\/12\/uet-shkolla-pranverore-1024x682-1.jpg\",\"articleSection\":[\"Aktivitete\"],\"inLanguage\":\"en-US\"},{\"@type\":\"WebPage\",\"@id\":\"https:\/\/uet.edu.al\/ja-11-aktivitetet-rinore-te-institutit-europian-pashko-ne-bashkepunim-me-uet\/\",\"url\":\"https:\/\/uet.edu.al\/ja-11-aktivitetet-rinore-te-institutit-europian-pashko-ne-bashkepunim-me-uet\/\",\"name\":\"Ja 11 aktivitetet rinore t\u00eb Institutit Europian Pashko n\u00eb bashk\u00ebpunim me UET - UET\",\"isPartOf\":{\"@id\":\"https:\/\/uet.edu.al\/en\/#website\"},\"primaryImageOfPage\":{\"@id\":\"https:\/\/uet.edu.al\/ja-11-aktivitetet-rinore-te-institutit-europian-pashko-ne-bashkepunim-me-uet\/#primaryimage\"},\"image\":{\"@id\":\"https:\/\/uet.edu.al\/ja-11-aktivitetet-rinore-te-institutit-europian-pashko-ne-bashkepunim-me-uet\/#primaryimage\"},\"thumbnailUrl\":\"https:\/\/uet.edu.al\/wp-content\/uploads\/2018\/12\/uet-shkolla-pranverore-1024x682-1.jpg\",\"datePublished\":\"2018-12-03T11:03:14+00:00\",\"dateModified\":\"2022-02-23T11:57:29+00:00\",\"breadcrumb\":{\"@id\":\"https:\/\/uet.edu.al\/ja-11-aktivitetet-rinore-te-institutit-europian-pashko-ne-bashkepunim-me-uet\/#breadcrumb\"},\"inLanguage\":\"en-US\",\"potentialAction\":[{\"@type\":\"ReadAction\",\"target\":[\"https:\/\/uet.edu.al\/ja-11-aktivitetet-rinore-te-institutit-europian-pashko-ne-bashkepunim-me-uet\/\"]}]},{\"@type\":\"ImageObject\",\"inLanguage\":\"en-US\",\"@id\":\"https:\/\/uet.edu.al\/ja-11-aktivitetet-rinore-te-institutit-europian-pashko-ne-bashkepunim-me-uet\/#primaryimage\",\"url\":\"https:\/\/uet.edu.al\/wp-content\/uploads\/2018\/12\/uet-shkolla-pranverore-1024x682-1.jpg\",\"contentUrl\":\"https:\/\/uet.edu.al\/wp-content\/uploads\/2018\/12\/uet-shkolla-pranverore-1024x682-1.jpg\",\"width\":1024,\"height\":682},{\"@type\":\"BreadcrumbList\",\"@id\":\"https:\/\/uet.edu.al\/ja-11-aktivitetet-rinore-te-institutit-europian-pashko-ne-bashkepunim-me-uet\/#breadcrumb\",\"itemListElement\":[{\"@type\":\"ListItem\",\"position\":1,\"name\":\"Home\",\"item\":\"https:\/\/uet.edu.al\/\"},{\"@type\":\"ListItem\",\"position\":2,\"name\":\"Ja 11 aktivitetet rinore t\u00eb Institutit Europian Pashko n\u00eb bashk\u00ebpunim me UET\"}]},{\"@type\":\"WebSite\",\"@id\":\"https:\/\/uet.edu.al\/en\/#website\",\"url\":\"https:\/\/uet.edu.al\/en\/\",\"name\":\"UET\",\"description\":\"Universiteti Europian i Tiran\u00ebs\",\"publisher\":{\"@id\":\"https:\/\/uet.edu.al\/en\/#organization\"},\"potentialAction\":[{\"@type\":\"SearchAction\",\"target\":{\"@type\":\"EntryPoint\",\"urlTemplate\":\"https:\/\/uet.edu.al\/en\/?s={search_term_string}\"},\"query-input\":{\"@type\":\"PropertyValueSpecification\",\"valueRequired\":true,\"valueName\":\"search_term_string\"}}],\"inLanguage\":\"en-US\"},{\"@type\":\"Organization\",\"@id\":\"https:\/\/uet.edu.al\/en\/#organization\",\"name\":\"Universiteti Europian i Tiranes\",\"url\":\"https:\/\/uet.edu.al\/en\/\",\"logo\":{\"@type\":\"ImageObject\",\"inLanguage\":\"en-US\",\"@id\":\"https:\/\/uet.edu.al\/en\/#\/schema\/logo\/image\/\",\"url\":\"https:\/\/uet.edu.al\/wp-content\/uploads\/2022\/12\/Logo-pa-adrese.png\",\"contentUrl\":\"https:\/\/uet.edu.al\/wp-content\/uploads\/2022\/12\/Logo-pa-adrese.png\",\"width\":1418,\"height\":696,\"caption\":\"Universiteti Europian i Tiranes\"},\"image\":{\"@id\":\"https:\/\/uet.edu.al\/en\/#\/schema\/logo\/image\/\"},\"sameAs\":[\"https:\/\/www.facebook.com\/UniversitetiEuropianiTiranes\/\"]},{\"@type\":\"Person\",\"@id\":\"https:\/\/uet.edu.al\/en\/#\/schema\/person\/e0882bc49cd4b35d1e23bc03de52a227\",\"name\":\"admin\",\"sameAs\":[\"https:\/\/uet.edu.al\"],\"url\":\"https:\/\/uet.edu.al\/en\/author\/admin\/\"}]}<\/script>\n<!-- \/ Yoast SEO plugin. -->","yoast_head_json":{"title":"Ja 11 aktivitetet rinore t\u00eb Institutit Europian Pashko n\u00eb bashk\u00ebpunim me UET - UET","robots":{"index":"index","follow":"follow","max-snippet":"max-snippet:-1","max-image-preview":"max-image-preview:large","max-video-preview":"max-video-preview:-1"},"canonical":"https:\/\/uet.edu.al\/en\/ja-11-aktivitetet-rinore-te-institutit-europian-pashko-ne-bashkepunim-me-uet\/","og_locale":"en_US","og_type":"article","og_title":"Ja 11 aktivitetet rinore t\u00eb Institutit Europian Pashko n\u00eb bashk\u00ebpunim me UET - UET","og_description":"Ja 11 aktivitetet rinore t\u00eb Institutit Europian Pashko n\u00eb bashk\u00ebpunim me UET Instituti Europian Pashko n\u00eb bashk\u00ebpunim me Universitetin Europian t\u00eb Tiran\u00ebs organizojn\u00eb 11 aktivitete rinore t\u00eb shtrira p\u00ebrgjat\u00eb harkut kohor t\u00eb nj\u00eb viti. Kjo vjen n\u00eb kuadrin e programit &hellip;","og_url":"https:\/\/uet.edu.al\/en\/ja-11-aktivitetet-rinore-te-institutit-europian-pashko-ne-bashkepunim-me-uet\/","og_site_name":"UET","article_publisher":"https:\/\/www.facebook.com\/UniversitetiEuropianiTiranes\/","article_published_time":"2018-12-03T11:03:14+00:00","article_modified_time":"2022-02-23T11:57:29+00:00","og_image":[{"width":1024,"height":682,"url":"https:\/\/uet.edu.al\/wp-content\/uploads\/2018\/12\/uet-shkolla-pranverore-1024x682-1.jpg","type":"image\/jpeg"}],"author":"admin","twitter_card":"summary_large_image","twitter_misc":{"Written by":"admin","Est. reading time":"12 minutes"},"schema":{"@context":"https:\/\/schema.org","@graph":[{"@type":"Article","@id":"https:\/\/uet.edu.al\/ja-11-aktivitetet-rinore-te-institutit-europian-pashko-ne-bashkepunim-me-uet\/#article","isPartOf":{"@id":"https:\/\/uet.edu.al\/ja-11-aktivitetet-rinore-te-institutit-europian-pashko-ne-bashkepunim-me-uet\/"},"author":{"name":"admin","@id":"https:\/\/uet.edu.al\/en\/#\/schema\/person\/e0882bc49cd4b35d1e23bc03de52a227"},"headline":"Ja 11 aktivitetet rinore t\u00eb Institutit Europian Pashko n\u00eb bashk\u00ebpunim me UET","datePublished":"2018-12-03T11:03:14+00:00","dateModified":"2022-02-23T11:57:29+00:00","mainEntityOfPage":{"@id":"https:\/\/uet.edu.al\/ja-11-aktivitetet-rinore-te-institutit-europian-pashko-ne-bashkepunim-me-uet\/"},"wordCount":2439,"publisher":{"@id":"https:\/\/uet.edu.al\/en\/#organization"},"image":{"@id":"https:\/\/uet.edu.al\/ja-11-aktivitetet-rinore-te-institutit-europian-pashko-ne-bashkepunim-me-uet\/#primaryimage"},"thumbnailUrl":"https:\/\/uet.edu.al\/wp-content\/uploads\/2018\/12\/uet-shkolla-pranverore-1024x682-1.jpg","articleSection":["Aktivitete"],"inLanguage":"en-US"},{"@type":"WebPage","@id":"https:\/\/uet.edu.al\/ja-11-aktivitetet-rinore-te-institutit-europian-pashko-ne-bashkepunim-me-uet\/","url":"https:\/\/uet.edu.al\/ja-11-aktivitetet-rinore-te-institutit-europian-pashko-ne-bashkepunim-me-uet\/","name":"Ja 11 aktivitetet rinore t\u00eb Institutit Europian Pashko n\u00eb bashk\u00ebpunim me UET - UET","isPartOf":{"@id":"https:\/\/uet.edu.al\/en\/#website"},"primaryImageOfPage":{"@id":"https:\/\/uet.edu.al\/ja-11-aktivitetet-rinore-te-institutit-europian-pashko-ne-bashkepunim-me-uet\/#primaryimage"},"image":{"@id":"https:\/\/uet.edu.al\/ja-11-aktivitetet-rinore-te-institutit-europian-pashko-ne-bashkepunim-me-uet\/#primaryimage"},"thumbnailUrl":"https:\/\/uet.edu.al\/wp-content\/uploads\/2018\/12\/uet-shkolla-pranverore-1024x682-1.jpg","datePublished":"2018-12-03T11:03:14+00:00","dateModified":"2022-02-23T11:57:29+00:00","breadcrumb":{"@id":"https:\/\/uet.edu.al\/ja-11-aktivitetet-rinore-te-institutit-europian-pashko-ne-bashkepunim-me-uet\/#breadcrumb"},"inLanguage":"en-US","potentialAction":[{"@type":"ReadAction","target":["https:\/\/uet.edu.al\/ja-11-aktivitetet-rinore-te-institutit-europian-pashko-ne-bashkepunim-me-uet\/"]}]},{"@type":"ImageObject","inLanguage":"en-US","@id":"https:\/\/uet.edu.al\/ja-11-aktivitetet-rinore-te-institutit-europian-pashko-ne-bashkepunim-me-uet\/#primaryimage","url":"https:\/\/uet.edu.al\/wp-content\/uploads\/2018\/12\/uet-shkolla-pranverore-1024x682-1.jpg","contentUrl":"https:\/\/uet.edu.al\/wp-content\/uploads\/2018\/12\/uet-shkolla-pranverore-1024x682-1.jpg","width":1024,"height":682},{"@type":"BreadcrumbList","@id":"https:\/\/uet.edu.al\/ja-11-aktivitetet-rinore-te-institutit-europian-pashko-ne-bashkepunim-me-uet\/#breadcrumb","itemListElement":[{"@type":"ListItem","position":1,"name":"Home","item":"https:\/\/uet.edu.al\/"},{"@type":"ListItem","position":2,"name":"Ja 11 aktivitetet rinore t\u00eb Institutit Europian Pashko n\u00eb bashk\u00ebpunim me UET"}]},{"@type":"WebSite","@id":"https:\/\/uet.edu.al\/en\/#website","url":"https:\/\/uet.edu.al\/en\/","name":"UET","description":"Universiteti Europian i Tiran\u00ebs","publisher":{"@id":"https:\/\/uet.edu.al\/en\/#organization"},"potentialAction":[{"@type":"SearchAction","target":{"@type":"EntryPoint","urlTemplate":"https:\/\/uet.edu.al\/en\/?s={search_term_string}"},"query-input":{"@type":"PropertyValueSpecification","valueRequired":true,"valueName":"search_term_string"}}],"inLanguage":"en-US"},{"@type":"Organization","@id":"https:\/\/uet.edu.al\/en\/#organization","name":"Universiteti Europian i Tiranes","url":"https:\/\/uet.edu.al\/en\/","logo":{"@type":"ImageObject","inLanguage":"en-US","@id":"https:\/\/uet.edu.al\/en\/#\/schema\/logo\/image\/","url":"https:\/\/uet.edu.al\/wp-content\/uploads\/2022\/12\/Logo-pa-adrese.png","contentUrl":"https:\/\/uet.edu.al\/wp-content\/uploads\/2022\/12\/Logo-pa-adrese.png","width":1418,"height":696,"caption":"Universiteti Europian i Tiranes"},"image":{"@id":"https:\/\/uet.edu.al\/en\/#\/schema\/logo\/image\/"},"sameAs":["https:\/\/www.facebook.com\/UniversitetiEuropianiTiranes\/"]},{"@type":"Person","@id":"https:\/\/uet.edu.al\/en\/#\/schema\/person\/e0882bc49cd4b35d1e23bc03de52a227","name":"admin","sameAs":["https:\/\/uet.edu.al"],"url":"https:\/\/uet.edu.al\/en\/author\/admin\/"}]}},"_links":{"self":[{"href":"https:\/\/uet.edu.al\/en\/wp-json\/wp\/v2\/posts\/3231","targetHints":{"allow":["GET"]}}],"collection":[{"href":"https:\/\/uet.edu.al\/en\/wp-json\/wp\/v2\/posts"}],"about":[{"href":"https:\/\/uet.edu.al\/en\/wp-json\/wp\/v2\/types\/post"}],"author":[{"embeddable":true,"href":"https:\/\/uet.edu.al\/en\/wp-json\/wp\/v2\/users\/1"}],"replies":[{"embeddable":true,"href":"https:\/\/uet.edu.al\/en\/wp-json\/wp\/v2\/comments?post=3231"}],"version-history":[{"count":1,"href":"https:\/\/uet.edu.al\/en\/wp-json\/wp\/v2\/posts\/3231\/revisions"}],"predecessor-version":[{"id":12421,"href":"https:\/\/uet.edu.al\/en\/wp-json\/wp\/v2\/posts\/3231\/revisions\/12421"}],"wp:featuredmedia":[{"embeddable":true,"href":"https:\/\/uet.edu.al\/en\/wp-json\/wp\/v2\/media\/3232"}],"wp:attachment":[{"href":"https:\/\/uet.edu.al\/en\/wp-json\/wp\/v2\/media?parent=3231"}],"wp:term":[{"taxonomy":"category","embeddable":true,"href":"https:\/\/uet.edu.al\/en\/wp-json\/wp\/v2\/categories?post=3231"},{"taxonomy":"post_tag","embeddable":true,"href":"https:\/\/uet.edu.al\/en\/wp-json\/wp\/v2\/tags?post=3231"}],"curies":[{"name":"wp","href":"https:\/\/api.w.org\/{rel}","templated":true}]}}