{"id":3195,"date":"2018-11-14T21:25:37","date_gmt":"2018-11-14T21:25:37","guid":{"rendered":"https:\/\/uet.edu.al\/?p=3195"},"modified":"2022-02-23T11:55:43","modified_gmt":"2022-02-23T11:55:43","slug":"3195-2","status":"publish","type":"post","link":"https:\/\/uet.edu.al\/en\/3195-2\/","title":{"rendered":"Forumet UET, Pre\u00e7 Zogaj: Politikisht jam mundur, idet\u00eb e mia nuk kan\u00eb fituar"},"content":{"rendered":"<header class=\"entry-header clearfix\">\n<h1 class=\"entry-title\">Forumet UET, Pre\u00e7 Zogaj: Politikisht jam mundur, idet\u00eb e mia nuk kan\u00eb fituar<\/h1>\n<aside id=\"post-header-sidebar\" class=\"clearfix\">\n<div class=\"post-header-widget-area\">\n<div id=\"text-36\" class=\"widget widget_text\">\n<div class=\"textwidget\"><\/div>\n<\/div>\n<\/div>\n<\/aside>\n<\/header>\n<div class=\"post-preview\"><\/div>\n<aside id=\"post-content-top-sidebar\" class=\"clearfix\">\n<div class=\"post-widget-area\">\n<div id=\"text-43\" class=\"widget widget_text\">\n<div class=\"textwidget\"><em><strong>Analisti i njohur: Un\u00eb kam q\u00ebn\u00eb pjes\u00eb aktive e politik\u00ebs, por nuk kam qen\u00eb asnj\u00ebher\u00eb aty ku ka ndodhur ky d\u00ebshtim. E pranoj q\u00eb na kan\u00eb mundur. Na kan\u00eb prishur zgjedhjet, na kan\u00eb prishur republik\u00ebn. Zgjedhja \u00ebsht\u00eb n\u00eb prag.<\/strong><\/em><\/div>\n<\/div>\n<\/div>\n<\/aside>\n<div class=\"entry-content\">\n<p>N\u00eb ciklin e Forumeve UET, p\u00ebr nj\u00eb bashk\u00ebbisedim me pedagog\u00eb dhe student\u00eb k\u00ebt\u00eb t\u00eb mart\u00eb, n\u00ebn moderimin e p\u00ebrgjegj\u00ebses s\u00eb Departamentit t\u00eb Shkencave Humane dhe Komunikimit, prof. asoc. dr. Belina Budini ishte i ftuar publicisti dhe autori i nj\u00eb s\u00ebr\u00eb botimesh Pre\u00e7 Zogaj. Duke u gjendur n\u00eb rrjedh\u00ebn e ngjarjeve politike t\u00eb k\u00ebtyre viteve, kurdoher\u00eb si d\u00ebshmitar dhe nganj\u00ebher\u00eb dhe si pjesmarr\u00ebs, ngjanj\u00ebher\u00eb dhe si protagonist, ai e ka ndjer\u00eb t\u00eb nevojshme q\u00eb ta d\u00ebshmoj\u00eb k\u00ebt\u00eb histori.<\/p>\n<p>Historin\u00eb e tranzicionit duke e par\u00eb nga af\u00ebr, nga brenda, duke d\u00ebshmuar n\u00eb koh\u00eb reale dhe jo nga nj\u00eb distanc\u00eb e larg\u00ebn. Nd\u00ebr \u00e7\u00ebshtjet q\u00eb u diskutuan ishte kontributi i madh dhe i gj\u00ebr\u00eb q\u00eb Pre\u00e7i ka dh\u00ebn\u00eb n\u00eb politik\u00eb, si dhe raportimet e tij si publicist p\u00ebr ngjarjet aktuale.<\/p>\n<p><strong>\u2018Historin\u00eb e tranzicionit e kam d\u00ebshmuar n\u00eb koh\u00eb reale\u2019<\/strong><\/p>\n<p>\u201c<em>Publicistika \u00ebsht\u00eb profesioni im. Un\u00eb publicist jam. Kam punuar gjithmon\u00eb gazetar. Un\u00eb kam shkruar libra publicistik\u00eb pa dal\u00eb nga zanati. Let\u00ebrsia, poezia m\u00eb ka shoq\u00ebruar gjith\u00eb jet\u00ebn time. Poezia \u00ebsht\u00eb nj\u00eb pasion, nd\u00ebrsa publicistika \u00ebsht\u00eb profesion p\u00ebr mua. Duke u gjendur n\u00eb rrjedh\u00ebn e ngjarjeve politike t\u00eb k\u00ebtyre 25-26 viteve, kurdoher\u00eb si d\u00ebshmitar dhe nganj\u00ebher\u00eb dhe si pjes\u00ebmarr\u00ebs, nganj\u00ebher\u00eb dhe si protagonist, e kam ndjer\u00eb t\u00eb nevojshme q\u00eb ta d\u00ebshmoj k\u00ebt\u00eb histori. Historin\u00eb e tranzicionit duke par\u00eb nga af\u00ebr, nga brenda, duke d\u00ebshmuar n\u00eb koh\u00eb reale dhe jo nga nj\u00eb distanc\u00eb e larg\u00ebt. Librat e mij publicistik\u00eb jan\u00eb libra q\u00eb jan\u00eb shkruar n\u00eb koh\u00eb reale pak a shum\u00eb. Me p\u00ebrjashtim t\u00eb librit \u2018Fillimi\u2019 q\u00eb e kam shkruar pas 25 viteshh af\u00ebrsisht. Tet\u00eb librat e tjer\u00eb, q\u00eb ka botuar UET-i nga publicistika ime, jan\u00eb libra t\u00eb shkruar n\u00eb koh\u00eb reale. I shohim dhe personazhet n\u00eb raport me ngjarje konkrete. E kam ndjer\u00eb si t\u00eb nevojshme k\u00ebt\u00eb gj\u00eb. Kan\u00eb th\u00ebn\u00eb q\u00eb \u2018kush do ta tregoj\u00eb historin\u00eb po themi t\u00eb zgjedhjeve t\u00eb 26 majit\u2019, \u2018kush do ta tregoj\u00eb historin\u00eb e 97-\u00ebs\u2019. Ka plot q\u00eb mund ta tregojn\u00eb, dikush nga opozita, dikush nga v\u00ebnde t\u00eb tjera. Kam pasur shansin t\u2019i shoh n\u00eb disa k\u00ebndv\u00ebshtrime. E kam par\u00eb t\u00eb arsyeshme t\u2019i d\u00ebshmoj. I kam referuar librat e mi publicistik p\u00ebr shkak t\u00eb ngjarjeve, jo se kan\u00eb konkluzione\u201d.<\/em><\/p>\n<p><strong>N\u00ebse do rikthehej p\u00ebr t\u00eb rishkruar botimet e tij, \u00e7far\u00eb do ndryshonte?<\/strong><\/p>\n<p>\u201c<em>\u00cbsht\u00eb nj\u00eb kronik\u00eb e gjat\u00eb e tranzicionit, por nj\u00eb kronik\u00eb e shkruar me stil letrar, me personazhe real\u00eb q\u00eb vendosin rrethana t\u00eb ndryshme. Un\u00eb kam dashur t\u2019i shoh k\u00ebshtu p\u00ebr t\u2019i b\u00ebr\u00eb m\u00eb t\u00ebrheq\u00ebs. N\u00ebse un\u00eb do kthehesha p\u00ebr t\u2019i rishkruar, do ndryshoja disa gj\u00ebra, por nuk \u00ebsht\u00eb se do hiqja gj\u00ebra. Ngjarjet q\u00eb jan\u00eb pasqyruar n\u00eb librat e mi jan\u00eb ngjarje t\u00eb r\u00ebnd\u00ebsishme q\u00eb kan\u00eb ndodhur, q\u00eb kan\u00eb sh\u00ebrbyer p\u00ebr t\u00eb dh\u00ebn\u00eb nj\u00eb kthes\u00eb zhvillimeve pasuese. Mund t\u00eb shtoja gj\u00ebra t\u00eb reja pasi gjat\u00eb viteve un\u00eb kam mundur t\u00eb lexoj dhe autor\u00eb t\u00eb tjer\u00eb. T\u00eb krijoj nj\u00eb vizion m\u00eb t\u00eb plot\u00eb. P\u00ebr vitin 1997 kam nj\u00eb lib\u00ebr q\u00eb titullohet \u2018Lufta jo civile\u2019, q\u00eb \u00ebsht\u00eb shkruar n\u00eb vitin 1997-1998, n\u00eb at\u00eb l\u00ebnd\u00eb q\u00eb kisha un\u00eb n\u00eb dispozicion n\u00eb at\u00eb koh\u00eb. P\u00ebrgjat\u00eb viteve kan\u00eb dal\u00eb shum\u00eb gj\u00ebra t\u00eb tjera\u201d. \u00a0<\/em><\/p>\n<p><strong>\u2018Librat e mi jan\u00eb librat e nj\u00eb publicisti t\u00eb angazhuar\u2019<\/strong><\/p>\n<p>\u201c<em>Publikut kam pasur p\u00ebr synim t\u2019i flas. Librat e mi nuk jan\u00eb librat e nj\u00eb publicisti t\u00eb paansh\u00ebm q\u00eb q\u00ebndron jasht\u00eb pal\u00ebve, por librat e nj\u00eb publicisti t\u00eb angazhuar politikisht. N\u00ebse do flitej p\u00ebr ndonj\u00eb merit\u00eb t\u00eb vog\u00ebl t\u00eb autorit, do flitej q\u00eb pavar\u00ebsisht pozicionit politik nuk i kam shkruar n\u00eb llojin e partishm\u00ebris\u00eb. Un\u00eb jam p\u00ebrpjekur q\u00eb dhe p\u00ebr pal\u00ebn q\u00eb kam mb\u00ebshtetur un\u00eb t\u00eb sjell ngjarje, fakte. Personazhet q\u00eb prodhojn\u00eb ngjarjen nganj\u00ebher\u00eb t\u00eb ngjallin dhe neveri. Jan\u00eb ngjarjet q\u00eb t\u00eb ngjallin neveri dhe jo un\u00eb q\u00eb shkruaj. N\u00eb qoft\u00eb se nuk e kam tepruar un\u00eb them q\u00eb angazhimi, ose pozicioni politik p\u00ebrb\u00ebn dhe kufizimin e k\u00ebtyre librave. N\u00eb librin \u2018Fillimi\u2019, n\u00eb nj\u00eb distanc\u00eb 25-vje\u00e7are \u00ebsht\u00eb pak ndryshe nga librat e tjer\u00eb. M\u00eb objektiv dhe lexohet m\u00eb gjer\u00ebsisht. Librin \u2018R\u00ebnia e zgjedhjeve\u2019 un\u00eb e kam shkruar si\u00e7 kan\u00eb ndodhur, demokrat\u00ebt, ku un\u00eb b\u00ebja pjes\u00eb dhe vet\u00eb, nuk e kan\u00eb lexuar me shum\u00eb qejf. Un\u00eb e kam par\u00eb nga nj\u00eb k\u00ebndv\u00ebshtrim, ose si paralajm\u00ebrim i nj\u00eb gj\u00ebme q\u00eb po trokiste n\u00eb politik\u00ebn e v\u00ebndit. Prishja e zgjedhjeve ka vazhduar t\u00eb na ndjek\u00eb n\u00eb jet\u00ebn politike. Libri i fundit rast\u00ebsisht, lidhet me realitetin ton\u00eb, titullohet \u2018N\u00eb k\u00ebrkim t\u00eb zgjedhjeve t\u00eb humbura\u2019\u201d.<\/em><\/p>\n<p><strong>\u201cPolitikisht un\u00eb jam mundur\u201d<\/strong><\/p>\n<p>\u201c<em>T\u00eb gjith\u00eb u hodh\u00ebm n\u00eb fush\u00ebn e politik\u00ebs n\u00eb \u201990. Un\u00eb kam pasur ambicie politike. Kam marr\u00eb pjes\u00eb n\u00eb nj\u00eb l\u00ebvizje p\u00ebr ndryshim. Kjo ndodh vetvetiu q\u00eb t\u00eb marr\u00ebsh pjes\u00eb n\u00eb nj\u00eb l\u00ebvizje politike p\u00ebr ndryshim, duhet t\u2019i dal\u00ebsh zot me radh\u00eb pun\u00ebve. Her\u00ebn e par\u00eb t\u2019i dal\u00ebsh zot gazet\u00ebs, pastaj t\u2019i dal\u00ebsh zot kandidimit etj. Lista e kandidimit t\u00eb \u00e7on vetvetiu n\u00eb politik\u00eb. Jam futur n\u00eb politik\u00eb me idet\u00eb dhe synimet e mia t\u00eb nj\u00eb brezi. N\u00eb nj\u00eb far\u00eb m\u00ebnyre kam qen\u00eb z\u00ebri ose p\u00ebrfaq\u00ebsuesi i nj\u00eb korenti liberal q\u00eb Shqip\u00ebria e ka krijuar dhe n\u00eb vitet e komunizmit. \u00c7do 10 vite ka pasur nj\u00eb goditje ndaj liberal\u00ebve. Ishim nj\u00eb grup njer\u00ebzish q\u00eb e kemi quajtur \u2018brezi i anten\u00ebs s\u00eb ngritur n\u00eb mjegull\u2019, q\u00eb kishte filluar t\u00eb kapte sinjalet e kultur\u00ebs, librave, p\u00ebrkthimeve, t\u00eb autor\u00ebve \u00eb rinj, autor\u00ebt e ndaluar. Brezi im kishte nj\u00eb vizion t\u00eb sakt\u00eb p\u00ebr pluralizmin. Ndiqnim jet\u00ebn pluraliste. P\u00ebr k\u00ebt\u00eb korent, k\u00ebt\u00eb grupim kam p\u00ebrfaq\u00ebsuar un\u00eb bashk\u00eb me miq t\u00eb jter\u00eb si Gramoz Bashko, Neritan Ceka etj. N\u00eb vitin \u201992 ne kemi prodhuar nj\u00eb dokument politik q\u00eb ndoshta \u00ebsht\u00eb nd\u00ebr dokument\u00ebt e rrall\u00eb q\u00eb ka prodhur ndonj\u00eb grupim politik, q\u00eb \u00ebsht\u00eb dhe doktrinor, q\u00eb \u00ebsht\u00eb \u2018Nocioni\u2019. \u00cbsht\u00eb i gjall\u00eb. \u00cbsht\u00eb nj\u00eb lib\u00ebr politik. Un\u00eb me Arben Imamin e kemi shkruar, dhe hyrjen e ka shkruar Spartak Ngjela. Dua t\u00eb n\u00ebnvizoj q\u00eb politikisht un\u00eb jam mundur dhe e pranoj q\u00eb jam mundur nga ambienti. Idet\u00eb e mia nuk kan\u00eb fituar. Kjo nuk do t\u00eb thot\u00eb q\u00eb un\u00eb kam v\u00ebn\u00eb n\u00eb dyshim idet\u00eb e mia. Idet\u00eb liberale do t\u00eb rikonfirmohen si t\u00eb drejta p\u00ebr at\u00eb q\u00eb duhet t\u00eb ndodhte dhe q\u00eb nuk ka ndodhur q\u00eb do t\u00eb ndodh\u00eb. Vendi vazhdimisht ka kaluar n\u00eb disa etapa, ngjarje q\u00eb n\u00eb nj\u00eb far\u00eb m\u00ebnyre jan\u00eb zhvilluar n\u00eb nj\u00eb spirale q\u00eb ka p\u00ebrs\u00ebritur vetveten. Drejtuesit politik\u00eb q\u00eb kan\u00eb fituar, kan\u00eb d\u00ebshtuar p\u00ebr t\u00eb vendosur zgjedhje n\u00eb Shqip\u00ebri, na kan\u00eb pasur dhe do na ken\u00eb armiq p\u00ebr vdekje. Sa t\u00eb mundemi si individ\u00eb ose si grup p\u00ebr k\u00ebt\u00eb tem\u00eb. Kan\u00eb d\u00ebshtuar miqt\u00eb dhe kund\u00ebrshtar\u00ebt tan\u00eb p\u00ebr t\u00eb v\u00ebn\u00eb zgjedhjet n\u00eb Shqip\u00ebri. Kan\u00eb d\u00ebshtuar p\u00ebr t\u00eb vendosur sundimin e ligjit, p\u00ebr t\u00eb vendosur sundimin e ligjit n\u00eb gjith\u00eb piramid\u00ebn e shoq\u00ebris\u00eb dhe shtetit. Ligji p\u00ebr nj\u00eb pjes\u00eb, jo p\u00ebr t\u00eb gjith\u00eb. \u00a0Kan\u00eb d\u00ebshtuar p\u00ebr t\u00eb luftuar pand\u00ebshkueshm\u00ebrin\u00eb dhe sferat e larta ku vet\u00eb jan\u00eb alternuar n\u00eb pushtet her\u00eb pas here. \u00cbsht\u00eb e natyrshme q\u00eb t\u00eb ken\u00eb d\u00ebshtuar n\u00eb luft\u00ebn kund\u00ebr korrupsionit. N\u00eb k\u00ebto tre d\u00ebshtime jan\u00eb bashkaur, jan\u00eb bashk\u00eb q\u00eb t\u00eb gjith\u00eb. Un\u00eb kam q\u00ebn\u00eb pjes\u00eb aktive e politik\u00ebs, por nuk kam q\u00ebn\u00eb asnj\u00ebher\u00eb aty ku ka ndodhur ky d\u00ebshtim. E pranoj q\u00eb na kan\u00eb mundur. Na kan\u00eb prishur zgjedhjet, na kan\u00eb prishur republik\u00ebn. Zgjidhja \u00ebsht\u00eb n\u00eb prag. Doktrina liberal-demokrate, vet\u00eb demokracia nuk \u00ebsht\u00eb vet\u00ebm e djatht\u00eb, \u00ebsht\u00eb dhe e majt\u00eb dhe konservatore dhe liberale dhe socialiste\u201d.<\/em><\/p>\n<\/div>","protected":false},"excerpt":{"rendered":"<p>Forumet UET, Pre\u00e7 Zogaj: Politikisht jam mundur, idet\u00eb e mia nuk kan\u00eb fituar Analisti i njohur: Un\u00eb kam q\u00ebn\u00eb pjes\u00eb aktive e politik\u00ebs, por nuk kam qen\u00eb asnj\u00ebher\u00eb aty ku ka ndodhur ky d\u00ebshtim. E pranoj q\u00eb na kan\u00eb mundur. &hellip; <\/p>","protected":false},"author":1,"featured_media":3196,"comment_status":"closed","ping_status":"closed","sticky":false,"template":"","format":"standard","meta":{"footnotes":""},"categories":[59],"tags":[],"class_list":["post-3195","post","type-post","status-publish","format-standard","has-post-thumbnail","hentry","category-activities"],"yoast_head":"<!-- This site is optimized with the Yoast SEO plugin v26.9 - https:\/\/yoast.com\/product\/yoast-seo-wordpress\/ -->\n<title>Forumet UET, Pre\u00e7 Zogaj: Politikisht jam mundur, idet\u00eb e mia nuk kan\u00eb fituar - UET<\/title>\n<meta name=\"robots\" content=\"index, follow, max-snippet:-1, max-image-preview:large, max-video-preview:-1\" \/>\n<link rel=\"canonical\" href=\"https:\/\/uet.edu.al\/en\/3195-2\/\" \/>\n<meta property=\"og:locale\" content=\"en_US\" \/>\n<meta property=\"og:type\" content=\"article\" \/>\n<meta property=\"og:title\" content=\"Forumet UET, Pre\u00e7 Zogaj: Politikisht jam mundur, idet\u00eb e mia nuk kan\u00eb fituar - UET\" \/>\n<meta property=\"og:description\" content=\"Forumet UET, Pre\u00e7 Zogaj: Politikisht jam mundur, idet\u00eb e mia nuk kan\u00eb fituar Analisti i njohur: Un\u00eb kam q\u00ebn\u00eb pjes\u00eb aktive e politik\u00ebs, por nuk kam qen\u00eb asnj\u00ebher\u00eb aty ku ka ndodhur ky d\u00ebshtim. E pranoj q\u00eb na kan\u00eb mundur. &hellip;\" \/>\n<meta property=\"og:url\" content=\"https:\/\/uet.edu.al\/en\/3195-2\/\" \/>\n<meta property=\"og:site_name\" content=\"UET\" \/>\n<meta property=\"article:publisher\" content=\"https:\/\/www.facebook.com\/UniversitetiEuropianiTiranes\/\" \/>\n<meta property=\"article:published_time\" content=\"2018-11-14T21:25:37+00:00\" \/>\n<meta property=\"article:modified_time\" content=\"2022-02-23T11:55:43+00:00\" \/>\n<meta property=\"og:image\" content=\"https:\/\/uet.edu.al\/wp-content\/uploads\/2018\/11\/prec-zogaj-uet1-1024x682-1.jpg\" \/>\n\t<meta property=\"og:image:width\" content=\"1024\" \/>\n\t<meta property=\"og:image:height\" content=\"682\" \/>\n\t<meta property=\"og:image:type\" content=\"image\/jpeg\" \/>\n<meta name=\"author\" content=\"admin\" \/>\n<meta name=\"twitter:card\" content=\"summary_large_image\" \/>\n<meta name=\"twitter:label1\" content=\"Written by\" \/>\n\t<meta name=\"twitter:data1\" content=\"admin\" \/>\n\t<meta name=\"twitter:label2\" content=\"Est. reading time\" \/>\n\t<meta name=\"twitter:data2\" content=\"7 minutes\" \/>\n<script type=\"application\/ld+json\" class=\"yoast-schema-graph\">{\"@context\":\"https:\/\/schema.org\",\"@graph\":[{\"@type\":\"Article\",\"@id\":\"https:\/\/uet.edu.al\/3195-2\/#article\",\"isPartOf\":{\"@id\":\"https:\/\/uet.edu.al\/3195-2\/\"},\"author\":{\"name\":\"admin\",\"@id\":\"https:\/\/uet.edu.al\/en\/#\/schema\/person\/e0882bc49cd4b35d1e23bc03de52a227\"},\"headline\":\"Forumet UET, Pre\u00e7 Zogaj: Politikisht jam mundur, idet\u00eb e mia nuk kan\u00eb fituar\",\"datePublished\":\"2018-11-14T21:25:37+00:00\",\"dateModified\":\"2022-02-23T11:55:43+00:00\",\"mainEntityOfPage\":{\"@id\":\"https:\/\/uet.edu.al\/3195-2\/\"},\"wordCount\":1449,\"publisher\":{\"@id\":\"https:\/\/uet.edu.al\/en\/#organization\"},\"image\":{\"@id\":\"https:\/\/uet.edu.al\/3195-2\/#primaryimage\"},\"thumbnailUrl\":\"https:\/\/uet.edu.al\/wp-content\/uploads\/2018\/11\/prec-zogaj-uet1-1024x682-1.jpg\",\"articleSection\":[\"Aktivitete\"],\"inLanguage\":\"en-US\"},{\"@type\":\"WebPage\",\"@id\":\"https:\/\/uet.edu.al\/3195-2\/\",\"url\":\"https:\/\/uet.edu.al\/3195-2\/\",\"name\":\"Forumet UET, Pre\u00e7 Zogaj: Politikisht jam mundur, idet\u00eb e mia nuk kan\u00eb fituar - UET\",\"isPartOf\":{\"@id\":\"https:\/\/uet.edu.al\/en\/#website\"},\"primaryImageOfPage\":{\"@id\":\"https:\/\/uet.edu.al\/3195-2\/#primaryimage\"},\"image\":{\"@id\":\"https:\/\/uet.edu.al\/3195-2\/#primaryimage\"},\"thumbnailUrl\":\"https:\/\/uet.edu.al\/wp-content\/uploads\/2018\/11\/prec-zogaj-uet1-1024x682-1.jpg\",\"datePublished\":\"2018-11-14T21:25:37+00:00\",\"dateModified\":\"2022-02-23T11:55:43+00:00\",\"breadcrumb\":{\"@id\":\"https:\/\/uet.edu.al\/3195-2\/#breadcrumb\"},\"inLanguage\":\"en-US\",\"potentialAction\":[{\"@type\":\"ReadAction\",\"target\":[\"https:\/\/uet.edu.al\/3195-2\/\"]}]},{\"@type\":\"ImageObject\",\"inLanguage\":\"en-US\",\"@id\":\"https:\/\/uet.edu.al\/3195-2\/#primaryimage\",\"url\":\"https:\/\/uet.edu.al\/wp-content\/uploads\/2018\/11\/prec-zogaj-uet1-1024x682-1.jpg\",\"contentUrl\":\"https:\/\/uet.edu.al\/wp-content\/uploads\/2018\/11\/prec-zogaj-uet1-1024x682-1.jpg\",\"width\":1024,\"height\":682},{\"@type\":\"BreadcrumbList\",\"@id\":\"https:\/\/uet.edu.al\/3195-2\/#breadcrumb\",\"itemListElement\":[{\"@type\":\"ListItem\",\"position\":1,\"name\":\"Home\",\"item\":\"https:\/\/uet.edu.al\/\"},{\"@type\":\"ListItem\",\"position\":2,\"name\":\"Forumet UET, Pre\u00e7 Zogaj: Politikisht jam mundur, idet\u00eb e mia nuk kan\u00eb fituar\"}]},{\"@type\":\"WebSite\",\"@id\":\"https:\/\/uet.edu.al\/en\/#website\",\"url\":\"https:\/\/uet.edu.al\/en\/\",\"name\":\"UET\",\"description\":\"Universiteti Europian i Tiran\u00ebs\",\"publisher\":{\"@id\":\"https:\/\/uet.edu.al\/en\/#organization\"},\"potentialAction\":[{\"@type\":\"SearchAction\",\"target\":{\"@type\":\"EntryPoint\",\"urlTemplate\":\"https:\/\/uet.edu.al\/en\/?s={search_term_string}\"},\"query-input\":{\"@type\":\"PropertyValueSpecification\",\"valueRequired\":true,\"valueName\":\"search_term_string\"}}],\"inLanguage\":\"en-US\"},{\"@type\":\"Organization\",\"@id\":\"https:\/\/uet.edu.al\/en\/#organization\",\"name\":\"Universiteti Europian i Tiranes\",\"url\":\"https:\/\/uet.edu.al\/en\/\",\"logo\":{\"@type\":\"ImageObject\",\"inLanguage\":\"en-US\",\"@id\":\"https:\/\/uet.edu.al\/en\/#\/schema\/logo\/image\/\",\"url\":\"https:\/\/uet.edu.al\/wp-content\/uploads\/2022\/12\/Logo-pa-adrese.png\",\"contentUrl\":\"https:\/\/uet.edu.al\/wp-content\/uploads\/2022\/12\/Logo-pa-adrese.png\",\"width\":1418,\"height\":696,\"caption\":\"Universiteti Europian i Tiranes\"},\"image\":{\"@id\":\"https:\/\/uet.edu.al\/en\/#\/schema\/logo\/image\/\"},\"sameAs\":[\"https:\/\/www.facebook.com\/UniversitetiEuropianiTiranes\/\"]},{\"@type\":\"Person\",\"@id\":\"https:\/\/uet.edu.al\/en\/#\/schema\/person\/e0882bc49cd4b35d1e23bc03de52a227\",\"name\":\"admin\",\"sameAs\":[\"https:\/\/uet.edu.al\"],\"url\":\"https:\/\/uet.edu.al\/en\/author\/admin\/\"}]}<\/script>\n<!-- \/ Yoast SEO plugin. -->","yoast_head_json":{"title":"Forumet UET, Pre\u00e7 Zogaj: Politikisht jam mundur, idet\u00eb e mia nuk kan\u00eb fituar - UET","robots":{"index":"index","follow":"follow","max-snippet":"max-snippet:-1","max-image-preview":"max-image-preview:large","max-video-preview":"max-video-preview:-1"},"canonical":"https:\/\/uet.edu.al\/en\/3195-2\/","og_locale":"en_US","og_type":"article","og_title":"Forumet UET, Pre\u00e7 Zogaj: Politikisht jam mundur, idet\u00eb e mia nuk kan\u00eb fituar - UET","og_description":"Forumet UET, Pre\u00e7 Zogaj: Politikisht jam mundur, idet\u00eb e mia nuk kan\u00eb fituar Analisti i njohur: Un\u00eb kam q\u00ebn\u00eb pjes\u00eb aktive e politik\u00ebs, por nuk kam qen\u00eb asnj\u00ebher\u00eb aty ku ka ndodhur ky d\u00ebshtim. E pranoj q\u00eb na kan\u00eb mundur. &hellip;","og_url":"https:\/\/uet.edu.al\/en\/3195-2\/","og_site_name":"UET","article_publisher":"https:\/\/www.facebook.com\/UniversitetiEuropianiTiranes\/","article_published_time":"2018-11-14T21:25:37+00:00","article_modified_time":"2022-02-23T11:55:43+00:00","og_image":[{"width":1024,"height":682,"url":"https:\/\/uet.edu.al\/wp-content\/uploads\/2018\/11\/prec-zogaj-uet1-1024x682-1.jpg","type":"image\/jpeg"}],"author":"admin","twitter_card":"summary_large_image","twitter_misc":{"Written by":"admin","Est. reading time":"7 minutes"},"schema":{"@context":"https:\/\/schema.org","@graph":[{"@type":"Article","@id":"https:\/\/uet.edu.al\/3195-2\/#article","isPartOf":{"@id":"https:\/\/uet.edu.al\/3195-2\/"},"author":{"name":"admin","@id":"https:\/\/uet.edu.al\/en\/#\/schema\/person\/e0882bc49cd4b35d1e23bc03de52a227"},"headline":"Forumet UET, Pre\u00e7 Zogaj: Politikisht jam mundur, idet\u00eb e mia nuk kan\u00eb fituar","datePublished":"2018-11-14T21:25:37+00:00","dateModified":"2022-02-23T11:55:43+00:00","mainEntityOfPage":{"@id":"https:\/\/uet.edu.al\/3195-2\/"},"wordCount":1449,"publisher":{"@id":"https:\/\/uet.edu.al\/en\/#organization"},"image":{"@id":"https:\/\/uet.edu.al\/3195-2\/#primaryimage"},"thumbnailUrl":"https:\/\/uet.edu.al\/wp-content\/uploads\/2018\/11\/prec-zogaj-uet1-1024x682-1.jpg","articleSection":["Aktivitete"],"inLanguage":"en-US"},{"@type":"WebPage","@id":"https:\/\/uet.edu.al\/3195-2\/","url":"https:\/\/uet.edu.al\/3195-2\/","name":"Forumet UET, Pre\u00e7 Zogaj: Politikisht jam mundur, idet\u00eb e mia nuk kan\u00eb fituar - UET","isPartOf":{"@id":"https:\/\/uet.edu.al\/en\/#website"},"primaryImageOfPage":{"@id":"https:\/\/uet.edu.al\/3195-2\/#primaryimage"},"image":{"@id":"https:\/\/uet.edu.al\/3195-2\/#primaryimage"},"thumbnailUrl":"https:\/\/uet.edu.al\/wp-content\/uploads\/2018\/11\/prec-zogaj-uet1-1024x682-1.jpg","datePublished":"2018-11-14T21:25:37+00:00","dateModified":"2022-02-23T11:55:43+00:00","breadcrumb":{"@id":"https:\/\/uet.edu.al\/3195-2\/#breadcrumb"},"inLanguage":"en-US","potentialAction":[{"@type":"ReadAction","target":["https:\/\/uet.edu.al\/3195-2\/"]}]},{"@type":"ImageObject","inLanguage":"en-US","@id":"https:\/\/uet.edu.al\/3195-2\/#primaryimage","url":"https:\/\/uet.edu.al\/wp-content\/uploads\/2018\/11\/prec-zogaj-uet1-1024x682-1.jpg","contentUrl":"https:\/\/uet.edu.al\/wp-content\/uploads\/2018\/11\/prec-zogaj-uet1-1024x682-1.jpg","width":1024,"height":682},{"@type":"BreadcrumbList","@id":"https:\/\/uet.edu.al\/3195-2\/#breadcrumb","itemListElement":[{"@type":"ListItem","position":1,"name":"Home","item":"https:\/\/uet.edu.al\/"},{"@type":"ListItem","position":2,"name":"Forumet UET, Pre\u00e7 Zogaj: Politikisht jam mundur, idet\u00eb e mia nuk kan\u00eb fituar"}]},{"@type":"WebSite","@id":"https:\/\/uet.edu.al\/en\/#website","url":"https:\/\/uet.edu.al\/en\/","name":"UET","description":"Universiteti Europian i Tiran\u00ebs","publisher":{"@id":"https:\/\/uet.edu.al\/en\/#organization"},"potentialAction":[{"@type":"SearchAction","target":{"@type":"EntryPoint","urlTemplate":"https:\/\/uet.edu.al\/en\/?s={search_term_string}"},"query-input":{"@type":"PropertyValueSpecification","valueRequired":true,"valueName":"search_term_string"}}],"inLanguage":"en-US"},{"@type":"Organization","@id":"https:\/\/uet.edu.al\/en\/#organization","name":"Universiteti Europian i Tiranes","url":"https:\/\/uet.edu.al\/en\/","logo":{"@type":"ImageObject","inLanguage":"en-US","@id":"https:\/\/uet.edu.al\/en\/#\/schema\/logo\/image\/","url":"https:\/\/uet.edu.al\/wp-content\/uploads\/2022\/12\/Logo-pa-adrese.png","contentUrl":"https:\/\/uet.edu.al\/wp-content\/uploads\/2022\/12\/Logo-pa-adrese.png","width":1418,"height":696,"caption":"Universiteti Europian i Tiranes"},"image":{"@id":"https:\/\/uet.edu.al\/en\/#\/schema\/logo\/image\/"},"sameAs":["https:\/\/www.facebook.com\/UniversitetiEuropianiTiranes\/"]},{"@type":"Person","@id":"https:\/\/uet.edu.al\/en\/#\/schema\/person\/e0882bc49cd4b35d1e23bc03de52a227","name":"admin","sameAs":["https:\/\/uet.edu.al"],"url":"https:\/\/uet.edu.al\/en\/author\/admin\/"}]}},"_links":{"self":[{"href":"https:\/\/uet.edu.al\/en\/wp-json\/wp\/v2\/posts\/3195","targetHints":{"allow":["GET"]}}],"collection":[{"href":"https:\/\/uet.edu.al\/en\/wp-json\/wp\/v2\/posts"}],"about":[{"href":"https:\/\/uet.edu.al\/en\/wp-json\/wp\/v2\/types\/post"}],"author":[{"embeddable":true,"href":"https:\/\/uet.edu.al\/en\/wp-json\/wp\/v2\/users\/1"}],"replies":[{"embeddable":true,"href":"https:\/\/uet.edu.al\/en\/wp-json\/wp\/v2\/comments?post=3195"}],"version-history":[{"count":1,"href":"https:\/\/uet.edu.al\/en\/wp-json\/wp\/v2\/posts\/3195\/revisions"}],"predecessor-version":[{"id":12410,"href":"https:\/\/uet.edu.al\/en\/wp-json\/wp\/v2\/posts\/3195\/revisions\/12410"}],"wp:featuredmedia":[{"embeddable":true,"href":"https:\/\/uet.edu.al\/en\/wp-json\/wp\/v2\/media\/3196"}],"wp:attachment":[{"href":"https:\/\/uet.edu.al\/en\/wp-json\/wp\/v2\/media?parent=3195"}],"wp:term":[{"taxonomy":"category","embeddable":true,"href":"https:\/\/uet.edu.al\/en\/wp-json\/wp\/v2\/categories?post=3195"},{"taxonomy":"post_tag","embeddable":true,"href":"https:\/\/uet.edu.al\/en\/wp-json\/wp\/v2\/tags?post=3195"}],"curies":[{"name":"wp","href":"https:\/\/api.w.org\/{rel}","templated":true}]}}