{"id":19882,"date":"2025-07-11T14:10:39","date_gmt":"2025-07-11T12:10:39","guid":{"rendered":"https:\/\/uet.edu.al\/?p=19882"},"modified":"2025-07-11T14:11:19","modified_gmt":"2025-07-11T12:11:19","slug":"diplomohet-brezi-i-17-te-ne-uet-451-studente-finalizojne-studimet-ne-ciklin-bachelor","status":"publish","type":"post","link":"https:\/\/uet.edu.al\/en\/diplomohet-brezi-i-17-te-ne-uet-451-studente-finalizojne-studimet-ne-ciklin-bachelor\/","title":{"rendered":"Diplomohet brezi i 17-t\u00eb n\u00eb UET, 451 student\u00eb finalizojn\u00eb studimet n\u00eb ciklin bachelor"},"content":{"rendered":"<p>Thon\u00eb se historia p\u00ebrs\u00ebritet. N\u00eb fakt, v\u00ebshtir\u00eb se ka gj\u00ebra q\u00eb mbeten nj\u00ebsoj n\u00eb koh\u00eb t\u00eb ndryshme. As ky rikthim i ceremonis\u00eb s\u00eb diplomimit t\u00eb Universitetit Europian t\u00eb Tiran\u00ebs n\u00eb Pallatin e Kongreseve nuk ishte i ngjash\u00ebm. Vendi \u00ebsht\u00eb i nj\u00ebjt\u00eb, ende i disponuesh\u00ebm p\u00ebr ngjarje madhore, por universiteti nuk \u00ebsht\u00eb m\u00eb ai i 2009-\u00ebs kur u zhvillua ceremonia e diplomimit t\u00eb brezit t\u00eb par\u00eb.<\/p>\n<p>At\u00ebher\u00eb ishte ende nj\u00eb institucion n\u00eb formim e sip\u00ebr, q\u00eb punonte me vrull p\u00ebr t\u00eb skalitur identitetin e vet. Sot, pas 17 vitesh, \u00ebsht\u00eb nj\u00eb mark\u00eb lider i cil\u00ebsis\u00eb akademike, q\u00eb vijon me t\u00eb nj\u00ebjtin zell sfida t\u00eb reja t\u00eb njehsimit me standardet nd\u00ebrkomb\u00ebtare. Nuk mund t\u00eb jet\u00eb i nj\u00ebjt\u00eb as n\u00eb numra, qofshin ato fakultete, programe studimi, t\u00eb diplomuar, student\u00eb apo arritje.<\/p>\n<p>Salla e mbushur p\u00ebrplot, ndoshta edhe m\u00eb shum\u00eb se n\u00eb aktivitetet m\u00eb t\u00eb r\u00ebnd\u00ebsishme t\u00eb zhvilluara aty, me pranin\u00eb e t\u00eb gjith\u00eb brezave, nga t\u00eb porsalindurit deri t\u00eb gjysh\u00ebrit, d\u00ebshmoi r\u00ebnd\u00ebsin\u00eb q\u00eb ka kjo ngjarje p\u00ebr student\u00ebt shqiptar\u00eb dhe familjet e tyre.<\/p>\n<p>Ajo u b\u00eb m\u00eb e plot\u00eb me pranin\u00eb e t\u00eb ftuarve t\u00eb ve\u00e7ant\u00eb, si: ambasadori i par\u00eb i Gjermanis\u00eb n\u00eb Shqip\u00ebri, Werner Daum, njeriu q\u00eb strehoi mij\u00ebra shqiptar\u00eb n\u00eb selin\u00eb diplomatike n\u00eb korrik t\u00eb 1990-\u00ebs; ish-ministrja e Integrimit Europian dhe ish-Sekretare e P\u00ebrgjithshme e K\u00ebshillit t\u00eb Bashk\u00ebpunimit Rajonal, Majlinda Bregu, dhe ish-studentja e UET, Joana Meta, t\u00eb cil\u00ebt p\u00ebrsh\u00ebndet\u00ebn dhe motivuan t\u00eb diplomuarit.<\/p>\n<p>Me mbylljen e vitit akademik 2024-2025, Universiteti Europian i Tiran\u00ebs diplomoi 451 student\u00eb t\u00eb ciklit bachelor nga t\u00eb pes\u00eb fakultetet, t\u00eb cil\u00ebt p\u00ebrkojn\u00eb me brezin e 17-t\u00eb t\u00eb diplomuarve. Ata mbyllin nj\u00eb kapitull mjaft t\u00eb r\u00ebnd\u00ebsish\u00ebm t\u00eb jet\u00ebs, duke ruajtur fort kujtimet dhe \u00ebndrrat m\u00eb t\u00eb sinqerta, nd\u00ebrsa \u00e7elin der\u00ebn e p\u00ebrgjegj\u00ebsive, sfidave, arritjeve profesionale, t\u00eb realizimeve dhe sukseseve t\u00eb reja.<\/p>\n<p><img fetchpriority=\"high\" decoding=\"async\" class=\"alignnone wp-image-19887 size-full\" src=\"https:\/\/uet.edu.al\/wp-content\/uploads\/2025\/07\/900-0-1752230823xhha-8597jpg-938.jpg\" alt=\"\" width=\"900\" height=\"600\" srcset=\"https:\/\/uet.edu.al\/wp-content\/uploads\/2025\/07\/900-0-1752230823xhha-8597jpg-938.jpg 900w, https:\/\/uet.edu.al\/wp-content\/uploads\/2025\/07\/900-0-1752230823xhha-8597jpg-938-300x200.jpg 300w, https:\/\/uet.edu.al\/wp-content\/uploads\/2025\/07\/900-0-1752230823xhha-8597jpg-938-768x512.jpg 768w, https:\/\/uet.edu.al\/wp-content\/uploads\/2025\/07\/900-0-1752230823xhha-8597jpg-938-18x12.jpg 18w\" sizes=\"(max-width: 900px) 100vw, 900px\" \/><\/p>\n<p>\u201cKa qen\u00eb k\u00ebnaq\u00ebsi t\u00eb punonim s\u00ebbashku k\u00ebto vite q\u00eb jan\u00eb p\u00ebr ju themelet e gjith\u00e7kaje q\u00eb vjen m\u00eb pas n\u00eb rrug\u00ebtimin tuaj profesional\u201d, u shpreh presidenti i UET, prof. asoc. dr. Selami Xhepa. Duke i p\u00ebrg\u00ebzuar p\u00ebr p\u00ebrkushtimin e treguar dhe aft\u00ebsit\u00eb e fituara n\u00eb tre vite, Xhepa iu tha t\u00eb rinjve se jeta e tyre do t\u00eb vazhdoj\u00eb n\u00eb dimensione m\u00eb t\u00eb m\u00ebdha, me auditor\u00eb t\u00eb p\u00ebrmasave t\u00eb reja dhe me aktor\u00eb t\u00eb gjer\u00eb, nd\u00ebrsa i k\u00ebshilloi q\u00eb t\u00eb mos ndalen kurr\u00eb s\u00eb fituari dije, t\u00eb ruajn\u00eb miq\u00ebsit\u00eb dhe vlerat e vyera p\u00ebr ta.<\/p>\n<p>\u201cSi dikush q\u00eb \u00ebsht\u00eb diplomuar 36 vite m\u00eb par\u00eb, ka mjaft gj\u00ebra p\u00ebr t\u00eb ndar\u00eb me ju sonte, por e p\u00ebrmbledhur n\u00eb nj\u00eb fjali, ajo \u00ebsht\u00eb: kultivoni moralin e lart\u00eb dhe dashuri p\u00ebr dijen. Bashkoni fjal\u00ebn me vepr\u00ebn, rrituni p\u00ebr t\u2019u b\u00ebr\u00eb t\u00eb m\u00ebdhenj dhe t\u00eb virtytsh\u00ebm.\u201d Presidenti Xhepa i ftoi student\u00ebt t\u00eb punojn\u00eb p\u00ebr t\u00eb qen\u00eb vet\u00eb ndryshimi dhe aktor\u00ebt q\u00eb e prodhojn\u00eb at\u00eb, si dhe t\u00eb p\u00ebrfshihen n\u00eb proceset e ardhshme transformuese dhe modernizuese t\u00eb Shqip\u00ebris\u00eb.<\/p>\n<p><img decoding=\"async\" class=\"alignnone wp-image-19886 size-full\" src=\"https:\/\/uet.edu.al\/wp-content\/uploads\/2025\/07\/900-0-1752230821xhha-8659jpg-616.jpg\" alt=\"\" width=\"900\" height=\"600\" srcset=\"https:\/\/uet.edu.al\/wp-content\/uploads\/2025\/07\/900-0-1752230821xhha-8659jpg-616.jpg 900w, https:\/\/uet.edu.al\/wp-content\/uploads\/2025\/07\/900-0-1752230821xhha-8659jpg-616-300x200.jpg 300w, https:\/\/uet.edu.al\/wp-content\/uploads\/2025\/07\/900-0-1752230821xhha-8659jpg-616-768x512.jpg 768w, https:\/\/uet.edu.al\/wp-content\/uploads\/2025\/07\/900-0-1752230821xhha-8659jpg-616-18x12.jpg 18w\" sizes=\"(max-width: 900px) 100vw, 900px\" \/><\/p>\n<p>I mahnitur nga atmosfera, ambasadori i Gjermanis\u00eb n\u00eb Shqip\u00ebri n\u00eb vitet 1987-1990, Werner Daum, p\u00ebrg\u00ebzoi student\u00ebt, pedagog\u00ebt dhe prind\u00ebrit p\u00ebr k\u00ebt\u00eb arritje t\u00eb r\u00ebnd\u00ebsishme q\u00eb hap nj\u00eb kapitull t\u00eb ri n\u00eb jet\u00ebn e \u00e7do t\u00eb riu.<\/p>\n<p>\u201cJu p\u00ebrfaq\u00ebsoni t\u00eb ardhmen e k\u00ebtij vendi, por p\u00ebrfaq\u00ebsoni edhe \u00e7do gj\u00eb q\u00eb ky vend ka arritur n\u00eb t\u00eb kaluar\u00ebn. Ky \u00ebsht\u00eb v\u00ebrtet nj\u00eb vend evropian, i cili ka nj\u00eb histori t\u00eb mrekullueshme, monumente t\u00eb mrekullueshme. Ky vend \u00ebsht\u00eb simbol i arritjeve, i dashuris\u00eb dhe i kultur\u00ebs\u201d, u shpreh ish-ambasadori.<\/p>\n<p>z. Daum nuk u ndal gjat\u00eb te ngjarjet e para 35 viteve, ku shqiptar\u00ebt rr\u00ebzuan e kap\u00ebrcyen muret p\u00ebr t\u00eb hyr\u00eb brenda ambasadave dhe p\u00ebr t\u2019u larguar m\u00eb tej drejt vendeve evropiane, nj\u00eb akt q\u00eb tronditi themelet e regjimit. Ai foli p\u00ebr vlerat e Shqip\u00ebris\u00eb, t\u00eb cilin e ka adhuruar q\u00eb n\u00eb momentin e par\u00eb q\u00eb e shkeli, ndaj edhe i k\u00ebshilloi student\u00ebt t\u00eb japin kontribut p\u00ebr vendin e tyre.<\/p>\n<p><img decoding=\"async\" class=\"alignnone wp-image-19885 size-full\" src=\"https:\/\/uet.edu.al\/wp-content\/uploads\/2025\/07\/900-0-1752230820xrudi0019jpg-160.jpg\" alt=\"\" width=\"900\" height=\"600\" srcset=\"https:\/\/uet.edu.al\/wp-content\/uploads\/2025\/07\/900-0-1752230820xrudi0019jpg-160.jpg 900w, https:\/\/uet.edu.al\/wp-content\/uploads\/2025\/07\/900-0-1752230820xrudi0019jpg-160-300x200.jpg 300w, https:\/\/uet.edu.al\/wp-content\/uploads\/2025\/07\/900-0-1752230820xrudi0019jpg-160-768x512.jpg 768w, https:\/\/uet.edu.al\/wp-content\/uploads\/2025\/07\/900-0-1752230820xrudi0019jpg-160-18x12.jpg 18w\" sizes=\"(max-width: 900px) 100vw, 900px\" \/><\/p>\n<p>Duke e quajtur \u201cborxhi\u201d i brezit t\u00eb saj ndaj t\u00eb rinjve, ish- ministrja e Integrimit Europian, Majlinda Bregu, foli p\u00ebr r\u00ebnd\u00ebsin\u00eb e kultivimit t\u00eb nj\u00eb mendjeje t\u00eb hapur dhe zhvillimit t\u00eb mendimit kritik, t\u00eb cilat mund t\u00eb lul\u00ebzojn\u00eb vet\u00ebm n\u00eb ambiente universitare q\u00eb i kan\u00eb pjes\u00eb t\u00eb misionit t\u00eb tyre. \u201cPa m\u00ebsues, profesor\u00eb, t\u00eb cil\u00ebt jan\u00eb interesant\u00eb p\u00ebr ju, ngacmojn\u00eb mendimin dhe kurajon tuaj, do t\u00eb b\u00ebhet krejt\u00ebsisht e pamundur q\u00eb ju t\u00eb mbani mend q\u00eb nj\u00eb dit\u00eb keni arritur t\u00eb m\u00ebsoni di\u00e7ka t\u00eb mir\u00eb nga dikush.\u201d<\/p>\n<p>Znj. Bregu theksoi se pa arsim t\u00eb mir\u00eb dhe cil\u00ebsor, \u00e7do sistem shoq\u00ebror e politik mbetet i brisht\u00eb, dhe po ashtu \u00e7do lloj mund\u00ebsie p\u00ebr t\u2019u rikuperuar n\u00eb t\u00eb ardhmen mbetet nj\u00eb slogan.<\/p>\n<p>\u201cUroj q\u00eb rrug\u00ebtimi juaj t\u00eb jet\u00eb po kaq i bukur sa \u00ebsht\u00eb kjo mbr\u00ebmje e sotme e festimit t\u00eb diplom\u00ebs, por mbi t\u00eb gjitha uroj q\u00eb t\u00eb jet\u00eb i v\u00ebrtet\u00eb, dhe t\u00eb keni mund\u00ebsi, q\u00eb \u00e7far\u00ebdo q\u00eb t\u00eb b\u00ebni n\u00eb jet\u00eb, t\u00eb mos keni frik\u00eb n\u00ebse duhet t\u00eb jeni ata q\u00eb nuk duhet t\u00eb kap\u00ebrceni gardhet, por vet\u00ebm t\u00eb vrisni paragjykimet.\u201d<\/p>\n<p>Rektorja e UET, prof. dr. Drita Kruja, b\u00ebri nj\u00eb bilanc t\u00eb arritjeve t\u00eb student\u00ebve n\u00eb k\u00ebt\u00eb vit akademik, duke nisur nga shk\u00ebmbimet studentore me universitetet partnere, ku 48 student\u00eb t\u00eb UET zhvilluan nj\u00eb semest\u00ebr m\u00ebsimor n\u00eb nj\u00eb universitet europiane. Ajo p\u00ebrmendi m\u00eb tej student\u00ebt q\u00eb jan\u00eb b\u00ebr\u00eb pjes\u00eb e konkurseve, shfaqjeve, ekspozitave dhe projekteve nd\u00ebrkomb\u00ebtare, duke arritur rezultatet m\u00eb t\u00eb larta.<\/p>\n<p>\u201cArritjet e student\u00ebve tan\u00eb gjat\u00eb vitit akademik jan\u00eb nj\u00eb tregues i cil\u00ebsis\u00eb s\u00eb m\u00ebsimdh\u00ebnies, seriozitetit akademik dhe potencialit transformues t\u00eb brezit t\u00eb ri. N\u00eb \u00e7do fakultet kemi shembuj frym\u00ebzues t\u00eb p\u00ebrkushtimit dhe suksesit, q\u00eb nga konkurset nd\u00ebrkomb\u00ebtare e deri t\u00eb angazhimi qytetar, nga k\u00ebrkimi shkencor te arti, sporti dhe inovacioni\u201d, theksoi Kruja,<\/p>\n<p><img loading=\"lazy\" decoding=\"async\" class=\"alignnone wp-image-19884 size-full\" src=\"https:\/\/uet.edu.al\/wp-content\/uploads\/2025\/07\/900-0-1752230819xrudi0171jpg-993.jpg\" alt=\"\" width=\"900\" height=\"600\" srcset=\"https:\/\/uet.edu.al\/wp-content\/uploads\/2025\/07\/900-0-1752230819xrudi0171jpg-993.jpg 900w, https:\/\/uet.edu.al\/wp-content\/uploads\/2025\/07\/900-0-1752230819xrudi0171jpg-993-300x200.jpg 300w, https:\/\/uet.edu.al\/wp-content\/uploads\/2025\/07\/900-0-1752230819xrudi0171jpg-993-768x512.jpg 768w, https:\/\/uet.edu.al\/wp-content\/uploads\/2025\/07\/900-0-1752230819xrudi0171jpg-993-18x12.jpg 18w\" sizes=\"(max-width: 900px) 100vw, 900px\" \/><\/p>\n<p>Rektorja ftoi t\u00eb diplomuarit t\u00eb konsiderojn\u00eb studimet master si nj\u00eb mund\u00ebsi p\u00ebr t\u2019u rritur profesionalisht dhe p\u00ebr t\u2019iu p\u00ebrgjigjur m\u00eb mir\u00eb k\u00ebrkesave t\u00eb tregut t\u00eb pun\u00ebs. Po ashtu, Kruja ndau lajmin e mir\u00eb t\u00eb miratimit t\u00eb doktoraturave t\u00eb reja n\u00eb UET n\u00eb Inxhinieri-Nd\u00ebrtim-Arkitektur\u00eb, krahas atyre aktuale n\u00eb shkencat sociale.<\/p>\n<p>P\u00ebrve\u00e7 p\u00ebrsh\u00ebndetjes dhe njohjes me pes\u00eb student\u00ebt ekselent\u00eb, p\u00ebrfaq\u00ebsues t\u00eb secilit fakultet, t\u00eb diplomuarit u frym\u00ebzuan me historin\u00eb e ish-studentes s\u00eb UET, Joana Meta. Ajo udh\u00ebtoi enkas nga Londra, ku aktualisht jeton dhe punon, p\u00ebr t\u00eb qen\u00eb e pranishme n\u00eb k\u00ebt\u00eb ngjarje dhe p\u00ebr t\u00eb motivuar me rrug\u00ebtimin e saj.<\/p>\n<p>\u201cKampusi i UET \u00ebsht\u00eb vendi ku u rrita dhe u formova. Aty kuptova p\u00ebr her\u00eb t\u00eb par\u00eb r\u00ebnd\u00ebsin\u00eb e modeleve t\u00eb suksesit dhe pik\u00ebrisht n\u00eb ato auditor\u00eb ka lindur shk\u00ebndija e \u00e7do gj\u00ebje q\u00eb ka ardhur m\u00eb pas.\u201d<\/p>\n<p>Joana ka mbaruar ciklin bachelor p\u00ebr Financ\u00eb- Bank\u00eb n\u00eb vitet 2012- 2015 dhe m\u00eb tej vijoi studimet master n\u00eb Poloni. Pas disa viteve pun\u00eb n\u00eb Varshav\u00eb aplikoi p\u00ebr t\u00eb shkuar n\u00eb Lond\u00ebr. U desh\u00ebn dhjet\u00ebra refuzime gjat\u00eb 11 muajve, derisa m\u00eb n\u00eb fund erdhi p\u00ebrgjigjja pozitive, q\u00eb e \u00e7oi n\u00eb nj\u00eb rrug\u00eb dhe n\u00eb nj\u00eb \u00ebnd\u00ebrr t\u00eb re.<\/p>\n<p>\u201cMos reshtni kurr\u00eb s\u00eb \u00ebnd\u00ebrruar. \u00c7do gj\u00eb q\u00eb \u00ebsht\u00eb shpikur sot ka qen\u00eb \u00ebndrra e dikujt dje\u201d, iu drejtua ajo t\u00eb rinjve, duke i nxitur t\u00eb jen\u00eb t\u00eb qart\u00eb dhe k\u00ebmb\u00ebngul\u00ebs p\u00ebr at\u00eb q\u00eb duan t\u00eb arrijn\u00eb n\u00eb jet\u00eb.<\/p>","protected":false},"excerpt":{"rendered":"<p>Thon\u00eb se historia p\u00ebrs\u00ebritet. N\u00eb fakt, v\u00ebshtir\u00eb se ka gj\u00ebra q\u00eb mbeten nj\u00ebsoj n\u00eb koh\u00eb t\u00eb ndryshme. As ky rikthim i ceremonis\u00eb s\u00eb diplomimit t\u00eb Universitetit Europian t\u00eb Tiran\u00ebs n\u00eb Pallatin e Kongreseve nuk ishte i ngjash\u00ebm. Vendi \u00ebsht\u00eb i &hellip; <\/p>","protected":false},"author":9,"featured_media":19888,"comment_status":"closed","ping_status":"closed","sticky":false,"template":"","format":"standard","meta":{"footnotes":""},"categories":[59,61],"tags":[],"class_list":["post-19882","post","type-post","status-publish","format-standard","has-post-thumbnail","hentry","category-activities","category-te-ndryshme"],"yoast_head":"<!-- This site is optimized with the Yoast SEO plugin v26.9 - https:\/\/yoast.com\/product\/yoast-seo-wordpress\/ -->\n<title>Diplomohet brezi i 17-t\u00eb n\u00eb UET, 451 student\u00eb finalizojn\u00eb studimet n\u00eb ciklin bachelor - UET<\/title>\n<meta name=\"robots\" content=\"index, follow, max-snippet:-1, max-image-preview:large, max-video-preview:-1\" \/>\n<link rel=\"canonical\" href=\"https:\/\/uet.edu.al\/en\/diplomohet-brezi-i-17-te-ne-uet-451-studente-finalizojne-studimet-ne-ciklin-bachelor\/\" \/>\n<meta property=\"og:locale\" content=\"en_US\" \/>\n<meta property=\"og:type\" content=\"article\" \/>\n<meta property=\"og:title\" content=\"Diplomohet brezi i 17-t\u00eb n\u00eb UET, 451 student\u00eb finalizojn\u00eb studimet n\u00eb ciklin bachelor - UET\" \/>\n<meta property=\"og:description\" content=\"Thon\u00eb se historia p\u00ebrs\u00ebritet. N\u00eb fakt, v\u00ebshtir\u00eb se ka gj\u00ebra q\u00eb mbeten nj\u00ebsoj n\u00eb koh\u00eb t\u00eb ndryshme. As ky rikthim i ceremonis\u00eb s\u00eb diplomimit t\u00eb Universitetit Europian t\u00eb Tiran\u00ebs n\u00eb Pallatin e Kongreseve nuk ishte i ngjash\u00ebm. Vendi \u00ebsht\u00eb i &hellip;\" \/>\n<meta property=\"og:url\" content=\"https:\/\/uet.edu.al\/en\/diplomohet-brezi-i-17-te-ne-uet-451-studente-finalizojne-studimet-ne-ciklin-bachelor\/\" \/>\n<meta property=\"og:site_name\" content=\"UET\" \/>\n<meta property=\"article:publisher\" content=\"https:\/\/www.facebook.com\/UniversitetiEuropianiTiranes\/\" \/>\n<meta property=\"article:published_time\" content=\"2025-07-11T12:10:39+00:00\" \/>\n<meta property=\"article:modified_time\" content=\"2025-07-11T12:11:19+00:00\" \/>\n<meta property=\"og:image\" content=\"https:\/\/uet.edu.al\/wp-content\/uploads\/2025\/07\/900-0-1752231099xrudi0825jpg-152.jpg\" \/>\n\t<meta property=\"og:image:width\" content=\"900\" \/>\n\t<meta property=\"og:image:height\" content=\"600\" \/>\n\t<meta property=\"og:image:type\" content=\"image\/jpeg\" \/>\n<meta name=\"author\" content=\"Luiza Pinderi\" \/>\n<meta name=\"twitter:card\" content=\"summary_large_image\" \/>\n<meta name=\"twitter:label1\" content=\"Written by\" \/>\n\t<meta name=\"twitter:data1\" content=\"Luiza Pinderi\" \/>\n\t<meta name=\"twitter:label2\" content=\"Est. reading time\" \/>\n\t<meta name=\"twitter:data2\" content=\"7 minutes\" \/>\n<script type=\"application\/ld+json\" class=\"yoast-schema-graph\">{\"@context\":\"https:\/\/schema.org\",\"@graph\":[{\"@type\":\"Article\",\"@id\":\"https:\/\/uet.edu.al\/diplomohet-brezi-i-17-te-ne-uet-451-studente-finalizojne-studimet-ne-ciklin-bachelor\/#article\",\"isPartOf\":{\"@id\":\"https:\/\/uet.edu.al\/diplomohet-brezi-i-17-te-ne-uet-451-studente-finalizojne-studimet-ne-ciklin-bachelor\/\"},\"author\":{\"name\":\"Luiza Pinderi\",\"@id\":\"https:\/\/uet.edu.al\/en\/#\/schema\/person\/c94d953fdf4026dde8f62be49a3ce69c\"},\"headline\":\"Diplomohet brezi i 17-t\u00eb n\u00eb UET, 451 student\u00eb finalizojn\u00eb studimet n\u00eb ciklin bachelor\",\"datePublished\":\"2025-07-11T12:10:39+00:00\",\"dateModified\":\"2025-07-11T12:11:19+00:00\",\"mainEntityOfPage\":{\"@id\":\"https:\/\/uet.edu.al\/diplomohet-brezi-i-17-te-ne-uet-451-studente-finalizojne-studimet-ne-ciklin-bachelor\/\"},\"wordCount\":1357,\"publisher\":{\"@id\":\"https:\/\/uet.edu.al\/en\/#organization\"},\"image\":{\"@id\":\"https:\/\/uet.edu.al\/diplomohet-brezi-i-17-te-ne-uet-451-studente-finalizojne-studimet-ne-ciklin-bachelor\/#primaryimage\"},\"thumbnailUrl\":\"https:\/\/uet.edu.al\/wp-content\/uploads\/2025\/07\/900-0-1752231099xrudi0825jpg-152.jpg\",\"articleSection\":[\"Aktivitete\",\"T\u00eb ndryshme\"],\"inLanguage\":\"en-US\"},{\"@type\":\"WebPage\",\"@id\":\"https:\/\/uet.edu.al\/diplomohet-brezi-i-17-te-ne-uet-451-studente-finalizojne-studimet-ne-ciklin-bachelor\/\",\"url\":\"https:\/\/uet.edu.al\/diplomohet-brezi-i-17-te-ne-uet-451-studente-finalizojne-studimet-ne-ciklin-bachelor\/\",\"name\":\"Diplomohet brezi i 17-t\u00eb n\u00eb UET, 451 student\u00eb finalizojn\u00eb studimet n\u00eb ciklin bachelor - UET\",\"isPartOf\":{\"@id\":\"https:\/\/uet.edu.al\/en\/#website\"},\"primaryImageOfPage\":{\"@id\":\"https:\/\/uet.edu.al\/diplomohet-brezi-i-17-te-ne-uet-451-studente-finalizojne-studimet-ne-ciklin-bachelor\/#primaryimage\"},\"image\":{\"@id\":\"https:\/\/uet.edu.al\/diplomohet-brezi-i-17-te-ne-uet-451-studente-finalizojne-studimet-ne-ciklin-bachelor\/#primaryimage\"},\"thumbnailUrl\":\"https:\/\/uet.edu.al\/wp-content\/uploads\/2025\/07\/900-0-1752231099xrudi0825jpg-152.jpg\",\"datePublished\":\"2025-07-11T12:10:39+00:00\",\"dateModified\":\"2025-07-11T12:11:19+00:00\",\"breadcrumb\":{\"@id\":\"https:\/\/uet.edu.al\/diplomohet-brezi-i-17-te-ne-uet-451-studente-finalizojne-studimet-ne-ciklin-bachelor\/#breadcrumb\"},\"inLanguage\":\"en-US\",\"potentialAction\":[{\"@type\":\"ReadAction\",\"target\":[\"https:\/\/uet.edu.al\/diplomohet-brezi-i-17-te-ne-uet-451-studente-finalizojne-studimet-ne-ciklin-bachelor\/\"]}]},{\"@type\":\"ImageObject\",\"inLanguage\":\"en-US\",\"@id\":\"https:\/\/uet.edu.al\/diplomohet-brezi-i-17-te-ne-uet-451-studente-finalizojne-studimet-ne-ciklin-bachelor\/#primaryimage\",\"url\":\"https:\/\/uet.edu.al\/wp-content\/uploads\/2025\/07\/900-0-1752231099xrudi0825jpg-152.jpg\",\"contentUrl\":\"https:\/\/uet.edu.al\/wp-content\/uploads\/2025\/07\/900-0-1752231099xrudi0825jpg-152.jpg\",\"width\":900,\"height\":600},{\"@type\":\"BreadcrumbList\",\"@id\":\"https:\/\/uet.edu.al\/diplomohet-brezi-i-17-te-ne-uet-451-studente-finalizojne-studimet-ne-ciklin-bachelor\/#breadcrumb\",\"itemListElement\":[{\"@type\":\"ListItem\",\"position\":1,\"name\":\"Home\",\"item\":\"https:\/\/uet.edu.al\/\"},{\"@type\":\"ListItem\",\"position\":2,\"name\":\"Diplomohet brezi i 17-t\u00eb n\u00eb UET, 451 student\u00eb finalizojn\u00eb studimet n\u00eb ciklin bachelor\"}]},{\"@type\":\"WebSite\",\"@id\":\"https:\/\/uet.edu.al\/en\/#website\",\"url\":\"https:\/\/uet.edu.al\/en\/\",\"name\":\"UET\",\"description\":\"Universiteti Europian i Tiran\u00ebs\",\"publisher\":{\"@id\":\"https:\/\/uet.edu.al\/en\/#organization\"},\"potentialAction\":[{\"@type\":\"SearchAction\",\"target\":{\"@type\":\"EntryPoint\",\"urlTemplate\":\"https:\/\/uet.edu.al\/en\/?s={search_term_string}\"},\"query-input\":{\"@type\":\"PropertyValueSpecification\",\"valueRequired\":true,\"valueName\":\"search_term_string\"}}],\"inLanguage\":\"en-US\"},{\"@type\":\"Organization\",\"@id\":\"https:\/\/uet.edu.al\/en\/#organization\",\"name\":\"Universiteti Europian i Tiranes\",\"url\":\"https:\/\/uet.edu.al\/en\/\",\"logo\":{\"@type\":\"ImageObject\",\"inLanguage\":\"en-US\",\"@id\":\"https:\/\/uet.edu.al\/en\/#\/schema\/logo\/image\/\",\"url\":\"https:\/\/uet.edu.al\/wp-content\/uploads\/2022\/12\/Logo-pa-adrese.png\",\"contentUrl\":\"https:\/\/uet.edu.al\/wp-content\/uploads\/2022\/12\/Logo-pa-adrese.png\",\"width\":1418,\"height\":696,\"caption\":\"Universiteti Europian i Tiranes\"},\"image\":{\"@id\":\"https:\/\/uet.edu.al\/en\/#\/schema\/logo\/image\/\"},\"sameAs\":[\"https:\/\/www.facebook.com\/UniversitetiEuropianiTiranes\/\"]},{\"@type\":\"Person\",\"@id\":\"https:\/\/uet.edu.al\/en\/#\/schema\/person\/c94d953fdf4026dde8f62be49a3ce69c\",\"name\":\"Luiza Pinderi\",\"url\":\"https:\/\/uet.edu.al\/en\/author\/luizapinderi\/\"}]}<\/script>\n<!-- \/ Yoast SEO plugin. -->","yoast_head_json":{"title":"Diplomohet brezi i 17-t\u00eb n\u00eb UET, 451 student\u00eb finalizojn\u00eb studimet n\u00eb ciklin bachelor - UET","robots":{"index":"index","follow":"follow","max-snippet":"max-snippet:-1","max-image-preview":"max-image-preview:large","max-video-preview":"max-video-preview:-1"},"canonical":"https:\/\/uet.edu.al\/en\/diplomohet-brezi-i-17-te-ne-uet-451-studente-finalizojne-studimet-ne-ciklin-bachelor\/","og_locale":"en_US","og_type":"article","og_title":"Diplomohet brezi i 17-t\u00eb n\u00eb UET, 451 student\u00eb finalizojn\u00eb studimet n\u00eb ciklin bachelor - UET","og_description":"Thon\u00eb se historia p\u00ebrs\u00ebritet. N\u00eb fakt, v\u00ebshtir\u00eb se ka gj\u00ebra q\u00eb mbeten nj\u00ebsoj n\u00eb koh\u00eb t\u00eb ndryshme. As ky rikthim i ceremonis\u00eb s\u00eb diplomimit t\u00eb Universitetit Europian t\u00eb Tiran\u00ebs n\u00eb Pallatin e Kongreseve nuk ishte i ngjash\u00ebm. Vendi \u00ebsht\u00eb i &hellip;","og_url":"https:\/\/uet.edu.al\/en\/diplomohet-brezi-i-17-te-ne-uet-451-studente-finalizojne-studimet-ne-ciklin-bachelor\/","og_site_name":"UET","article_publisher":"https:\/\/www.facebook.com\/UniversitetiEuropianiTiranes\/","article_published_time":"2025-07-11T12:10:39+00:00","article_modified_time":"2025-07-11T12:11:19+00:00","og_image":[{"width":900,"height":600,"url":"https:\/\/uet.edu.al\/wp-content\/uploads\/2025\/07\/900-0-1752231099xrudi0825jpg-152.jpg","type":"image\/jpeg"}],"author":"Luiza Pinderi","twitter_card":"summary_large_image","twitter_misc":{"Written by":"Luiza Pinderi","Est. reading time":"7 minutes"},"schema":{"@context":"https:\/\/schema.org","@graph":[{"@type":"Article","@id":"https:\/\/uet.edu.al\/diplomohet-brezi-i-17-te-ne-uet-451-studente-finalizojne-studimet-ne-ciklin-bachelor\/#article","isPartOf":{"@id":"https:\/\/uet.edu.al\/diplomohet-brezi-i-17-te-ne-uet-451-studente-finalizojne-studimet-ne-ciklin-bachelor\/"},"author":{"name":"Luiza Pinderi","@id":"https:\/\/uet.edu.al\/en\/#\/schema\/person\/c94d953fdf4026dde8f62be49a3ce69c"},"headline":"Diplomohet brezi i 17-t\u00eb n\u00eb UET, 451 student\u00eb finalizojn\u00eb studimet n\u00eb ciklin bachelor","datePublished":"2025-07-11T12:10:39+00:00","dateModified":"2025-07-11T12:11:19+00:00","mainEntityOfPage":{"@id":"https:\/\/uet.edu.al\/diplomohet-brezi-i-17-te-ne-uet-451-studente-finalizojne-studimet-ne-ciklin-bachelor\/"},"wordCount":1357,"publisher":{"@id":"https:\/\/uet.edu.al\/en\/#organization"},"image":{"@id":"https:\/\/uet.edu.al\/diplomohet-brezi-i-17-te-ne-uet-451-studente-finalizojne-studimet-ne-ciklin-bachelor\/#primaryimage"},"thumbnailUrl":"https:\/\/uet.edu.al\/wp-content\/uploads\/2025\/07\/900-0-1752231099xrudi0825jpg-152.jpg","articleSection":["Aktivitete","T\u00eb ndryshme"],"inLanguage":"en-US"},{"@type":"WebPage","@id":"https:\/\/uet.edu.al\/diplomohet-brezi-i-17-te-ne-uet-451-studente-finalizojne-studimet-ne-ciklin-bachelor\/","url":"https:\/\/uet.edu.al\/diplomohet-brezi-i-17-te-ne-uet-451-studente-finalizojne-studimet-ne-ciklin-bachelor\/","name":"Diplomohet brezi i 17-t\u00eb n\u00eb UET, 451 student\u00eb finalizojn\u00eb studimet n\u00eb ciklin bachelor - UET","isPartOf":{"@id":"https:\/\/uet.edu.al\/en\/#website"},"primaryImageOfPage":{"@id":"https:\/\/uet.edu.al\/diplomohet-brezi-i-17-te-ne-uet-451-studente-finalizojne-studimet-ne-ciklin-bachelor\/#primaryimage"},"image":{"@id":"https:\/\/uet.edu.al\/diplomohet-brezi-i-17-te-ne-uet-451-studente-finalizojne-studimet-ne-ciklin-bachelor\/#primaryimage"},"thumbnailUrl":"https:\/\/uet.edu.al\/wp-content\/uploads\/2025\/07\/900-0-1752231099xrudi0825jpg-152.jpg","datePublished":"2025-07-11T12:10:39+00:00","dateModified":"2025-07-11T12:11:19+00:00","breadcrumb":{"@id":"https:\/\/uet.edu.al\/diplomohet-brezi-i-17-te-ne-uet-451-studente-finalizojne-studimet-ne-ciklin-bachelor\/#breadcrumb"},"inLanguage":"en-US","potentialAction":[{"@type":"ReadAction","target":["https:\/\/uet.edu.al\/diplomohet-brezi-i-17-te-ne-uet-451-studente-finalizojne-studimet-ne-ciklin-bachelor\/"]}]},{"@type":"ImageObject","inLanguage":"en-US","@id":"https:\/\/uet.edu.al\/diplomohet-brezi-i-17-te-ne-uet-451-studente-finalizojne-studimet-ne-ciklin-bachelor\/#primaryimage","url":"https:\/\/uet.edu.al\/wp-content\/uploads\/2025\/07\/900-0-1752231099xrudi0825jpg-152.jpg","contentUrl":"https:\/\/uet.edu.al\/wp-content\/uploads\/2025\/07\/900-0-1752231099xrudi0825jpg-152.jpg","width":900,"height":600},{"@type":"BreadcrumbList","@id":"https:\/\/uet.edu.al\/diplomohet-brezi-i-17-te-ne-uet-451-studente-finalizojne-studimet-ne-ciklin-bachelor\/#breadcrumb","itemListElement":[{"@type":"ListItem","position":1,"name":"Home","item":"https:\/\/uet.edu.al\/"},{"@type":"ListItem","position":2,"name":"Diplomohet brezi i 17-t\u00eb n\u00eb UET, 451 student\u00eb finalizojn\u00eb studimet n\u00eb ciklin bachelor"}]},{"@type":"WebSite","@id":"https:\/\/uet.edu.al\/en\/#website","url":"https:\/\/uet.edu.al\/en\/","name":"UET","description":"Universiteti Europian i Tiran\u00ebs","publisher":{"@id":"https:\/\/uet.edu.al\/en\/#organization"},"potentialAction":[{"@type":"SearchAction","target":{"@type":"EntryPoint","urlTemplate":"https:\/\/uet.edu.al\/en\/?s={search_term_string}"},"query-input":{"@type":"PropertyValueSpecification","valueRequired":true,"valueName":"search_term_string"}}],"inLanguage":"en-US"},{"@type":"Organization","@id":"https:\/\/uet.edu.al\/en\/#organization","name":"Universiteti Europian i Tiranes","url":"https:\/\/uet.edu.al\/en\/","logo":{"@type":"ImageObject","inLanguage":"en-US","@id":"https:\/\/uet.edu.al\/en\/#\/schema\/logo\/image\/","url":"https:\/\/uet.edu.al\/wp-content\/uploads\/2022\/12\/Logo-pa-adrese.png","contentUrl":"https:\/\/uet.edu.al\/wp-content\/uploads\/2022\/12\/Logo-pa-adrese.png","width":1418,"height":696,"caption":"Universiteti Europian i Tiranes"},"image":{"@id":"https:\/\/uet.edu.al\/en\/#\/schema\/logo\/image\/"},"sameAs":["https:\/\/www.facebook.com\/UniversitetiEuropianiTiranes\/"]},{"@type":"Person","@id":"https:\/\/uet.edu.al\/en\/#\/schema\/person\/c94d953fdf4026dde8f62be49a3ce69c","name":"Luiza Pinderi","url":"https:\/\/uet.edu.al\/en\/author\/luizapinderi\/"}]}},"_links":{"self":[{"href":"https:\/\/uet.edu.al\/en\/wp-json\/wp\/v2\/posts\/19882","targetHints":{"allow":["GET"]}}],"collection":[{"href":"https:\/\/uet.edu.al\/en\/wp-json\/wp\/v2\/posts"}],"about":[{"href":"https:\/\/uet.edu.al\/en\/wp-json\/wp\/v2\/types\/post"}],"author":[{"embeddable":true,"href":"https:\/\/uet.edu.al\/en\/wp-json\/wp\/v2\/users\/9"}],"replies":[{"embeddable":true,"href":"https:\/\/uet.edu.al\/en\/wp-json\/wp\/v2\/comments?post=19882"}],"version-history":[{"count":1,"href":"https:\/\/uet.edu.al\/en\/wp-json\/wp\/v2\/posts\/19882\/revisions"}],"predecessor-version":[{"id":19889,"href":"https:\/\/uet.edu.al\/en\/wp-json\/wp\/v2\/posts\/19882\/revisions\/19889"}],"wp:featuredmedia":[{"embeddable":true,"href":"https:\/\/uet.edu.al\/en\/wp-json\/wp\/v2\/media\/19888"}],"wp:attachment":[{"href":"https:\/\/uet.edu.al\/en\/wp-json\/wp\/v2\/media?parent=19882"}],"wp:term":[{"taxonomy":"category","embeddable":true,"href":"https:\/\/uet.edu.al\/en\/wp-json\/wp\/v2\/categories?post=19882"},{"taxonomy":"post_tag","embeddable":true,"href":"https:\/\/uet.edu.al\/en\/wp-json\/wp\/v2\/tags?post=19882"}],"curies":[{"name":"wp","href":"https:\/\/api.w.org\/{rel}","templated":true}]}}