{"id":19404,"date":"2025-05-09T10:22:56","date_gmt":"2025-05-09T08:22:56","guid":{"rendered":"https:\/\/uet.edu.al\/?p=19404"},"modified":"2025-05-09T18:55:42","modified_gmt":"2025-05-09T16:55:42","slug":"ministrja-e-bujqesise-anila-denaj-ne-forumet-e-uet-jo-bashkim-pronash-por-bujqesi-me-kontrate-per-te-prekur-tregun-e-be-se","status":"publish","type":"post","link":"https:\/\/uet.edu.al\/en\/ministrja-e-bujqesise-anila-denaj-ne-forumet-e-uet-jo-bashkim-pronash-por-bujqesi-me-kontrate-per-te-prekur-tregun-e-be-se\/","title":{"rendered":"Ministrja e Bujq\u00ebsis\u00eb Anila Denaj n\u00eb FORUMET UET: Bujq\u00ebsi me kontrat\u00eb p\u00ebr t\u00eb prekur tregun e BE-s\u00eb"},"content":{"rendered":"<p>E ardhmja e sektorit t\u00eb bujq\u00ebsis\u00eb shqiptare n\u00eb Bashkimin Europian ishte n\u00eb qend\u00ebr t\u00eb forumit t\u00eb radh\u00ebs n\u00eb Universitetin Europian t\u00eb Tiran\u00ebs, me t\u00eb ftuar ministren e Bujq\u00ebsis\u00eb dhe Zhvillimit Rural, znj. Anila Denaj. Ajo zhvilloi nj\u00eb bashk\u00ebbisedim me student\u00ebt dhe pedagog\u00ebt e Fakultetit t\u00eb Ekonomis\u00eb, Biznesit dhe Zhvillimit, n\u00ebn moderimin e dekanit ,prof. asoc. dr. Mateo Spaho, duke treguar m\u00eb tep\u00ebr mbi politikat, nismat dhe zhvillimet q\u00eb pritet t\u00eb ket\u00eb bujq\u00ebsia n\u00eb vendin ton\u00eb p\u00ebrgjat\u00eb procesit t\u00eb integrimit evropian.<\/p>\n<p>Denaj preku disa nga \u00e7\u00ebshtjet m\u00eb t\u00eb ndjeshme q\u00eb impaktojn\u00eb apo jan\u00eb jetike p\u00ebr k\u00ebt\u00eb sektor, si parcelizimi i tok\u00ebs pas viteve \u201990-t\u00eb, mungesa e dokumentacionit t\u00eb pron\u00ebsis\u00eb, etj. Sot bujq\u00ebsia z\u00eb mbi 16% t\u00eb GDP-s\u00eb dhe mban t\u00eb angazhuar rreth 35% t\u00eb popullsis\u00eb, kryesisht n\u00eb zonat rurale. Por pavar\u00ebsisht se bankat nuk jan\u00eb t\u00eb hapura p\u00ebr kreditimin e k\u00ebtij sektori, pasi vet\u00ebm 2% e portofolit t\u00eb kredis\u00eb shkon n\u00eb k\u00ebt\u00eb sektor, Denaj tha se vitin e kaluar jan\u00eb b\u00ebr\u00eb 540 mln euro eksporte, duke p\u00ebrmendur si nj\u00eb mb\u00ebshtetje t\u00eb madhe investimet e BE-s\u00eb.<\/p>\n<p>\u201c\u00cbsht\u00eb b\u00ebr\u00eb n\u00eb 5 vitet e fundit, dh\u00ebnia e ndihm\u00ebs financiare me kredi t\u00eb buta, me grande, fal\u00eb mb\u00ebshtetjes s\u00eb BE-s\u00eb, e cila financoi 1000 investime n\u00eb sera, stalla, agrop\u00ebrpunim, agrotruiz\u00ebm dhe agrogrumbullim. \u00c7far\u00eb do t\u00eb ndodh\u00eb n\u00eb 5 vitet e nuk \u00ebsht\u00eb vet\u00ebm financimi me kredi t\u00eb buta apo me grande, por \u00ebsht\u00eb nevoja q\u00eb t\u00eb lidhen n\u00eb nj\u00eb zinxhir vlere k\u00ebto pika me fermer\u00ebt dhe eksportuesit drejt tregjeve gjermane, italiane dhe t\u00eb Lindjes s\u00eb Mesme.\u201d<\/p>\n<p>Ministrja theksoi se \u00ebsht\u00eb mjaft e r\u00ebnd\u00ebsishme q\u00eb t\u00eb ndryshohet mend\u00ebsia se bujq\u00ebsin\u00eb b\u00ebjn\u00eb fermer\u00ebt dhe duhet t\u00eb nxitet biznesi i madh dhe i mes\u00ebm p\u00ebr t\u00eb hedhur syt\u00eb nga ky sektor, p\u00ebr t\u00eb investuar dhe zhvilluar m\u00eb tej. N\u00ebse sektori do t\u00eb jet\u00eb i organizuar dhe fermer\u00ebt e blegtor\u00ebt t\u00eb bashkuar, e t\u00eb nd\u00ebrlidhur me sip\u00ebrmarr\u00ebs m\u00eb t\u00eb m\u00ebdhenj, n\u00ebn mb\u00ebshtetjen e qeveris\u00eb, do t\u00eb plot\u00ebsohen t\u00eb gjitha k\u00ebrkesat q\u00eb vijn\u00eb nga jasht\u00eb p\u00ebr produkte shqiptare.<\/p>\n<p>\u201cNe kemi disa produkte ku duhet t\u00eb jemi m\u00eb t\u00eb fokusuar. Kemi disa fruta, qershia, mandarian, cil\u00ebsia e t\u00eb cil\u00ebve nuk \u00ebsht\u00eb si e fqinj\u00ebve, kemi vajin e ullirit, kemi bim\u00ebt medicinale, kemi peshk. Kemi nj\u00eb hart\u00eb Shqip\u00ebrie, ku e ka t\u00eb p\u00ebrcaktuar shum\u00eb t\u00eb qart\u00eb kush jan\u00eb pes\u00eb zonat me pes\u00eb produktet.\u00a0 N\u00ebse ne punojm\u00eb n\u00eb sensin e contract farming (bujq\u00ebsi me kontrat\u00eb) p\u00ebr k\u00ebto produkte, ne do t\u2019ia dalim. Por do nj\u00eb pun\u00eb renduese dhe incentivuese.\u201d<\/p>\n<p>Prandaj, Denaj sqaroi se shpesh iu k\u00ebrkon shpesh bizneseve q\u00eb t\u00eb angazhohen p\u00ebrmes nj\u00eb kontrate p\u00ebr t\u00eb arritur n\u00eb k\u00ebto tregje europiane e bot\u00ebrore, ku secili aktor luan rolin e vet, nga fermeri, te sip\u00ebrmarr\u00ebsit dhe qeveria<em>.<\/em><\/p>\n<p><img fetchpriority=\"high\" decoding=\"async\" class=\"alignnone wp-image-19405 size-full\" src=\"https:\/\/uet.edu.al\/wp-content\/uploads\/2025\/05\/HHA_1407-scaled.jpg\" alt=\"\" width=\"2560\" height=\"1707\" srcset=\"https:\/\/uet.edu.al\/wp-content\/uploads\/2025\/05\/HHA_1407-scaled.jpg 2560w, https:\/\/uet.edu.al\/wp-content\/uploads\/2025\/05\/HHA_1407-300x200.jpg 300w, https:\/\/uet.edu.al\/wp-content\/uploads\/2025\/05\/HHA_1407-1024x683.jpg 1024w, https:\/\/uet.edu.al\/wp-content\/uploads\/2025\/05\/HHA_1407-768x512.jpg 768w, https:\/\/uet.edu.al\/wp-content\/uploads\/2025\/05\/HHA_1407-1536x1024.jpg 1536w, https:\/\/uet.edu.al\/wp-content\/uploads\/2025\/05\/HHA_1407-2048x1365.jpg 2048w, https:\/\/uet.edu.al\/wp-content\/uploads\/2025\/05\/HHA_1407-18x12.jpg 18w\" sizes=\"(max-width: 2560px) 100vw, 2560px\" \/><\/p>\n<p>M\u00eb tej, ajo e cil\u00ebsoi joefektiv ligjin e 2017-\u00ebs \u201cP\u00ebr shoq\u00ebrit\u00eb e bashk\u00ebpunimit bujq\u00ebsor\u201d, i cili konsideron mund\u00ebsin\u00eb e bashkimit t\u00eb tok\u00ebs, gj\u00eb q\u00eb nuk \u00ebsht\u00eb shum\u00eb e pranueshme nga fermer\u00ebt. P\u00ebr k\u00ebt\u00eb arsye po shihet mund\u00ebsia e ndryshimit t\u00eb tij.<\/p>\n<p>\u201cUn\u00eb nuk besoj te k\u00ebto formate me penalitete. Penalitetet jan\u00eb kur helmon njer\u00ebzit, aty nuk ka kompromis. Un\u00eb besoj te incentivat, te ekonomia. Mendoj se ne mundte ta nxisim bashk\u00ebpunimin p\u00ebrmes incentivave. Un\u00eb e kam thyer me besimin tim q\u00eb shqiptar\u00ebt nuk bashkohen, Shqiptar\u00ebt bashkohen po t\u00eb kesh incentivat e duhura\u201d, u shpreh Denaj.<\/p>\n<p>Me nj\u00eb eksperienc\u00eb 20-vje\u00e7are n\u00eb sektorin e bankave, duke qen\u00eb drejtuese e disa institucioneve, Denaj tha se mbajtja e postit t\u00eb ministres s\u00eb Financave (2018-2021) e ndihmoi t\u00eb m\u00ebsonte m\u00eb shum\u00eb p\u00ebr makroekonomin\u00eb dhe menaxhimin e krizave, duke p\u00ebrballuar edhe dy periudha mjaft t\u00eb v\u00ebshtira q\u00eb prek\u00ebn vendin, t\u00ebrmeti dhe pandemia e COVID-19.<\/p>\n<p>Tashm\u00eb si ministre e Bujq\u00ebsis\u00eb dhe Zhvillimit Rural, ajo rr\u00ebfeu se puna e saj \u00ebsht\u00eb zhvendosur n\u00eb terren, p\u00ebr t\u00eb kuptuar sa af\u00ebr dhe larg \u00ebsht\u00eb sip\u00ebrmarrja, n\u00eb t\u00eb gjith\u00eb sektor\u00ebt, bujq\u00ebsi, blegtori, peshkim, p\u00ebr t\u00eb p\u00ebrmbyllur n\u00eb 2027-\u00ebn tre kapitujt p\u00ebr bujq\u00ebsin\u00eb: Kapitulli 11- Zhvillmi Rural, Kapitulli 12- Siguria Ushqimore, Kapitulli 13- Peshkimi.<\/p>\n<p>Sa i p\u00ebrket ndikimit t\u00eb kuotave t\u00eb prodhimit, Denaj tha se Shqip\u00ebria ka potencialin t\u00eb prodhoj\u00eb n\u00eb cil\u00ebsi shum\u00eb t\u00eb mir\u00eb disa produkte q\u00eb nuk prodhohen nga vendet fqinje.<\/p>\n<p>\u201cNe jemi t\u00eb vegj\u00ebl p\u00ebr t\u00eb prodhuar gabim apo p\u00ebr t\u00eb prodhuar jasht\u00eb standardeve. Jemi t\u00eb vegj\u00ebl n\u00eb madh\u00ebsi, por kemi nj\u00eb sip\u00ebrfaqe toke, n\u00eb m\u00ebnyr\u00ebn se si \u00ebsht\u00eb vendosur na b\u00ebn avantazhues. Ne mund t\u00eb konkurrojm\u00eb me prodhime n\u00eb sera dhe prodhimi \u00ebsht\u00eb trefishuar koh\u00ebt e fundit. Kemi disa fruta (qershia, mandarina, cil\u00ebsi m\u00eb e mir\u00eb se fqinj\u00ebt), perime ku mund t\u00eb jemi m\u00eb t\u00eb fokusuar, vaj i ullirit, bim\u00ebt medicinale, peshk\u201d, n\u00ebnvizoi ministrja.<\/p>\n<p>Denaj tha se integrimi i bujq\u00ebsis\u00eb ashtu edhe si i \u00e7do sektori tjet\u00ebr, nuk \u00ebsht\u00eb miratimi dhe aplikimi obligues i tij. \u00cbsht\u00eb nj\u00eb proces q\u00eb k\u00ebrkon p\u00ebrgjegj\u00ebsi sociale dhe ekonomike. E po ashtu, integrimi nuk n\u00ebnkupton vet\u00ebm p\u00ebrfitime dhe investime financiare, por n\u00ebnkupton edhe nj\u00eb s\u00ebr\u00eb detyrimesh, rregullash, standardesh q\u00eb duhet t\u00eb plot\u00ebsohen prej prodhuesve, n\u00eb m\u00ebnyr\u00eb q\u00eb produkti i tyre t\u00eb b\u00ebhet pjes\u00eb e tregut t\u00eb unionit.<\/p>\n<p>\u201cNj\u00eb nga detyrimet e m\u00ebdha q\u00eb kemi ne \u00ebsht\u00eb t\u00eb prodhojm\u00eb jo vet\u00ebm cil\u00ebsisht p\u00ebr pjes\u00ebn e pesticideve, produkteve organike, ligji i t\u00eb cilave kaloi vjet, por problemi m\u00eb i madh si do t\u00eb menaxhojm\u00eb mbetjet. Flitet p\u00ebr ekonomi qarkulluese, por nd\u00ebrkoh\u00eb ne jemi akoma te mbetjet.\u201d<\/p>\n<p>Ministrja foli m\u00eb tej p\u00ebr investimet e huaja q\u00eb po b\u00ebhen p\u00ebr zgjidhjen e k\u00ebtyre \u00e7\u00ebshtjeve, pa ndihm\u00ebn e t\u00eb cil\u00ebve Shqip\u00ebria do ta kishte m\u00eb t\u00eb v\u00ebshtir\u00eb t\u2019i afrohej tregut nd\u00ebrkomb\u00ebtar.<\/p>","protected":false},"excerpt":{"rendered":"<p>E ardhmja e sektorit t\u00eb bujq\u00ebsis\u00eb shqiptare n\u00eb Bashkimin Europian ishte n\u00eb qend\u00ebr t\u00eb forumit t\u00eb radh\u00ebs n\u00eb Universitetin Europian t\u00eb Tiran\u00ebs, me t\u00eb ftuar ministren e Bujq\u00ebsis\u00eb dhe Zhvillimit Rural, znj. Anila Denaj. Ajo zhvilloi nj\u00eb bashk\u00ebbisedim me student\u00ebt &hellip; <\/p>","protected":false},"author":9,"featured_media":19406,"comment_status":"closed","ping_status":"closed","sticky":false,"template":"","format":"standard","meta":{"footnotes":""},"categories":[59,61],"tags":[],"class_list":["post-19404","post","type-post","status-publish","format-standard","has-post-thumbnail","hentry","category-activities","category-te-ndryshme"],"yoast_head":"<!-- This site is optimized with the Yoast SEO plugin v26.9 - https:\/\/yoast.com\/product\/yoast-seo-wordpress\/ -->\n<title>Ministrja e Bujq\u00ebsis\u00eb Anila Denaj n\u00eb FORUMET UET: Bujq\u00ebsi me kontrat\u00eb p\u00ebr t\u00eb prekur tregun e BE-s\u00eb - UET<\/title>\n<meta name=\"robots\" content=\"index, follow, max-snippet:-1, max-image-preview:large, max-video-preview:-1\" \/>\n<link rel=\"canonical\" href=\"https:\/\/uet.edu.al\/en\/ministrja-e-bujqesise-anila-denaj-ne-forumet-e-uet-jo-bashkim-pronash-por-bujqesi-me-kontrate-per-te-prekur-tregun-e-be-se\/\" \/>\n<meta property=\"og:locale\" content=\"en_US\" \/>\n<meta property=\"og:type\" content=\"article\" \/>\n<meta property=\"og:title\" content=\"Ministrja e Bujq\u00ebsis\u00eb Anila Denaj n\u00eb FORUMET UET: Bujq\u00ebsi me kontrat\u00eb p\u00ebr t\u00eb prekur tregun e BE-s\u00eb - UET\" \/>\n<meta property=\"og:description\" content=\"E ardhmja e sektorit t\u00eb bujq\u00ebsis\u00eb shqiptare n\u00eb Bashkimin Europian ishte n\u00eb qend\u00ebr t\u00eb forumit t\u00eb radh\u00ebs n\u00eb Universitetin Europian t\u00eb Tiran\u00ebs, me t\u00eb ftuar ministren e Bujq\u00ebsis\u00eb dhe Zhvillimit Rural, znj. Anila Denaj. Ajo zhvilloi nj\u00eb bashk\u00ebbisedim me student\u00ebt &hellip;\" \/>\n<meta property=\"og:url\" content=\"https:\/\/uet.edu.al\/en\/ministrja-e-bujqesise-anila-denaj-ne-forumet-e-uet-jo-bashkim-pronash-por-bujqesi-me-kontrate-per-te-prekur-tregun-e-be-se\/\" \/>\n<meta property=\"og:site_name\" content=\"UET\" \/>\n<meta property=\"article:publisher\" content=\"https:\/\/www.facebook.com\/UniversitetiEuropianiTiranes\/\" \/>\n<meta property=\"article:published_time\" content=\"2025-05-09T08:22:56+00:00\" \/>\n<meta property=\"article:modified_time\" content=\"2025-05-09T16:55:42+00:00\" \/>\n<meta property=\"og:image\" content=\"https:\/\/uet.edu.al\/wp-content\/uploads\/2025\/05\/HHA_1338-scaled.jpg\" \/>\n\t<meta property=\"og:image:width\" content=\"2560\" \/>\n\t<meta property=\"og:image:height\" content=\"1708\" \/>\n\t<meta property=\"og:image:type\" content=\"image\/jpeg\" \/>\n<meta name=\"author\" content=\"Luiza Pinderi\" \/>\n<meta name=\"twitter:card\" content=\"summary_large_image\" \/>\n<meta name=\"twitter:label1\" content=\"Written by\" \/>\n\t<meta name=\"twitter:data1\" content=\"Luiza Pinderi\" \/>\n\t<meta name=\"twitter:label2\" content=\"Est. reading time\" \/>\n\t<meta name=\"twitter:data2\" content=\"5 minutes\" \/>\n<script type=\"application\/ld+json\" class=\"yoast-schema-graph\">{\"@context\":\"https:\/\/schema.org\",\"@graph\":[{\"@type\":\"Article\",\"@id\":\"https:\/\/uet.edu.al\/ministrja-e-bujqesise-anila-denaj-ne-forumet-e-uet-jo-bashkim-pronash-por-bujqesi-me-kontrate-per-te-prekur-tregun-e-be-se\/#article\",\"isPartOf\":{\"@id\":\"https:\/\/uet.edu.al\/ministrja-e-bujqesise-anila-denaj-ne-forumet-e-uet-jo-bashkim-pronash-por-bujqesi-me-kontrate-per-te-prekur-tregun-e-be-se\/\"},\"author\":{\"name\":\"Luiza Pinderi\",\"@id\":\"https:\/\/uet.edu.al\/en\/#\/schema\/person\/c94d953fdf4026dde8f62be49a3ce69c\"},\"headline\":\"Ministrja e Bujq\u00ebsis\u00eb Anila Denaj n\u00eb FORUMET UET: Bujq\u00ebsi me kontrat\u00eb p\u00ebr t\u00eb prekur tregun e BE-s\u00eb\",\"datePublished\":\"2025-05-09T08:22:56+00:00\",\"dateModified\":\"2025-05-09T16:55:42+00:00\",\"mainEntityOfPage\":{\"@id\":\"https:\/\/uet.edu.al\/ministrja-e-bujqesise-anila-denaj-ne-forumet-e-uet-jo-bashkim-pronash-por-bujqesi-me-kontrate-per-te-prekur-tregun-e-be-se\/\"},\"wordCount\":1067,\"publisher\":{\"@id\":\"https:\/\/uet.edu.al\/en\/#organization\"},\"image\":{\"@id\":\"https:\/\/uet.edu.al\/ministrja-e-bujqesise-anila-denaj-ne-forumet-e-uet-jo-bashkim-pronash-por-bujqesi-me-kontrate-per-te-prekur-tregun-e-be-se\/#primaryimage\"},\"thumbnailUrl\":\"https:\/\/uet.edu.al\/wp-content\/uploads\/2025\/05\/HHA_1338-scaled.jpg\",\"articleSection\":[\"Aktivitete\",\"T\u00eb ndryshme\"],\"inLanguage\":\"en-US\"},{\"@type\":\"WebPage\",\"@id\":\"https:\/\/uet.edu.al\/ministrja-e-bujqesise-anila-denaj-ne-forumet-e-uet-jo-bashkim-pronash-por-bujqesi-me-kontrate-per-te-prekur-tregun-e-be-se\/\",\"url\":\"https:\/\/uet.edu.al\/ministrja-e-bujqesise-anila-denaj-ne-forumet-e-uet-jo-bashkim-pronash-por-bujqesi-me-kontrate-per-te-prekur-tregun-e-be-se\/\",\"name\":\"Ministrja e Bujq\u00ebsis\u00eb Anila Denaj n\u00eb FORUMET UET: Bujq\u00ebsi me kontrat\u00eb p\u00ebr t\u00eb prekur tregun e BE-s\u00eb - UET\",\"isPartOf\":{\"@id\":\"https:\/\/uet.edu.al\/en\/#website\"},\"primaryImageOfPage\":{\"@id\":\"https:\/\/uet.edu.al\/ministrja-e-bujqesise-anila-denaj-ne-forumet-e-uet-jo-bashkim-pronash-por-bujqesi-me-kontrate-per-te-prekur-tregun-e-be-se\/#primaryimage\"},\"image\":{\"@id\":\"https:\/\/uet.edu.al\/ministrja-e-bujqesise-anila-denaj-ne-forumet-e-uet-jo-bashkim-pronash-por-bujqesi-me-kontrate-per-te-prekur-tregun-e-be-se\/#primaryimage\"},\"thumbnailUrl\":\"https:\/\/uet.edu.al\/wp-content\/uploads\/2025\/05\/HHA_1338-scaled.jpg\",\"datePublished\":\"2025-05-09T08:22:56+00:00\",\"dateModified\":\"2025-05-09T16:55:42+00:00\",\"breadcrumb\":{\"@id\":\"https:\/\/uet.edu.al\/ministrja-e-bujqesise-anila-denaj-ne-forumet-e-uet-jo-bashkim-pronash-por-bujqesi-me-kontrate-per-te-prekur-tregun-e-be-se\/#breadcrumb\"},\"inLanguage\":\"en-US\",\"potentialAction\":[{\"@type\":\"ReadAction\",\"target\":[\"https:\/\/uet.edu.al\/ministrja-e-bujqesise-anila-denaj-ne-forumet-e-uet-jo-bashkim-pronash-por-bujqesi-me-kontrate-per-te-prekur-tregun-e-be-se\/\"]}]},{\"@type\":\"ImageObject\",\"inLanguage\":\"en-US\",\"@id\":\"https:\/\/uet.edu.al\/ministrja-e-bujqesise-anila-denaj-ne-forumet-e-uet-jo-bashkim-pronash-por-bujqesi-me-kontrate-per-te-prekur-tregun-e-be-se\/#primaryimage\",\"url\":\"https:\/\/uet.edu.al\/wp-content\/uploads\/2025\/05\/HHA_1338-scaled.jpg\",\"contentUrl\":\"https:\/\/uet.edu.al\/wp-content\/uploads\/2025\/05\/HHA_1338-scaled.jpg\",\"width\":2560,\"height\":1708},{\"@type\":\"BreadcrumbList\",\"@id\":\"https:\/\/uet.edu.al\/ministrja-e-bujqesise-anila-denaj-ne-forumet-e-uet-jo-bashkim-pronash-por-bujqesi-me-kontrate-per-te-prekur-tregun-e-be-se\/#breadcrumb\",\"itemListElement\":[{\"@type\":\"ListItem\",\"position\":1,\"name\":\"Home\",\"item\":\"https:\/\/uet.edu.al\/\"},{\"@type\":\"ListItem\",\"position\":2,\"name\":\"Ministrja e Bujq\u00ebsis\u00eb Anila Denaj n\u00eb FORUMET UET: Bujq\u00ebsi me kontrat\u00eb p\u00ebr t\u00eb prekur tregun e BE-s\u00eb\"}]},{\"@type\":\"WebSite\",\"@id\":\"https:\/\/uet.edu.al\/en\/#website\",\"url\":\"https:\/\/uet.edu.al\/en\/\",\"name\":\"UET\",\"description\":\"Universiteti Europian i Tiran\u00ebs\",\"publisher\":{\"@id\":\"https:\/\/uet.edu.al\/en\/#organization\"},\"potentialAction\":[{\"@type\":\"SearchAction\",\"target\":{\"@type\":\"EntryPoint\",\"urlTemplate\":\"https:\/\/uet.edu.al\/en\/?s={search_term_string}\"},\"query-input\":{\"@type\":\"PropertyValueSpecification\",\"valueRequired\":true,\"valueName\":\"search_term_string\"}}],\"inLanguage\":\"en-US\"},{\"@type\":\"Organization\",\"@id\":\"https:\/\/uet.edu.al\/en\/#organization\",\"name\":\"Universiteti Europian i Tiranes\",\"url\":\"https:\/\/uet.edu.al\/en\/\",\"logo\":{\"@type\":\"ImageObject\",\"inLanguage\":\"en-US\",\"@id\":\"https:\/\/uet.edu.al\/en\/#\/schema\/logo\/image\/\",\"url\":\"https:\/\/uet.edu.al\/wp-content\/uploads\/2022\/12\/Logo-pa-adrese.png\",\"contentUrl\":\"https:\/\/uet.edu.al\/wp-content\/uploads\/2022\/12\/Logo-pa-adrese.png\",\"width\":1418,\"height\":696,\"caption\":\"Universiteti Europian i Tiranes\"},\"image\":{\"@id\":\"https:\/\/uet.edu.al\/en\/#\/schema\/logo\/image\/\"},\"sameAs\":[\"https:\/\/www.facebook.com\/UniversitetiEuropianiTiranes\/\"]},{\"@type\":\"Person\",\"@id\":\"https:\/\/uet.edu.al\/en\/#\/schema\/person\/c94d953fdf4026dde8f62be49a3ce69c\",\"name\":\"Luiza Pinderi\",\"url\":\"https:\/\/uet.edu.al\/en\/author\/luizapinderi\/\"}]}<\/script>\n<!-- \/ Yoast SEO plugin. -->","yoast_head_json":{"title":"Ministrja e Bujq\u00ebsis\u00eb Anila Denaj n\u00eb FORUMET UET: Bujq\u00ebsi me kontrat\u00eb p\u00ebr t\u00eb prekur tregun e BE-s\u00eb - UET","robots":{"index":"index","follow":"follow","max-snippet":"max-snippet:-1","max-image-preview":"max-image-preview:large","max-video-preview":"max-video-preview:-1"},"canonical":"https:\/\/uet.edu.al\/en\/ministrja-e-bujqesise-anila-denaj-ne-forumet-e-uet-jo-bashkim-pronash-por-bujqesi-me-kontrate-per-te-prekur-tregun-e-be-se\/","og_locale":"en_US","og_type":"article","og_title":"Ministrja e Bujq\u00ebsis\u00eb Anila Denaj n\u00eb FORUMET UET: Bujq\u00ebsi me kontrat\u00eb p\u00ebr t\u00eb prekur tregun e BE-s\u00eb - UET","og_description":"E ardhmja e sektorit t\u00eb bujq\u00ebsis\u00eb shqiptare n\u00eb Bashkimin Europian ishte n\u00eb qend\u00ebr t\u00eb forumit t\u00eb radh\u00ebs n\u00eb Universitetin Europian t\u00eb Tiran\u00ebs, me t\u00eb ftuar ministren e Bujq\u00ebsis\u00eb dhe Zhvillimit Rural, znj. Anila Denaj. Ajo zhvilloi nj\u00eb bashk\u00ebbisedim me student\u00ebt &hellip;","og_url":"https:\/\/uet.edu.al\/en\/ministrja-e-bujqesise-anila-denaj-ne-forumet-e-uet-jo-bashkim-pronash-por-bujqesi-me-kontrate-per-te-prekur-tregun-e-be-se\/","og_site_name":"UET","article_publisher":"https:\/\/www.facebook.com\/UniversitetiEuropianiTiranes\/","article_published_time":"2025-05-09T08:22:56+00:00","article_modified_time":"2025-05-09T16:55:42+00:00","og_image":[{"width":2560,"height":1708,"url":"https:\/\/uet.edu.al\/wp-content\/uploads\/2025\/05\/HHA_1338-scaled.jpg","type":"image\/jpeg"}],"author":"Luiza Pinderi","twitter_card":"summary_large_image","twitter_misc":{"Written by":"Luiza Pinderi","Est. reading time":"5 minutes"},"schema":{"@context":"https:\/\/schema.org","@graph":[{"@type":"Article","@id":"https:\/\/uet.edu.al\/ministrja-e-bujqesise-anila-denaj-ne-forumet-e-uet-jo-bashkim-pronash-por-bujqesi-me-kontrate-per-te-prekur-tregun-e-be-se\/#article","isPartOf":{"@id":"https:\/\/uet.edu.al\/ministrja-e-bujqesise-anila-denaj-ne-forumet-e-uet-jo-bashkim-pronash-por-bujqesi-me-kontrate-per-te-prekur-tregun-e-be-se\/"},"author":{"name":"Luiza Pinderi","@id":"https:\/\/uet.edu.al\/en\/#\/schema\/person\/c94d953fdf4026dde8f62be49a3ce69c"},"headline":"Ministrja e Bujq\u00ebsis\u00eb Anila Denaj n\u00eb FORUMET UET: Bujq\u00ebsi me kontrat\u00eb p\u00ebr t\u00eb prekur tregun e BE-s\u00eb","datePublished":"2025-05-09T08:22:56+00:00","dateModified":"2025-05-09T16:55:42+00:00","mainEntityOfPage":{"@id":"https:\/\/uet.edu.al\/ministrja-e-bujqesise-anila-denaj-ne-forumet-e-uet-jo-bashkim-pronash-por-bujqesi-me-kontrate-per-te-prekur-tregun-e-be-se\/"},"wordCount":1067,"publisher":{"@id":"https:\/\/uet.edu.al\/en\/#organization"},"image":{"@id":"https:\/\/uet.edu.al\/ministrja-e-bujqesise-anila-denaj-ne-forumet-e-uet-jo-bashkim-pronash-por-bujqesi-me-kontrate-per-te-prekur-tregun-e-be-se\/#primaryimage"},"thumbnailUrl":"https:\/\/uet.edu.al\/wp-content\/uploads\/2025\/05\/HHA_1338-scaled.jpg","articleSection":["Aktivitete","T\u00eb ndryshme"],"inLanguage":"en-US"},{"@type":"WebPage","@id":"https:\/\/uet.edu.al\/ministrja-e-bujqesise-anila-denaj-ne-forumet-e-uet-jo-bashkim-pronash-por-bujqesi-me-kontrate-per-te-prekur-tregun-e-be-se\/","url":"https:\/\/uet.edu.al\/ministrja-e-bujqesise-anila-denaj-ne-forumet-e-uet-jo-bashkim-pronash-por-bujqesi-me-kontrate-per-te-prekur-tregun-e-be-se\/","name":"Ministrja e Bujq\u00ebsis\u00eb Anila Denaj n\u00eb FORUMET UET: Bujq\u00ebsi me kontrat\u00eb p\u00ebr t\u00eb prekur tregun e BE-s\u00eb - UET","isPartOf":{"@id":"https:\/\/uet.edu.al\/en\/#website"},"primaryImageOfPage":{"@id":"https:\/\/uet.edu.al\/ministrja-e-bujqesise-anila-denaj-ne-forumet-e-uet-jo-bashkim-pronash-por-bujqesi-me-kontrate-per-te-prekur-tregun-e-be-se\/#primaryimage"},"image":{"@id":"https:\/\/uet.edu.al\/ministrja-e-bujqesise-anila-denaj-ne-forumet-e-uet-jo-bashkim-pronash-por-bujqesi-me-kontrate-per-te-prekur-tregun-e-be-se\/#primaryimage"},"thumbnailUrl":"https:\/\/uet.edu.al\/wp-content\/uploads\/2025\/05\/HHA_1338-scaled.jpg","datePublished":"2025-05-09T08:22:56+00:00","dateModified":"2025-05-09T16:55:42+00:00","breadcrumb":{"@id":"https:\/\/uet.edu.al\/ministrja-e-bujqesise-anila-denaj-ne-forumet-e-uet-jo-bashkim-pronash-por-bujqesi-me-kontrate-per-te-prekur-tregun-e-be-se\/#breadcrumb"},"inLanguage":"en-US","potentialAction":[{"@type":"ReadAction","target":["https:\/\/uet.edu.al\/ministrja-e-bujqesise-anila-denaj-ne-forumet-e-uet-jo-bashkim-pronash-por-bujqesi-me-kontrate-per-te-prekur-tregun-e-be-se\/"]}]},{"@type":"ImageObject","inLanguage":"en-US","@id":"https:\/\/uet.edu.al\/ministrja-e-bujqesise-anila-denaj-ne-forumet-e-uet-jo-bashkim-pronash-por-bujqesi-me-kontrate-per-te-prekur-tregun-e-be-se\/#primaryimage","url":"https:\/\/uet.edu.al\/wp-content\/uploads\/2025\/05\/HHA_1338-scaled.jpg","contentUrl":"https:\/\/uet.edu.al\/wp-content\/uploads\/2025\/05\/HHA_1338-scaled.jpg","width":2560,"height":1708},{"@type":"BreadcrumbList","@id":"https:\/\/uet.edu.al\/ministrja-e-bujqesise-anila-denaj-ne-forumet-e-uet-jo-bashkim-pronash-por-bujqesi-me-kontrate-per-te-prekur-tregun-e-be-se\/#breadcrumb","itemListElement":[{"@type":"ListItem","position":1,"name":"Home","item":"https:\/\/uet.edu.al\/"},{"@type":"ListItem","position":2,"name":"Ministrja e Bujq\u00ebsis\u00eb Anila Denaj n\u00eb FORUMET UET: Bujq\u00ebsi me kontrat\u00eb p\u00ebr t\u00eb prekur tregun e BE-s\u00eb"}]},{"@type":"WebSite","@id":"https:\/\/uet.edu.al\/en\/#website","url":"https:\/\/uet.edu.al\/en\/","name":"UET","description":"Universiteti Europian i Tiran\u00ebs","publisher":{"@id":"https:\/\/uet.edu.al\/en\/#organization"},"potentialAction":[{"@type":"SearchAction","target":{"@type":"EntryPoint","urlTemplate":"https:\/\/uet.edu.al\/en\/?s={search_term_string}"},"query-input":{"@type":"PropertyValueSpecification","valueRequired":true,"valueName":"search_term_string"}}],"inLanguage":"en-US"},{"@type":"Organization","@id":"https:\/\/uet.edu.al\/en\/#organization","name":"Universiteti Europian i Tiranes","url":"https:\/\/uet.edu.al\/en\/","logo":{"@type":"ImageObject","inLanguage":"en-US","@id":"https:\/\/uet.edu.al\/en\/#\/schema\/logo\/image\/","url":"https:\/\/uet.edu.al\/wp-content\/uploads\/2022\/12\/Logo-pa-adrese.png","contentUrl":"https:\/\/uet.edu.al\/wp-content\/uploads\/2022\/12\/Logo-pa-adrese.png","width":1418,"height":696,"caption":"Universiteti Europian i Tiranes"},"image":{"@id":"https:\/\/uet.edu.al\/en\/#\/schema\/logo\/image\/"},"sameAs":["https:\/\/www.facebook.com\/UniversitetiEuropianiTiranes\/"]},{"@type":"Person","@id":"https:\/\/uet.edu.al\/en\/#\/schema\/person\/c94d953fdf4026dde8f62be49a3ce69c","name":"Luiza Pinderi","url":"https:\/\/uet.edu.al\/en\/author\/luizapinderi\/"}]}},"_links":{"self":[{"href":"https:\/\/uet.edu.al\/en\/wp-json\/wp\/v2\/posts\/19404","targetHints":{"allow":["GET"]}}],"collection":[{"href":"https:\/\/uet.edu.al\/en\/wp-json\/wp\/v2\/posts"}],"about":[{"href":"https:\/\/uet.edu.al\/en\/wp-json\/wp\/v2\/types\/post"}],"author":[{"embeddable":true,"href":"https:\/\/uet.edu.al\/en\/wp-json\/wp\/v2\/users\/9"}],"replies":[{"embeddable":true,"href":"https:\/\/uet.edu.al\/en\/wp-json\/wp\/v2\/comments?post=19404"}],"version-history":[{"count":5,"href":"https:\/\/uet.edu.al\/en\/wp-json\/wp\/v2\/posts\/19404\/revisions"}],"predecessor-version":[{"id":19431,"href":"https:\/\/uet.edu.al\/en\/wp-json\/wp\/v2\/posts\/19404\/revisions\/19431"}],"wp:featuredmedia":[{"embeddable":true,"href":"https:\/\/uet.edu.al\/en\/wp-json\/wp\/v2\/media\/19406"}],"wp:attachment":[{"href":"https:\/\/uet.edu.al\/en\/wp-json\/wp\/v2\/media?parent=19404"}],"wp:term":[{"taxonomy":"category","embeddable":true,"href":"https:\/\/uet.edu.al\/en\/wp-json\/wp\/v2\/categories?post=19404"},{"taxonomy":"post_tag","embeddable":true,"href":"https:\/\/uet.edu.al\/en\/wp-json\/wp\/v2\/tags?post=19404"}],"curies":[{"name":"wp","href":"https:\/\/api.w.org\/{rel}","templated":true}]}}