{"id":17866,"date":"2024-10-25T10:40:46","date_gmt":"2024-10-25T08:40:46","guid":{"rendered":"https:\/\/uet.edu.al\/?p=17866"},"modified":"2025-04-04T14:21:50","modified_gmt":"2025-04-04T12:21:50","slug":"fan-noli-rebeli-i-viteve-20-24-ilir-ikonomi-sjell-vellimin-e-dyte-biografik-botim-i-uet-press","status":"publish","type":"post","link":"https:\/\/uet.edu.al\/en\/fan-noli-rebeli-i-viteve-20-24-ilir-ikonomi-sjell-vellimin-e-dyte-biografik-botim-i-uet-press\/","title":{"rendered":"Fan Noli, rebeli i viteve &#8217;20-&#8217;24\/ Ilir Ikonomi sjell v\u00ebllimin e dyt\u00eb biografik, botim i UET Press"},"content":{"rendered":"<p><em>Pas librit \u201cApostulli\u201d, autori dhe studiuesi Ilir Ikonomi sjell v\u00ebllimin e dyt\u00eb shterues, me t\u00eb njohurat e t\u00eb panjohurat e peshkopit, p\u00ebrkthyesit, ideatorit dhe politikanit Fan Noli. Kat\u00ebr vite intensive, me zhvillime t\u00eb vrullshme n\u00eb sken\u00ebn politike shqiptare, nd\u00ebrsa rebeli Noli b\u00ebn p\u00ebrpjekjen e tij t\u00eb guximshme p\u00ebr t\u00eb ndryshuar kryek\u00ebput faqen e historis\u00eb s\u00eb Shqip\u00ebris\u00eb.<\/em><\/p>\n<p>N\u00eb vitet 1920-1924, Fan Noli apostull shnd\u00ebrrohet n\u00eb rebel. Nd\u00ebrmerr nj\u00eb rrug\u00ebtim t\u00eb guximsh\u00ebm, idealist, misionar e deri diku aventurier. Do t\u00eb jen\u00eb vitet m\u00eb angazhuese n\u00eb karrier\u00ebn e tij politike, gjat\u00eb t\u00eb cilave realizoi at\u00eb q\u00eb e cil\u00ebsonte si arritjen m\u00eb t\u00eb r\u00ebnd\u00ebsishme t\u00eb karrier\u00ebs publike, futjen e Shqip\u00ebris\u00eb n\u00eb Lidhjen e Kombeve. Realizoi dhe premtoi akoma m\u00eb shum\u00eb. U p\u00ebrfshi n\u00eb politik\u00ebn shqiptare n\u00eb vitet m\u00eb t\u00eb turbullta dhe komplekse t\u00eb saj, e ndoshta p\u00ebr k\u00ebt\u00eb fakt e p\u00ebr shum\u00eb faktor\u00eb t\u00eb tjer\u00eb q\u00eb renditen n\u00eb biografin\u00eb e tij m\u00eb t\u00eb re, ishte i destinuar p\u00ebr mossukses.<\/p>\n<p>Studiuesi Ilir Ikonomi zhbirilon me detaje dokumente, let\u00ebrk\u00ebmbime, sh\u00ebnime n\u00eb arkivat e Shqip\u00ebris\u00eb, SHBA-s\u00eb, Europ\u00ebs e m\u00eb gjer\u00eb, q\u00eb p\u00ebr habin\u00eb e tij i kan\u00eb shp\u00ebtuar syrit t\u00eb historian\u00ebve, dhe na sjell me detaje jet\u00ebn publike dhe politike t\u00eb Fan Nolit diplomat, deputet e kryeminist\u00ebr.<\/p>\n<p><img fetchpriority=\"high\" decoding=\"async\" class=\"alignnone wp-image-17870 size-full\" src=\"https:\/\/uet.edu.al\/wp-content\/uploads\/2024\/10\/HHA_0138-scaled.jpg\" alt=\"\" width=\"2560\" height=\"1707\" srcset=\"https:\/\/uet.edu.al\/wp-content\/uploads\/2024\/10\/HHA_0138-scaled.jpg 2560w, https:\/\/uet.edu.al\/wp-content\/uploads\/2024\/10\/HHA_0138-300x200.jpg 300w, https:\/\/uet.edu.al\/wp-content\/uploads\/2024\/10\/HHA_0138-1024x683.jpg 1024w, https:\/\/uet.edu.al\/wp-content\/uploads\/2024\/10\/HHA_0138-768x512.jpg 768w, https:\/\/uet.edu.al\/wp-content\/uploads\/2024\/10\/HHA_0138-1536x1024.jpg 1536w, https:\/\/uet.edu.al\/wp-content\/uploads\/2024\/10\/HHA_0138-2048x1366.jpg 2048w, https:\/\/uet.edu.al\/wp-content\/uploads\/2024\/10\/HHA_0138-18x12.jpg 18w\" sizes=\"(max-width: 2560px) 100vw, 2560px\" \/><\/p>\n<p>Noli mb\u00ebrriti n\u00eb brigjet shqiptare n\u00eb shtatorin e vitit 1920 dhe e kuptoi shpejt se do t\u00eb p\u00ebrballej me at\u00eb q\u00eb autori e cil\u00ebson si \u201cfoleja e grer\u00ebzave\u201d t\u00eb politik\u00ebs shqiptare. Kund\u00ebrshtar\u00ebt politik\u00eb, q\u00eb thell\u00eb-thell\u00eb ve\u00e7se i druheshin edhe e admironin, thjesht ia vonuan hyrjen n\u00eb sken\u00ebn politike shqiptare, vones\u00eb q\u00eb i dha edhe m\u00eb shum\u00eb fuqi, autoritet e protagoniz\u00ebm n\u00eb aren\u00ebn nd\u00ebrkomb\u00ebtare.<\/p>\n<p>Me t\u00eb nj\u00ebjt\u00ebn devotshm\u00ebri, qasje, skupolozitet t\u00eb p\u00ebrdorur n\u00eb v\u00ebllimin e par\u00eb \u201cApostulli\u201d, autori rizbulon ngjarje t\u00eb njohura e t\u00eb panjohura, t\u00eb th\u00ebna e t\u00eb path\u00ebna, n\u00ebn drit\u00ebn e fakteve, me paan\u00ebsi dhe v\u00ebrtet\u00ebsin\u00eb e asaj q\u00eb mbetet nga e zeza mbi t\u00eb bardh\u00eb.<\/p>\n<p>Ish-gazetari i Z\u00ebrit t\u00eb Amerik\u00ebs, i d\u00ebshmuar tashm\u00eb si autori i biografive, e titullon \u201cRebeli\u201d v\u00ebllimin e dyt\u00eb dedikuar veprimtarit t\u00eb shquar t\u00eb \u00e7\u00ebshtjes shqiptare n\u00eb gjysm\u00ebn e par\u00eb t\u00eb shekullit XX, jo p\u00ebr t\u00eb provokuar, por p\u00ebr t\u00eb sjell\u00eb at\u00eb pjes\u00eb t\u00eb karakterit q\u00eb Noli e tregoi me vepra.<\/p>\n<p>\u201cNoli guxonte t\u00eb thoshte \u2018jo\u2019, ishte nj\u00eb rebel\u201d, sqaroi Ikonomi gjat\u00eb promovimit t\u00eb librit n\u00eb Tiran\u00eb, i sapo botuar nga sht\u00ebpia botuese UET Press. \u201cU rebelua kund\u00ebr kish\u00ebs greke kur erdhi n\u00eb Shqip\u00ebri n\u00eb 1921. Pastaj u rebelua kund\u00ebr status quo-s\u00eb, q\u00eb ai e quante sistem <em>feodal,<\/em> at\u00eb sistem q\u00eb donte t\u00eb shkat\u00ebrronte me nj\u00eb t\u00eb r\u00ebn\u00eb t\u00eb shkopit, por q\u00eb nuk e b\u00ebri dot p\u00ebr arsye q\u00eb un\u00eb i shpjegoj n\u00eb lib\u00ebr\u201d, theksoi m\u00eb tej studiuesi.<\/p>\n<p><img decoding=\"async\" class=\"alignnone wp-image-17868 size-full\" src=\"https:\/\/uet.edu.al\/wp-content\/uploads\/2024\/10\/HHA_0005-scaled.jpg\" alt=\"\" width=\"2560\" height=\"1707\" srcset=\"https:\/\/uet.edu.al\/wp-content\/uploads\/2024\/10\/HHA_0005-scaled.jpg 2560w, https:\/\/uet.edu.al\/wp-content\/uploads\/2024\/10\/HHA_0005-300x200.jpg 300w, https:\/\/uet.edu.al\/wp-content\/uploads\/2024\/10\/HHA_0005-1024x683.jpg 1024w, https:\/\/uet.edu.al\/wp-content\/uploads\/2024\/10\/HHA_0005-768x512.jpg 768w, https:\/\/uet.edu.al\/wp-content\/uploads\/2024\/10\/HHA_0005-1536x1024.jpg 1536w, https:\/\/uet.edu.al\/wp-content\/uploads\/2024\/10\/HHA_0005-2048x1365.jpg 2048w, https:\/\/uet.edu.al\/wp-content\/uploads\/2024\/10\/HHA_0005-18x12.jpg 18w\" sizes=\"(max-width: 2560px) 100vw, 2560px\" \/><\/p>\n<p>Nj\u00eb prej botimeve m\u00eb t\u00eb r\u00ebnd\u00ebsishme t\u00eb UET Press, e quajti drejtuesja e sht\u00ebpis\u00eb botuese, Suadela Balliu. \u201cQ\u00eb vitin e kaluar, kur gazetari dhe tashm\u00eb biografi i mir\u00ebnjohur Ilir Ikonomi njoftoi se do t\u00eb sillte nj\u00eb biografi t\u00eb nj\u00eb prej figurave m\u00eb t\u00eb spikatura, poliedrike e shum\u00ebdimensionale t\u00eb jet\u00ebs intelektuale, patriotike e politike t\u00eb Shqip\u00ebris\u00eb u kuptua se nuk ishte nga ata libra q\u00eb do t\u00eb kalonte n\u00eb heshtje\u201d, theksoi m\u00eb tej, duke e vler\u00ebsuar autorin p\u00ebr stilin dhe seriozitetin e vulosur me biografit\u00eb e m\u00ebparshme, q\u00eb nga koha kur botoi librin \u201cPavar\u00ebsia\u201d e m\u00eb pas me \u201cEsat Pash\u00eb Toptanin, \u201cFaik Konic\u00ebn\u201d, etj.<\/p>\n<p>\u201cRebeli\u201d botohet n\u00eb Tiran\u00ebn e 2024-s, nj\u00ebqind vite m\u00eb pas nga ngjarjet q\u00eb trajton ky lib\u00ebr, n\u00eb nj\u00eb atmosfer\u00eb politike po aq dinamike ndoshta sa nj\u00eb shekull m\u00eb par\u00eb, po me munges\u00ebn e pesh\u00ebs s\u00eb figurave t\u00eb pap\u00ebrs\u00ebritshme t\u00eb asaj kohe.<\/p>\n<p>Retrspeksioni ishte nj\u00eb sfid\u00eb p\u00ebr nj\u00eb autor si Ikonomi q\u00eb zgjedh t\u00eb mos analizoj\u00eb, t\u00eb mos mbaj\u00eb q\u00ebndrim, t\u00eb mos jet\u00eb shum\u00eb kritik apo shum\u00eb emocional dhe mendimin e fundit t\u2019ia l\u00ebr\u00eb lexuesit. \u201cQ\u00eb t\u2019ia afrosh realitetin e asaj kohe lexuesit t\u00eb sot\u00ebm duhet ta zhys\u00ebsh n\u00eb at\u00eb epok\u00eb. T\u00eb mos e analizosh epok\u00ebn e at\u00ebhershme me kriteret e sotme\u201d, theksoi studiuesi.<\/p>\n<p><img decoding=\"async\" class=\"alignnone wp-image-17871 size-full\" src=\"https:\/\/uet.edu.al\/wp-content\/uploads\/2024\/10\/HHA_0186-scaled.jpg\" alt=\"\" width=\"2560\" height=\"1707\" srcset=\"https:\/\/uet.edu.al\/wp-content\/uploads\/2024\/10\/HHA_0186-scaled.jpg 2560w, https:\/\/uet.edu.al\/wp-content\/uploads\/2024\/10\/HHA_0186-300x200.jpg 300w, https:\/\/uet.edu.al\/wp-content\/uploads\/2024\/10\/HHA_0186-1024x683.jpg 1024w, https:\/\/uet.edu.al\/wp-content\/uploads\/2024\/10\/HHA_0186-768x512.jpg 768w, https:\/\/uet.edu.al\/wp-content\/uploads\/2024\/10\/HHA_0186-1536x1024.jpg 1536w, https:\/\/uet.edu.al\/wp-content\/uploads\/2024\/10\/HHA_0186-2048x1365.jpg 2048w, https:\/\/uet.edu.al\/wp-content\/uploads\/2024\/10\/HHA_0186-18x12.jpg 18w\" sizes=\"(max-width: 2560px) 100vw, 2560px\" \/><\/p>\n<p>Duke b\u00ebr\u00eb nj\u00eb p\u00ebrmbledhje t\u00eb t\u00eb gjitha ngjarjeve historike q\u00eb trajtohen n\u00eb k\u00ebt\u00eb v\u00ebllim, historiani Marenglen Kasmi e cil\u00ebsoi nj\u00eb lib\u00ebr ndryshe si nga p\u00ebrmbajatja, trajtimi, por edhe stili i t\u00eb shkruarit, ku g\u00ebrshetohet gazetari me historianin.<\/p>\n<p>\u201cNj\u00eb gazetar i sprovuar si Ikonomi arrin q\u00eb duke i nd\u00ebrthuruar me zot\u00ebsi t\u00eb dyja gjinit\u00eb t\u00eb sjell\u00eb nj\u00eb botim t\u00eb q\u00ebndruesh\u00ebm, i cili n\u00eb trajtimin dhe m\u00ebnyr\u00ebn e sjelljes s\u00eb librit sfidon, ndoshta provokon historian\u00ebt q\u00eb merren me k\u00ebt\u00eb periudh\u00eb, por edhe lexuesin\u201d, n\u00ebnvizoi ai m\u00eb tej.<\/p>\n<p><img loading=\"lazy\" decoding=\"async\" class=\"alignnone wp-image-17867 size-full\" src=\"https:\/\/uet.edu.al\/wp-content\/uploads\/2024\/10\/HHA_0268-scaled.jpg\" alt=\"\" width=\"2560\" height=\"1707\" srcset=\"https:\/\/uet.edu.al\/wp-content\/uploads\/2024\/10\/HHA_0268-scaled.jpg 2560w, https:\/\/uet.edu.al\/wp-content\/uploads\/2024\/10\/HHA_0268-300x200.jpg 300w, https:\/\/uet.edu.al\/wp-content\/uploads\/2024\/10\/HHA_0268-1024x683.jpg 1024w, https:\/\/uet.edu.al\/wp-content\/uploads\/2024\/10\/HHA_0268-768x512.jpg 768w, https:\/\/uet.edu.al\/wp-content\/uploads\/2024\/10\/HHA_0268-1536x1024.jpg 1536w, https:\/\/uet.edu.al\/wp-content\/uploads\/2024\/10\/HHA_0268-2048x1365.jpg 2048w, https:\/\/uet.edu.al\/wp-content\/uploads\/2024\/10\/HHA_0268-18x12.jpg 18w\" sizes=\"(max-width: 2560px) 100vw, 2560px\" \/><\/p>\n<p>Historiania dhe kryetarja e Akademis\u00eb s\u00eb Studimeve Shqiptare, Nevila Nika e p\u00ebrg\u00ebzoi autorin p\u00ebr durimin dhe pun\u00ebn e b\u00ebr\u00eb n\u00eb shfryt\u00ebzimin e arkivave, sa e v\u00ebshtir\u00eb aq edhe e bukur.<\/p>\n<p>\u201cArkivat duhen p\u00ebr k\u00ebdo q\u00eb merr p\u00ebrsip\u00ebr t\u00eb shkruaj\u00eb, t\u00eb pakt\u00ebn libra q\u00eb i takojn\u00eb historis\u00eb, por edhe romane, si\u00e7 ka qen\u00eb botimi i UET Press \u201cP\u00ebr n\u00eb Shqip\u00ebri Karl\u2019. Je p\u00ebr t\u2019u p\u00ebrg\u00ebzuar p\u00ebr lodhjen q\u00eb kalon kur shfryt\u00ebzon arkivat. Nuk jan\u00eb t\u00eb lehta, jan\u00eb shum\u00eb t\u00eb bukura, sidomos kur lexon letrat origjinale t\u00eb Nolit dhe ke ndjesin\u00eb q\u00eb Noli \u00ebsht\u00eb aty.\u201d<\/p>\n<p>N\u00eb librat e Ikonomit nuk do t\u00eb gjeni \u201cheronj\u201d e as \u201ctradhtar\u00eb\u201d, por vet\u00ebm personazhe q\u00eb i ka prodhuar koha, me t\u00eb mirat e t\u00eb k\u00ebqijat e tyre. Si\u00e7 e thot\u00eb edhe vet\u00eb autori, ai i p\u00ebrshkruan k\u00ebta personazhe si \u201caktor\u00eb t\u00eb nj\u00eb teatri me kukulla n\u00eb sken\u00ebn e Shqip\u00ebris\u00eb s\u00eb varf\u00ebr\u201d.<\/p>\n<p><img loading=\"lazy\" decoding=\"async\" class=\"alignnone wp-image-17872 size-full\" src=\"https:\/\/uet.edu.al\/wp-content\/uploads\/2024\/10\/HHA_0040-scaled.jpg\" alt=\"\" width=\"2560\" height=\"1707\" srcset=\"https:\/\/uet.edu.al\/wp-content\/uploads\/2024\/10\/HHA_0040-scaled.jpg 2560w, https:\/\/uet.edu.al\/wp-content\/uploads\/2024\/10\/HHA_0040-300x200.jpg 300w, https:\/\/uet.edu.al\/wp-content\/uploads\/2024\/10\/HHA_0040-1024x683.jpg 1024w, https:\/\/uet.edu.al\/wp-content\/uploads\/2024\/10\/HHA_0040-768x512.jpg 768w, https:\/\/uet.edu.al\/wp-content\/uploads\/2024\/10\/HHA_0040-1536x1024.jpg 1536w, https:\/\/uet.edu.al\/wp-content\/uploads\/2024\/10\/HHA_0040-2048x1365.jpg 2048w, https:\/\/uet.edu.al\/wp-content\/uploads\/2024\/10\/HHA_0040-18x12.jpg 18w\" sizes=\"(max-width: 2560px) 100vw, 2560px\" \/><\/p>\n<p>Libri prej 425 faqesh \u00ebsht\u00eb i pajisur me sh\u00ebnime shteruese dhe me nj\u00eb aparat t\u00eb mir\u00eb k\u00ebrkimor q\u00eb do t\u2019u vlej\u00eb lexuesve dhe studiuesve t\u00eb historis\u00eb. Ky v\u00ebllim i shtohet kolan\u00ebs s\u00eb botimeve biografike t\u00eb Sht\u00ebpis\u00eb Botuese UET Press, me t\u00eb cil\u00ebn Ikonomi ka nj\u00eb marr\u00ebdh\u00ebnie afatgjat\u00eb, duke d\u00ebshmuar mbi jet\u00ebn e disa prej personaliteteve m\u00eb me ndikim t\u00eb politik\u00ebs dhe \u00e7\u00ebshtjes shqiptare. Pavar\u00ebsisht personazhit q\u00eb ai merr p\u00ebrsip\u00ebr t\u00eb rizbuloj\u00eb, emri dhe puna e tij garantojn\u00eb vendin e librit n\u00eb bibliografin\u00eb e personazheve historike.<\/p>\n<p>Ikonomi premtoi edhe nj\u00eb v\u00ebllim t\u00eb tret\u00eb p\u00ebr t\u00eb kompletuar biografin\u00eb e Fan Nolit. Duhet t\u00eb presim dy vite t\u00eb tjera p\u00ebr t\u00eb par\u00eb se me \u00e7far\u00eb lentesh do ta sjell\u00eb periudh\u00ebn e t\u00ebrheqjes s\u00eb Nolit nga teatri politik dhe largimin p\u00ebrfundimtar nga &#8216;vatra e zjarrt\u00eb&#8217; e \u00ebndrrave q\u00eb i dogj\u00ebn shpirtin.<\/p>","protected":false},"excerpt":{"rendered":"<p>Pas librit \u201cApostulli\u201d, autori dhe studiuesi Ilir Ikonomi sjell v\u00ebllimin e dyt\u00eb shterues, me t\u00eb njohurat e t\u00eb panjohurat e peshkopit, p\u00ebrkthyesit, ideatorit dhe politikanit Fan Noli. Kat\u00ebr vite intensive, me zhvillime t\u00eb vrullshme n\u00eb sken\u00ebn politike shqiptare, nd\u00ebrsa rebeli &hellip; <\/p>","protected":false},"author":9,"featured_media":17869,"comment_status":"closed","ping_status":"closed","sticky":false,"template":"","format":"standard","meta":{"footnotes":""},"categories":[59,99],"tags":[],"class_list":["post-17866","post","type-post","status-publish","format-standard","has-post-thumbnail","hentry","category-activities","category-revista-shkencore"],"yoast_head":"<!-- This site is optimized with the Yoast SEO plugin v26.9 - https:\/\/yoast.com\/product\/yoast-seo-wordpress\/ -->\n<title>Fan Noli, rebeli i viteve &#039;20-&#039;24\/ Ilir Ikonomi sjell v\u00ebllimin e dyt\u00eb biografik, botim i UET Press - UET<\/title>\n<meta name=\"robots\" content=\"index, follow, max-snippet:-1, max-image-preview:large, max-video-preview:-1\" \/>\n<link rel=\"canonical\" href=\"https:\/\/uet.edu.al\/en\/fan-noli-rebeli-i-viteve-20-24-ilir-ikonomi-sjell-vellimin-e-dyte-biografik-botim-i-uet-press\/\" \/>\n<meta property=\"og:locale\" content=\"en_US\" \/>\n<meta property=\"og:type\" content=\"article\" \/>\n<meta property=\"og:title\" content=\"Fan Noli, rebeli i viteve &#039;20-&#039;24\/ Ilir Ikonomi sjell v\u00ebllimin e dyt\u00eb biografik, botim i UET Press - UET\" \/>\n<meta property=\"og:description\" content=\"Pas librit \u201cApostulli\u201d, autori dhe studiuesi Ilir Ikonomi sjell v\u00ebllimin e dyt\u00eb shterues, me t\u00eb njohurat e t\u00eb panjohurat e peshkopit, p\u00ebrkthyesit, ideatorit dhe politikanit Fan Noli. Kat\u00ebr vite intensive, me zhvillime t\u00eb vrullshme n\u00eb sken\u00ebn politike shqiptare, nd\u00ebrsa rebeli &hellip;\" \/>\n<meta property=\"og:url\" content=\"https:\/\/uet.edu.al\/en\/fan-noli-rebeli-i-viteve-20-24-ilir-ikonomi-sjell-vellimin-e-dyte-biografik-botim-i-uet-press\/\" \/>\n<meta property=\"og:site_name\" content=\"UET\" \/>\n<meta property=\"article:publisher\" content=\"https:\/\/www.facebook.com\/UniversitetiEuropianiTiranes\/\" \/>\n<meta property=\"article:published_time\" content=\"2024-10-25T08:40:46+00:00\" \/>\n<meta property=\"article:modified_time\" content=\"2025-04-04T12:21:50+00:00\" \/>\n<meta property=\"og:image\" content=\"https:\/\/uet.edu.al\/wp-content\/uploads\/2024\/10\/HHA_0057-scaled.jpg\" \/>\n\t<meta property=\"og:image:width\" content=\"2560\" \/>\n\t<meta property=\"og:image:height\" content=\"1707\" \/>\n\t<meta property=\"og:image:type\" content=\"image\/jpeg\" \/>\n<meta name=\"author\" content=\"Luiza Pinderi\" \/>\n<meta name=\"twitter:card\" content=\"summary_large_image\" \/>\n<meta name=\"twitter:label1\" content=\"Written by\" \/>\n\t<meta name=\"twitter:data1\" content=\"Luiza Pinderi\" \/>\n\t<meta name=\"twitter:label2\" content=\"Est. reading time\" \/>\n\t<meta name=\"twitter:data2\" content=\"6 minutes\" \/>\n<script type=\"application\/ld+json\" class=\"yoast-schema-graph\">{\"@context\":\"https:\/\/schema.org\",\"@graph\":[{\"@type\":\"Article\",\"@id\":\"https:\/\/uet.edu.al\/fan-noli-rebeli-i-viteve-20-24-ilir-ikonomi-sjell-vellimin-e-dyte-biografik-botim-i-uet-press\/#article\",\"isPartOf\":{\"@id\":\"https:\/\/uet.edu.al\/fan-noli-rebeli-i-viteve-20-24-ilir-ikonomi-sjell-vellimin-e-dyte-biografik-botim-i-uet-press\/\"},\"author\":{\"name\":\"Luiza Pinderi\",\"@id\":\"https:\/\/uet.edu.al\/en\/#\/schema\/person\/c94d953fdf4026dde8f62be49a3ce69c\"},\"headline\":\"Fan Noli, rebeli i viteve &#8217;20-&#8217;24\/ Ilir Ikonomi sjell v\u00ebllimin e dyt\u00eb biografik, botim i UET Press\",\"datePublished\":\"2024-10-25T08:40:46+00:00\",\"dateModified\":\"2025-04-04T12:21:50+00:00\",\"mainEntityOfPage\":{\"@id\":\"https:\/\/uet.edu.al\/fan-noli-rebeli-i-viteve-20-24-ilir-ikonomi-sjell-vellimin-e-dyte-biografik-botim-i-uet-press\/\"},\"wordCount\":1197,\"publisher\":{\"@id\":\"https:\/\/uet.edu.al\/en\/#organization\"},\"image\":{\"@id\":\"https:\/\/uet.edu.al\/fan-noli-rebeli-i-viteve-20-24-ilir-ikonomi-sjell-vellimin-e-dyte-biografik-botim-i-uet-press\/#primaryimage\"},\"thumbnailUrl\":\"https:\/\/uet.edu.al\/wp-content\/uploads\/2024\/10\/HHA_0057-scaled.jpg\",\"articleSection\":[\"Aktivitete\",\"revista shkencore\"],\"inLanguage\":\"en-US\"},{\"@type\":\"WebPage\",\"@id\":\"https:\/\/uet.edu.al\/fan-noli-rebeli-i-viteve-20-24-ilir-ikonomi-sjell-vellimin-e-dyte-biografik-botim-i-uet-press\/\",\"url\":\"https:\/\/uet.edu.al\/fan-noli-rebeli-i-viteve-20-24-ilir-ikonomi-sjell-vellimin-e-dyte-biografik-botim-i-uet-press\/\",\"name\":\"Fan Noli, rebeli i viteve '20-'24\/ Ilir Ikonomi sjell v\u00ebllimin e dyt\u00eb biografik, botim i UET Press - UET\",\"isPartOf\":{\"@id\":\"https:\/\/uet.edu.al\/en\/#website\"},\"primaryImageOfPage\":{\"@id\":\"https:\/\/uet.edu.al\/fan-noli-rebeli-i-viteve-20-24-ilir-ikonomi-sjell-vellimin-e-dyte-biografik-botim-i-uet-press\/#primaryimage\"},\"image\":{\"@id\":\"https:\/\/uet.edu.al\/fan-noli-rebeli-i-viteve-20-24-ilir-ikonomi-sjell-vellimin-e-dyte-biografik-botim-i-uet-press\/#primaryimage\"},\"thumbnailUrl\":\"https:\/\/uet.edu.al\/wp-content\/uploads\/2024\/10\/HHA_0057-scaled.jpg\",\"datePublished\":\"2024-10-25T08:40:46+00:00\",\"dateModified\":\"2025-04-04T12:21:50+00:00\",\"breadcrumb\":{\"@id\":\"https:\/\/uet.edu.al\/fan-noli-rebeli-i-viteve-20-24-ilir-ikonomi-sjell-vellimin-e-dyte-biografik-botim-i-uet-press\/#breadcrumb\"},\"inLanguage\":\"en-US\",\"potentialAction\":[{\"@type\":\"ReadAction\",\"target\":[\"https:\/\/uet.edu.al\/fan-noli-rebeli-i-viteve-20-24-ilir-ikonomi-sjell-vellimin-e-dyte-biografik-botim-i-uet-press\/\"]}]},{\"@type\":\"ImageObject\",\"inLanguage\":\"en-US\",\"@id\":\"https:\/\/uet.edu.al\/fan-noli-rebeli-i-viteve-20-24-ilir-ikonomi-sjell-vellimin-e-dyte-biografik-botim-i-uet-press\/#primaryimage\",\"url\":\"https:\/\/uet.edu.al\/wp-content\/uploads\/2024\/10\/HHA_0057-scaled.jpg\",\"contentUrl\":\"https:\/\/uet.edu.al\/wp-content\/uploads\/2024\/10\/HHA_0057-scaled.jpg\",\"width\":2560,\"height\":1707},{\"@type\":\"BreadcrumbList\",\"@id\":\"https:\/\/uet.edu.al\/fan-noli-rebeli-i-viteve-20-24-ilir-ikonomi-sjell-vellimin-e-dyte-biografik-botim-i-uet-press\/#breadcrumb\",\"itemListElement\":[{\"@type\":\"ListItem\",\"position\":1,\"name\":\"Home\",\"item\":\"https:\/\/uet.edu.al\/\"},{\"@type\":\"ListItem\",\"position\":2,\"name\":\"Fan Noli, rebeli i viteve &#8217;20-&#8217;24\/ Ilir Ikonomi sjell v\u00ebllimin e dyt\u00eb biografik, botim i UET Press\"}]},{\"@type\":\"WebSite\",\"@id\":\"https:\/\/uet.edu.al\/en\/#website\",\"url\":\"https:\/\/uet.edu.al\/en\/\",\"name\":\"UET\",\"description\":\"Universiteti Europian i Tiran\u00ebs\",\"publisher\":{\"@id\":\"https:\/\/uet.edu.al\/en\/#organization\"},\"potentialAction\":[{\"@type\":\"SearchAction\",\"target\":{\"@type\":\"EntryPoint\",\"urlTemplate\":\"https:\/\/uet.edu.al\/en\/?s={search_term_string}\"},\"query-input\":{\"@type\":\"PropertyValueSpecification\",\"valueRequired\":true,\"valueName\":\"search_term_string\"}}],\"inLanguage\":\"en-US\"},{\"@type\":\"Organization\",\"@id\":\"https:\/\/uet.edu.al\/en\/#organization\",\"name\":\"Universiteti Europian i Tiranes\",\"url\":\"https:\/\/uet.edu.al\/en\/\",\"logo\":{\"@type\":\"ImageObject\",\"inLanguage\":\"en-US\",\"@id\":\"https:\/\/uet.edu.al\/en\/#\/schema\/logo\/image\/\",\"url\":\"https:\/\/uet.edu.al\/wp-content\/uploads\/2022\/12\/Logo-pa-adrese.png\",\"contentUrl\":\"https:\/\/uet.edu.al\/wp-content\/uploads\/2022\/12\/Logo-pa-adrese.png\",\"width\":1418,\"height\":696,\"caption\":\"Universiteti Europian i Tiranes\"},\"image\":{\"@id\":\"https:\/\/uet.edu.al\/en\/#\/schema\/logo\/image\/\"},\"sameAs\":[\"https:\/\/www.facebook.com\/UniversitetiEuropianiTiranes\/\"]},{\"@type\":\"Person\",\"@id\":\"https:\/\/uet.edu.al\/en\/#\/schema\/person\/c94d953fdf4026dde8f62be49a3ce69c\",\"name\":\"Luiza Pinderi\",\"url\":\"https:\/\/uet.edu.al\/en\/author\/luizapinderi\/\"}]}<\/script>\n<!-- \/ Yoast SEO plugin. -->","yoast_head_json":{"title":"Fan Noli, rebeli i viteve '20-'24\/ Ilir Ikonomi sjell v\u00ebllimin e dyt\u00eb biografik, botim i UET Press - UET","robots":{"index":"index","follow":"follow","max-snippet":"max-snippet:-1","max-image-preview":"max-image-preview:large","max-video-preview":"max-video-preview:-1"},"canonical":"https:\/\/uet.edu.al\/en\/fan-noli-rebeli-i-viteve-20-24-ilir-ikonomi-sjell-vellimin-e-dyte-biografik-botim-i-uet-press\/","og_locale":"en_US","og_type":"article","og_title":"Fan Noli, rebeli i viteve '20-'24\/ Ilir Ikonomi sjell v\u00ebllimin e dyt\u00eb biografik, botim i UET Press - UET","og_description":"Pas librit \u201cApostulli\u201d, autori dhe studiuesi Ilir Ikonomi sjell v\u00ebllimin e dyt\u00eb shterues, me t\u00eb njohurat e t\u00eb panjohurat e peshkopit, p\u00ebrkthyesit, ideatorit dhe politikanit Fan Noli. Kat\u00ebr vite intensive, me zhvillime t\u00eb vrullshme n\u00eb sken\u00ebn politike shqiptare, nd\u00ebrsa rebeli &hellip;","og_url":"https:\/\/uet.edu.al\/en\/fan-noli-rebeli-i-viteve-20-24-ilir-ikonomi-sjell-vellimin-e-dyte-biografik-botim-i-uet-press\/","og_site_name":"UET","article_publisher":"https:\/\/www.facebook.com\/UniversitetiEuropianiTiranes\/","article_published_time":"2024-10-25T08:40:46+00:00","article_modified_time":"2025-04-04T12:21:50+00:00","og_image":[{"width":2560,"height":1707,"url":"https:\/\/uet.edu.al\/wp-content\/uploads\/2024\/10\/HHA_0057-scaled.jpg","type":"image\/jpeg"}],"author":"Luiza Pinderi","twitter_card":"summary_large_image","twitter_misc":{"Written by":"Luiza Pinderi","Est. reading time":"6 minutes"},"schema":{"@context":"https:\/\/schema.org","@graph":[{"@type":"Article","@id":"https:\/\/uet.edu.al\/fan-noli-rebeli-i-viteve-20-24-ilir-ikonomi-sjell-vellimin-e-dyte-biografik-botim-i-uet-press\/#article","isPartOf":{"@id":"https:\/\/uet.edu.al\/fan-noli-rebeli-i-viteve-20-24-ilir-ikonomi-sjell-vellimin-e-dyte-biografik-botim-i-uet-press\/"},"author":{"name":"Luiza Pinderi","@id":"https:\/\/uet.edu.al\/en\/#\/schema\/person\/c94d953fdf4026dde8f62be49a3ce69c"},"headline":"Fan Noli, rebeli i viteve &#8217;20-&#8217;24\/ Ilir Ikonomi sjell v\u00ebllimin e dyt\u00eb biografik, botim i UET Press","datePublished":"2024-10-25T08:40:46+00:00","dateModified":"2025-04-04T12:21:50+00:00","mainEntityOfPage":{"@id":"https:\/\/uet.edu.al\/fan-noli-rebeli-i-viteve-20-24-ilir-ikonomi-sjell-vellimin-e-dyte-biografik-botim-i-uet-press\/"},"wordCount":1197,"publisher":{"@id":"https:\/\/uet.edu.al\/en\/#organization"},"image":{"@id":"https:\/\/uet.edu.al\/fan-noli-rebeli-i-viteve-20-24-ilir-ikonomi-sjell-vellimin-e-dyte-biografik-botim-i-uet-press\/#primaryimage"},"thumbnailUrl":"https:\/\/uet.edu.al\/wp-content\/uploads\/2024\/10\/HHA_0057-scaled.jpg","articleSection":["Aktivitete","revista shkencore"],"inLanguage":"en-US"},{"@type":"WebPage","@id":"https:\/\/uet.edu.al\/fan-noli-rebeli-i-viteve-20-24-ilir-ikonomi-sjell-vellimin-e-dyte-biografik-botim-i-uet-press\/","url":"https:\/\/uet.edu.al\/fan-noli-rebeli-i-viteve-20-24-ilir-ikonomi-sjell-vellimin-e-dyte-biografik-botim-i-uet-press\/","name":"Fan Noli, rebeli i viteve '20-'24\/ Ilir Ikonomi sjell v\u00ebllimin e dyt\u00eb biografik, botim i UET Press - UET","isPartOf":{"@id":"https:\/\/uet.edu.al\/en\/#website"},"primaryImageOfPage":{"@id":"https:\/\/uet.edu.al\/fan-noli-rebeli-i-viteve-20-24-ilir-ikonomi-sjell-vellimin-e-dyte-biografik-botim-i-uet-press\/#primaryimage"},"image":{"@id":"https:\/\/uet.edu.al\/fan-noli-rebeli-i-viteve-20-24-ilir-ikonomi-sjell-vellimin-e-dyte-biografik-botim-i-uet-press\/#primaryimage"},"thumbnailUrl":"https:\/\/uet.edu.al\/wp-content\/uploads\/2024\/10\/HHA_0057-scaled.jpg","datePublished":"2024-10-25T08:40:46+00:00","dateModified":"2025-04-04T12:21:50+00:00","breadcrumb":{"@id":"https:\/\/uet.edu.al\/fan-noli-rebeli-i-viteve-20-24-ilir-ikonomi-sjell-vellimin-e-dyte-biografik-botim-i-uet-press\/#breadcrumb"},"inLanguage":"en-US","potentialAction":[{"@type":"ReadAction","target":["https:\/\/uet.edu.al\/fan-noli-rebeli-i-viteve-20-24-ilir-ikonomi-sjell-vellimin-e-dyte-biografik-botim-i-uet-press\/"]}]},{"@type":"ImageObject","inLanguage":"en-US","@id":"https:\/\/uet.edu.al\/fan-noli-rebeli-i-viteve-20-24-ilir-ikonomi-sjell-vellimin-e-dyte-biografik-botim-i-uet-press\/#primaryimage","url":"https:\/\/uet.edu.al\/wp-content\/uploads\/2024\/10\/HHA_0057-scaled.jpg","contentUrl":"https:\/\/uet.edu.al\/wp-content\/uploads\/2024\/10\/HHA_0057-scaled.jpg","width":2560,"height":1707},{"@type":"BreadcrumbList","@id":"https:\/\/uet.edu.al\/fan-noli-rebeli-i-viteve-20-24-ilir-ikonomi-sjell-vellimin-e-dyte-biografik-botim-i-uet-press\/#breadcrumb","itemListElement":[{"@type":"ListItem","position":1,"name":"Home","item":"https:\/\/uet.edu.al\/"},{"@type":"ListItem","position":2,"name":"Fan Noli, rebeli i viteve &#8217;20-&#8217;24\/ Ilir Ikonomi sjell v\u00ebllimin e dyt\u00eb biografik, botim i UET Press"}]},{"@type":"WebSite","@id":"https:\/\/uet.edu.al\/en\/#website","url":"https:\/\/uet.edu.al\/en\/","name":"UET","description":"Universiteti Europian i Tiran\u00ebs","publisher":{"@id":"https:\/\/uet.edu.al\/en\/#organization"},"potentialAction":[{"@type":"SearchAction","target":{"@type":"EntryPoint","urlTemplate":"https:\/\/uet.edu.al\/en\/?s={search_term_string}"},"query-input":{"@type":"PropertyValueSpecification","valueRequired":true,"valueName":"search_term_string"}}],"inLanguage":"en-US"},{"@type":"Organization","@id":"https:\/\/uet.edu.al\/en\/#organization","name":"Universiteti Europian i Tiranes","url":"https:\/\/uet.edu.al\/en\/","logo":{"@type":"ImageObject","inLanguage":"en-US","@id":"https:\/\/uet.edu.al\/en\/#\/schema\/logo\/image\/","url":"https:\/\/uet.edu.al\/wp-content\/uploads\/2022\/12\/Logo-pa-adrese.png","contentUrl":"https:\/\/uet.edu.al\/wp-content\/uploads\/2022\/12\/Logo-pa-adrese.png","width":1418,"height":696,"caption":"Universiteti Europian i Tiranes"},"image":{"@id":"https:\/\/uet.edu.al\/en\/#\/schema\/logo\/image\/"},"sameAs":["https:\/\/www.facebook.com\/UniversitetiEuropianiTiranes\/"]},{"@type":"Person","@id":"https:\/\/uet.edu.al\/en\/#\/schema\/person\/c94d953fdf4026dde8f62be49a3ce69c","name":"Luiza Pinderi","url":"https:\/\/uet.edu.al\/en\/author\/luizapinderi\/"}]}},"_links":{"self":[{"href":"https:\/\/uet.edu.al\/en\/wp-json\/wp\/v2\/posts\/17866","targetHints":{"allow":["GET"]}}],"collection":[{"href":"https:\/\/uet.edu.al\/en\/wp-json\/wp\/v2\/posts"}],"about":[{"href":"https:\/\/uet.edu.al\/en\/wp-json\/wp\/v2\/types\/post"}],"author":[{"embeddable":true,"href":"https:\/\/uet.edu.al\/en\/wp-json\/wp\/v2\/users\/9"}],"replies":[{"embeddable":true,"href":"https:\/\/uet.edu.al\/en\/wp-json\/wp\/v2\/comments?post=17866"}],"version-history":[{"count":4,"href":"https:\/\/uet.edu.al\/en\/wp-json\/wp\/v2\/posts\/17866\/revisions"}],"predecessor-version":[{"id":19062,"href":"https:\/\/uet.edu.al\/en\/wp-json\/wp\/v2\/posts\/17866\/revisions\/19062"}],"wp:featuredmedia":[{"embeddable":true,"href":"https:\/\/uet.edu.al\/en\/wp-json\/wp\/v2\/media\/17869"}],"wp:attachment":[{"href":"https:\/\/uet.edu.al\/en\/wp-json\/wp\/v2\/media?parent=17866"}],"wp:term":[{"taxonomy":"category","embeddable":true,"href":"https:\/\/uet.edu.al\/en\/wp-json\/wp\/v2\/categories?post=17866"},{"taxonomy":"post_tag","embeddable":true,"href":"https:\/\/uet.edu.al\/en\/wp-json\/wp\/v2\/tags?post=17866"}],"curies":[{"name":"wp","href":"https:\/\/api.w.org\/{rel}","templated":true}]}}