{"id":16653,"date":"2024-07-03T16:39:05","date_gmt":"2024-07-03T14:39:05","guid":{"rendered":"https:\/\/uet.edu.al\/?p=16653"},"modified":"2024-07-04T11:25:29","modified_gmt":"2024-07-04T09:25:29","slug":"jus-justicia-18-1-sfidat-bashkekohore-te-sigurise-ne-shqiperi-dhe-kosove","status":"publish","type":"post","link":"https:\/\/uet.edu.al\/en\/jus-justicia-18-1-sfidat-bashkekohore-te-sigurise-ne-shqiperi-dhe-kosove\/","title":{"rendered":"\u201cJus &#038; Justicia\u201d 18\/1: Sfidat bashk\u00ebkohore t\u00eb siguris\u00eb n\u00eb Shqip\u00ebri dhe Kosov\u00eb"},"content":{"rendered":"<p><em>U promovua n\u00eb Universitetin Europian t\u00eb Tiran\u00ebs numri i radh\u00ebs s\u00eb revist\u00ebs shkencore \u201cJus &amp; Justicia\u201d, me titull \u201cContemporary Security Challenges\u201d. Pedagog\u00eb dhe ish-student\u00eb t\u00eb UET, si dhe pedagog\u00eb t\u00eb universiteteve t\u00eb tjera soll\u00ebn k\u00ebrkimet e tyre mbi \u00e7\u00ebshtjet e siguris\u00eb komb\u00ebtare, rajonale e nd\u00ebrkomb\u00ebtare<\/em><\/p>\n<p>Nga siguria komb\u00ebtare e civile n\u00eb Kosov\u00eb te politikat e siguris\u00eb n\u00eb BE dhe m\u00eb gjer\u00eb, e deri te zb\u00ebrthimi i komunikimit t\u00eb koduar t\u00eb krimit t\u00eb organizuar, apo zhvillimi i tregut t\u00eb Obligacioneve CoCo n\u00eb Shqip\u00ebri. Jan\u00eb nj\u00eb s\u00ebr\u00eb hulumtimesh q\u00eb sjell revista shkencore \u201cJus &amp; Justicia\u201d 18\/1, botuar nga Fakulteti i Shkencave Juridike, Politike dhe Marr\u00ebdh\u00ebnieve Nd\u00ebrkomb\u00ebtare, n\u00ebn tematik\u00ebn \u201cContemporary Security Challenges\u201d.<\/p>\n<p>Flitet kaq shum\u00eb sot p\u00ebr revolucionin digjital e inteligjenc\u00ebn artificiale, sa duket se \u00e7\u00ebshtjet q\u00eb dikur kan\u00eb qen\u00eb jetike dhe n\u00eb tryeza diskutimi, si ajo e siguris\u00eb, jan\u00eb b\u00ebr\u00eb periferike dhe inekzistente. N\u00eb fakt, ajo q\u00eb ka ndryshuar \u00ebsht\u00eb koncepti tradicional i kuptimit dhe shtrimit t\u00eb k\u00ebtyre problematikave. Si\u00e7 shprehet edhe dekania e Fakultetit t\u00eb Shkencave Juridike, Politike dhe Marr\u00ebdh\u00ebnieve Nd\u00ebrkomb\u00ebtare n\u00eb editorialin e revist\u00ebs, prof. asoc. dr. Juelda Lam\u00e7e, sfidat e siguris\u00eb kan\u00eb evoluar, nga konfliktet tradicionale t\u00eb bazuara n\u00eb shtet, n\u00eb nj\u00eb gam\u00eb shum\u00eb m\u00eb t\u00eb gjer\u00eb dhe m\u00eb komplekse k\u00ebrc\u00ebnimesh.<\/p>\n<p><em>\u201cShqet\u00ebsimet kritike t\u00eb siguris\u00eb s\u00eb sotme p\u00ebrfshijn\u00eb tensionet gjeopolitike, k\u00ebrc\u00ebnimet e siguris\u00eb kibernetike, organizatat kriminale dhe p\u00ebrhapjen b\u00ebrthamore, krahas \u00e7\u00ebshtjeve t\u00eb tilla si sh\u00ebndeti, varf\u00ebria, pabarazia, degradimi i mjedisit dhe mungesa e burimeve.\u201d<\/em><\/p>\n<p>Sipas saj, adresimi k\u00ebtyre sfidave p\u00ebr t\u00eb siguruar stabilitetin, prosperitetin dhe mir\u00ebqenien e kombeve dhe individ\u00ebve k\u00ebrkon nj\u00eb qasje t\u00eb shumanshme q\u00eb shtrihet p\u00ebrtej zgjidhjeve ushtarake. <em>\u201cNj\u00eb qasje e till\u00eb p\u00ebrfshin strategji diplomatike, ekonomike dhe zhvillimore, si dhe rritje t\u00eb bashk\u00ebpunimit nd\u00ebrkomb\u00ebtar.\u201d<\/em><\/p>\n<p>Gjat\u00eb promovimit t\u00eb revist\u00ebs, prof. dr. Kristaq Xharo tha se nuk ka koh\u00eb m\u00eb emergjente p\u00ebr t\u00eb folur p\u00ebr sigurin\u00eb sesa koha e tashme dhe kjo revist\u00eb prek nj\u00eb num\u00ebr t\u00eb madh \u00e7\u00ebshtjesh t\u00eb lidhura me sigurin\u00eb. Pedagogu sqaroi se q\u00eb nga viti 1994, OKB ka zgjeruar konceptin e siguris\u00eb, e tashm\u00eb p\u00ebrfshihet q\u00eb nga individi deri te shtetet e globi mbar\u00eb, q\u00eb \u00e7\u00ebshtjet e luft\u00ebs, \u00e7\u00ebshtjet ekonomike, mjedisi, sh\u00ebndeti, politika dhe aft\u00ebsit\u00eb e nd\u00ebrveprimit<\/p>\n<p><em>\u201cLufta \u00ebsht\u00eb kthyer n\u00eb nj\u00eb dilem\u00eb nd\u00ebrkomb\u00ebtare. P\u00ebrve\u00e7 pyetjes do t\u00eb ket\u00eb ose jo luft\u00eb, \u00ebsht\u00eb shtuar edhe pyetja kur do t\u00eb b\u00ebhet. E gjith\u00eb Europa ndodhet n\u00ebn frik\u00ebn e luft\u00ebs, pavar\u00ebsisht se ne ndodhemi akoma n\u00eb librat e Francis Fukuyama-s \u201cFundi i historis\u00eb\u201d, q\u00eb s\u2019do t\u00eb ket\u00eb m\u00eb luft\u00ebra. Lufta ka qen\u00eb gjith\u00eb koh\u00ebn aty, e po ashtu \u00e7\u00ebshtjet, e ne duhet t\u2019i njohim e p\u00ebrgatitemi.\u201d<\/em><\/p>\n<p>Dekania Lam\u00e7e theksoi m\u00eb tej se revista \u201cJus &amp;Justicia\u201d \u00ebsht\u00eb tashm\u00eb e futur n\u00eb kategorizimin B t\u00eb Ministris\u00eb s\u00eb Kultur\u00ebs, nd\u00ebrsa q\u00ebllimi mbetet nd\u00ebrkomb\u00ebtarizimi.<\/p>\n<p><em>\u201c\u00cbsht\u00eb sfida m\u00eb e v\u00ebshtir\u00eb q\u00eb kemi n\u00eb k\u00ebrkimin shkencor. Do t\u00eb fal\u00ebnderoja t\u00eb gjith\u00eb koleg\u00ebt dhe student\u00ebt q\u00eb kan\u00eb marr\u00eb pjes\u00eb, pasi n\u00eb k\u00ebt\u00eb num\u00ebr jan\u00eb punime t\u00eb nj\u00eb numri t\u00eb konsideruesh\u00ebm t\u00eb ish-student\u00ebve tan\u00eb.\u201d<\/em><\/p>\n<p>Rektorja e UET, prof. dr. Drita Kruja tha se gj\u00ebja m\u00eb e mir\u00eb q\u00eb \u00ebsht\u00eb b\u00ebr\u00eb me revistat shkencore t\u00eb UET, \u00ebsht\u00eb indeksimi n\u00eb DOAJ dhe EBSCO, duke ua rritur k\u00ebshtu vler\u00ebn n\u00eb komunitetin e botimit shkencor. Kruja k\u00ebrkoi m\u00eb tep\u00ebr bashk\u00ebpunim p\u00ebr t\u00eb njohur dhe cituar punimet e nj\u00ebri-tjetrit.<\/p>\n<p><em>\u201c\u00c7do student i doktoratur\u00ebs ka detyrim q\u00eb t\u00eb ket\u00eb nj\u00eb botim n\u00eb Scopus, prandaj duhet t\u00eb citojn\u00eb artikujt tan\u00eb. N\u00ebse ne arrijm\u00eb q\u00eb revistat ton\u00eb t\u00eb jen\u00eb n\u00eb Scopus do t\u00eb jet\u00eb nj\u00eb arritje shum\u00eb e madhe.\u201d<\/em><\/p>\n<p>Nj\u00eb p\u00ebrvoj\u00eb mjaft t\u00eb mir\u00eb personale ndau dr. Florian \u00c7ullhaj, ku nj\u00eb shkrim i tij i 2021 n\u00eb \u201cJus &amp; Justicia 15\u201d \u00ebsht\u00eb cituar nga nj\u00eb revist\u00eb nd\u00ebrkomb\u00ebtare me faktor impakti 2.6, nd\u00ebrsa iu b\u00ebri thirrje koleg\u00ebve t\u00eb vet t\u00eb shkruajn\u00eb n\u00eb numrat e radh\u00ebs.<\/p>\n<p><img fetchpriority=\"high\" decoding=\"async\" class=\"alignnone wp-image-16656 size-full\" src=\"https:\/\/uet.edu.al\/wp-content\/uploads\/2024\/07\/HHA_3262-scaled.jpg\" alt=\"\" width=\"2560\" height=\"1708\" srcset=\"https:\/\/uet.edu.al\/wp-content\/uploads\/2024\/07\/HHA_3262-scaled.jpg 2560w, https:\/\/uet.edu.al\/wp-content\/uploads\/2024\/07\/HHA_3262-300x200.jpg 300w, https:\/\/uet.edu.al\/wp-content\/uploads\/2024\/07\/HHA_3262-1024x683.jpg 1024w, https:\/\/uet.edu.al\/wp-content\/uploads\/2024\/07\/HHA_3262-768x512.jpg 768w, https:\/\/uet.edu.al\/wp-content\/uploads\/2024\/07\/HHA_3262-1536x1025.jpg 1536w, https:\/\/uet.edu.al\/wp-content\/uploads\/2024\/07\/HHA_3262-2048x1366.jpg 2048w, https:\/\/uet.edu.al\/wp-content\/uploads\/2024\/07\/HHA_3262-18x12.jpg 18w\" sizes=\"(max-width: 2560px) 100vw, 2560px\" \/><\/p>\n<p>Nj\u00eb s\u00ebr\u00eb tematikash vijn\u00eb n\u00eb k\u00ebt\u00eb num\u00ebr t\u00eb \u201cJus &amp; Justicia\u201d. Prof. asoc. dr. Fabian Zhilla n\u00eb punimin e tij \u201cD\u00ebshifrimi i bot\u00ebs s\u00eb krimit ballkanik. Nj\u00eb analiz\u00eb teorike e komunikimit t\u00eb koduar n\u00eb krimin e organizuar\u201d, hedh m\u00eb shum\u00eb drit\u00eb mbi zbulimet m\u00eb t\u00eb fundit n\u00eb Shqip\u00ebri, mbi komunikimin e drejtuesve t\u00eb krimit n\u00eb vend.<\/p>\n<p>Ish-dekani n\u00eb UET, prof. asoc. dr. Elvin Meka, n\u00eb bashk\u00ebpunim me Msc. Lira Sinani sjellin punimin \u201cObligacionet e Konvertueshme Kontigjente (Obligacionet CoCo) dhe zhvillimi i tregut t\u00eb tyre n\u00eb Shqip\u00ebri\u201d, ku shqyrton instrumentet inovative financiare t\u00eb k\u00ebtyre obligacione, si dhe potencialin e tyre p\u00ebr t\u00eb krijuar nj\u00eb mjedis m\u00eb t\u00eb sigurt dhe m\u00eb t\u00eb q\u00ebndruesh\u00ebm n\u00eb sektorin bankar.<\/p>\n<p>Phd (c) Rexhina Myrta e p\u00ebrqendron k\u00ebrkimin e sigurin\u00eb komb\u00ebtare dhe civile n\u00eb Kosov\u00eb, duke u ndalur te komponent\u00ebt, sfidat dhe rreziqet q\u00eb e prekin shtetin m\u00eb t\u00eb ri t\u00eb Ballkanit. Po k\u00ebshtu, MSc. Ergys Dollomaja ka objekt t\u00eb k\u00ebrkimit Kosov\u00ebn, nd\u00ebrsa analizon politikat e siguris\u00eb s\u00eb Bashkimit Evropian n\u00eb Ballkanin Per\u00ebndimor pas viteve 1990.<\/p>\n<p>M\u00eb tej, Msc Artan Sadiku sjell punimin me tem\u00eb \u201cAleancat klasike dhe evolucioni i tyre n\u00eb koh\u00ebn bashk\u00ebkohore ambient sigurie\u201d, nd\u00ebrsa MSc. Jurgen Hoxha e zhvendos fokusin n\u00eb aren\u00ebn nd\u00ebrkomb\u00ebtare duke paraqitur sfidat e siguris\u00eb n\u00eb rajonin e Azis\u00eb, n\u00eb punimin \u201cJaponia dhe Kompleksi Rajonal i Siguris\u00eb n\u00eb rajonin Azi-Paq\u00ebsor 1931-1945\u201d.\u00a0 \u201cSiguria energjetike n\u00eb Shqip\u00ebri &#8211; drejt vet\u00eb-mjaftueshm\u00ebris\u00eb energjetike 2030\u201d me autor MSc. Enxhi TERIHATI, \u00ebsht\u00eb punimi q\u00eb mbyll revist\u00ebn.<\/p>\n<p>&nbsp;<\/p>","protected":false},"excerpt":{"rendered":"<p>U promovua n\u00eb Universitetin Europian t\u00eb Tiran\u00ebs numri i radh\u00ebs s\u00eb revist\u00ebs shkencore \u201cJus &amp; Justicia\u201d, me titull \u201cContemporary Security Challenges\u201d. Pedagog\u00eb dhe ish-student\u00eb t\u00eb UET, si dhe pedagog\u00eb t\u00eb universiteteve t\u00eb tjera soll\u00ebn k\u00ebrkimet e tyre mbi \u00e7\u00ebshtjet e &hellip; <\/p>","protected":false},"author":9,"featured_media":16654,"comment_status":"closed","ping_status":"closed","sticky":false,"template":"","format":"standard","meta":{"footnotes":""},"categories":[59,61],"tags":[],"class_list":["post-16653","post","type-post","status-publish","format-standard","has-post-thumbnail","hentry","category-activities","category-te-ndryshme"],"yoast_head":"<!-- This site is optimized with the Yoast SEO plugin v26.9 - https:\/\/yoast.com\/product\/yoast-seo-wordpress\/ -->\n<title>\u201cJus &amp; Justicia\u201d 18\/1: Sfidat bashk\u00ebkohore t\u00eb siguris\u00eb n\u00eb Shqip\u00ebri dhe Kosov\u00eb - UET<\/title>\n<meta name=\"robots\" content=\"index, follow, max-snippet:-1, max-image-preview:large, max-video-preview:-1\" \/>\n<link rel=\"canonical\" href=\"https:\/\/uet.edu.al\/en\/jus-justicia-18-1-sfidat-bashkekohore-te-sigurise-ne-shqiperi-dhe-kosove\/\" \/>\n<meta property=\"og:locale\" content=\"en_US\" \/>\n<meta property=\"og:type\" content=\"article\" \/>\n<meta property=\"og:title\" content=\"\u201cJus &amp; Justicia\u201d 18\/1: Sfidat bashk\u00ebkohore t\u00eb siguris\u00eb n\u00eb Shqip\u00ebri dhe Kosov\u00eb - UET\" \/>\n<meta property=\"og:description\" content=\"U promovua n\u00eb Universitetin Europian t\u00eb Tiran\u00ebs numri i radh\u00ebs s\u00eb revist\u00ebs shkencore \u201cJus &amp; Justicia\u201d, me titull \u201cContemporary Security Challenges\u201d. Pedagog\u00eb dhe ish-student\u00eb t\u00eb UET, si dhe pedagog\u00eb t\u00eb universiteteve t\u00eb tjera soll\u00ebn k\u00ebrkimet e tyre mbi \u00e7\u00ebshtjet e &hellip;\" \/>\n<meta property=\"og:url\" content=\"https:\/\/uet.edu.al\/en\/jus-justicia-18-1-sfidat-bashkekohore-te-sigurise-ne-shqiperi-dhe-kosove\/\" \/>\n<meta property=\"og:site_name\" content=\"UET\" \/>\n<meta property=\"article:publisher\" content=\"https:\/\/www.facebook.com\/UniversitetiEuropianiTiranes\/\" \/>\n<meta property=\"article:published_time\" content=\"2024-07-03T14:39:05+00:00\" \/>\n<meta property=\"article:modified_time\" content=\"2024-07-04T09:25:29+00:00\" \/>\n<meta property=\"og:image\" content=\"https:\/\/uet.edu.al\/wp-content\/uploads\/2024\/07\/HHA_3233-scaled.jpg\" \/>\n\t<meta property=\"og:image:width\" content=\"2560\" \/>\n\t<meta property=\"og:image:height\" content=\"1707\" \/>\n\t<meta property=\"og:image:type\" content=\"image\/jpeg\" \/>\n<meta name=\"author\" content=\"Luiza Pinderi\" \/>\n<meta name=\"twitter:card\" content=\"summary_large_image\" \/>\n<meta name=\"twitter:label1\" content=\"Written by\" \/>\n\t<meta name=\"twitter:data1\" content=\"Luiza Pinderi\" \/>\n\t<meta name=\"twitter:label2\" content=\"Est. reading time\" \/>\n\t<meta name=\"twitter:data2\" content=\"5 minutes\" \/>\n<script type=\"application\/ld+json\" class=\"yoast-schema-graph\">{\"@context\":\"https:\/\/schema.org\",\"@graph\":[{\"@type\":\"Article\",\"@id\":\"https:\/\/uet.edu.al\/jus-justicia-18-1-sfidat-bashkekohore-te-sigurise-ne-shqiperi-dhe-kosove\/#article\",\"isPartOf\":{\"@id\":\"https:\/\/uet.edu.al\/jus-justicia-18-1-sfidat-bashkekohore-te-sigurise-ne-shqiperi-dhe-kosove\/\"},\"author\":{\"name\":\"Luiza Pinderi\",\"@id\":\"https:\/\/uet.edu.al\/en\/#\/schema\/person\/c94d953fdf4026dde8f62be49a3ce69c\"},\"headline\":\"\u201cJus &#038; Justicia\u201d 18\/1: Sfidat bashk\u00ebkohore t\u00eb siguris\u00eb n\u00eb Shqip\u00ebri dhe Kosov\u00eb\",\"datePublished\":\"2024-07-03T14:39:05+00:00\",\"dateModified\":\"2024-07-04T09:25:29+00:00\",\"mainEntityOfPage\":{\"@id\":\"https:\/\/uet.edu.al\/jus-justicia-18-1-sfidat-bashkekohore-te-sigurise-ne-shqiperi-dhe-kosove\/\"},\"wordCount\":992,\"publisher\":{\"@id\":\"https:\/\/uet.edu.al\/en\/#organization\"},\"image\":{\"@id\":\"https:\/\/uet.edu.al\/jus-justicia-18-1-sfidat-bashkekohore-te-sigurise-ne-shqiperi-dhe-kosove\/#primaryimage\"},\"thumbnailUrl\":\"https:\/\/uet.edu.al\/wp-content\/uploads\/2024\/07\/HHA_3233-scaled.jpg\",\"articleSection\":[\"Aktivitete\",\"T\u00eb ndryshme\"],\"inLanguage\":\"en-US\"},{\"@type\":\"WebPage\",\"@id\":\"https:\/\/uet.edu.al\/jus-justicia-18-1-sfidat-bashkekohore-te-sigurise-ne-shqiperi-dhe-kosove\/\",\"url\":\"https:\/\/uet.edu.al\/jus-justicia-18-1-sfidat-bashkekohore-te-sigurise-ne-shqiperi-dhe-kosove\/\",\"name\":\"\u201cJus & Justicia\u201d 18\/1: Sfidat bashk\u00ebkohore t\u00eb siguris\u00eb n\u00eb Shqip\u00ebri dhe Kosov\u00eb - UET\",\"isPartOf\":{\"@id\":\"https:\/\/uet.edu.al\/en\/#website\"},\"primaryImageOfPage\":{\"@id\":\"https:\/\/uet.edu.al\/jus-justicia-18-1-sfidat-bashkekohore-te-sigurise-ne-shqiperi-dhe-kosove\/#primaryimage\"},\"image\":{\"@id\":\"https:\/\/uet.edu.al\/jus-justicia-18-1-sfidat-bashkekohore-te-sigurise-ne-shqiperi-dhe-kosove\/#primaryimage\"},\"thumbnailUrl\":\"https:\/\/uet.edu.al\/wp-content\/uploads\/2024\/07\/HHA_3233-scaled.jpg\",\"datePublished\":\"2024-07-03T14:39:05+00:00\",\"dateModified\":\"2024-07-04T09:25:29+00:00\",\"breadcrumb\":{\"@id\":\"https:\/\/uet.edu.al\/jus-justicia-18-1-sfidat-bashkekohore-te-sigurise-ne-shqiperi-dhe-kosove\/#breadcrumb\"},\"inLanguage\":\"en-US\",\"potentialAction\":[{\"@type\":\"ReadAction\",\"target\":[\"https:\/\/uet.edu.al\/jus-justicia-18-1-sfidat-bashkekohore-te-sigurise-ne-shqiperi-dhe-kosove\/\"]}]},{\"@type\":\"ImageObject\",\"inLanguage\":\"en-US\",\"@id\":\"https:\/\/uet.edu.al\/jus-justicia-18-1-sfidat-bashkekohore-te-sigurise-ne-shqiperi-dhe-kosove\/#primaryimage\",\"url\":\"https:\/\/uet.edu.al\/wp-content\/uploads\/2024\/07\/HHA_3233-scaled.jpg\",\"contentUrl\":\"https:\/\/uet.edu.al\/wp-content\/uploads\/2024\/07\/HHA_3233-scaled.jpg\",\"width\":2560,\"height\":1707},{\"@type\":\"BreadcrumbList\",\"@id\":\"https:\/\/uet.edu.al\/jus-justicia-18-1-sfidat-bashkekohore-te-sigurise-ne-shqiperi-dhe-kosove\/#breadcrumb\",\"itemListElement\":[{\"@type\":\"ListItem\",\"position\":1,\"name\":\"Home\",\"item\":\"https:\/\/uet.edu.al\/\"},{\"@type\":\"ListItem\",\"position\":2,\"name\":\"\u201cJus &#038; Justicia\u201d 18\/1: Sfidat bashk\u00ebkohore t\u00eb siguris\u00eb n\u00eb Shqip\u00ebri dhe Kosov\u00eb\"}]},{\"@type\":\"WebSite\",\"@id\":\"https:\/\/uet.edu.al\/en\/#website\",\"url\":\"https:\/\/uet.edu.al\/en\/\",\"name\":\"UET\",\"description\":\"Universiteti Europian i Tiran\u00ebs\",\"publisher\":{\"@id\":\"https:\/\/uet.edu.al\/en\/#organization\"},\"potentialAction\":[{\"@type\":\"SearchAction\",\"target\":{\"@type\":\"EntryPoint\",\"urlTemplate\":\"https:\/\/uet.edu.al\/en\/?s={search_term_string}\"},\"query-input\":{\"@type\":\"PropertyValueSpecification\",\"valueRequired\":true,\"valueName\":\"search_term_string\"}}],\"inLanguage\":\"en-US\"},{\"@type\":\"Organization\",\"@id\":\"https:\/\/uet.edu.al\/en\/#organization\",\"name\":\"Universiteti Europian i Tiranes\",\"url\":\"https:\/\/uet.edu.al\/en\/\",\"logo\":{\"@type\":\"ImageObject\",\"inLanguage\":\"en-US\",\"@id\":\"https:\/\/uet.edu.al\/en\/#\/schema\/logo\/image\/\",\"url\":\"https:\/\/uet.edu.al\/wp-content\/uploads\/2022\/12\/Logo-pa-adrese.png\",\"contentUrl\":\"https:\/\/uet.edu.al\/wp-content\/uploads\/2022\/12\/Logo-pa-adrese.png\",\"width\":1418,\"height\":696,\"caption\":\"Universiteti Europian i Tiranes\"},\"image\":{\"@id\":\"https:\/\/uet.edu.al\/en\/#\/schema\/logo\/image\/\"},\"sameAs\":[\"https:\/\/www.facebook.com\/UniversitetiEuropianiTiranes\/\"]},{\"@type\":\"Person\",\"@id\":\"https:\/\/uet.edu.al\/en\/#\/schema\/person\/c94d953fdf4026dde8f62be49a3ce69c\",\"name\":\"Luiza Pinderi\",\"url\":\"https:\/\/uet.edu.al\/en\/author\/luizapinderi\/\"}]}<\/script>\n<!-- \/ Yoast SEO plugin. -->","yoast_head_json":{"title":"\u201cJus & Justicia\u201d 18\/1: Sfidat bashk\u00ebkohore t\u00eb siguris\u00eb n\u00eb Shqip\u00ebri dhe Kosov\u00eb - UET","robots":{"index":"index","follow":"follow","max-snippet":"max-snippet:-1","max-image-preview":"max-image-preview:large","max-video-preview":"max-video-preview:-1"},"canonical":"https:\/\/uet.edu.al\/en\/jus-justicia-18-1-sfidat-bashkekohore-te-sigurise-ne-shqiperi-dhe-kosove\/","og_locale":"en_US","og_type":"article","og_title":"\u201cJus & Justicia\u201d 18\/1: Sfidat bashk\u00ebkohore t\u00eb siguris\u00eb n\u00eb Shqip\u00ebri dhe Kosov\u00eb - UET","og_description":"U promovua n\u00eb Universitetin Europian t\u00eb Tiran\u00ebs numri i radh\u00ebs s\u00eb revist\u00ebs shkencore \u201cJus &amp; Justicia\u201d, me titull \u201cContemporary Security Challenges\u201d. Pedagog\u00eb dhe ish-student\u00eb t\u00eb UET, si dhe pedagog\u00eb t\u00eb universiteteve t\u00eb tjera soll\u00ebn k\u00ebrkimet e tyre mbi \u00e7\u00ebshtjet e &hellip;","og_url":"https:\/\/uet.edu.al\/en\/jus-justicia-18-1-sfidat-bashkekohore-te-sigurise-ne-shqiperi-dhe-kosove\/","og_site_name":"UET","article_publisher":"https:\/\/www.facebook.com\/UniversitetiEuropianiTiranes\/","article_published_time":"2024-07-03T14:39:05+00:00","article_modified_time":"2024-07-04T09:25:29+00:00","og_image":[{"width":2560,"height":1707,"url":"https:\/\/uet.edu.al\/wp-content\/uploads\/2024\/07\/HHA_3233-scaled.jpg","type":"image\/jpeg"}],"author":"Luiza Pinderi","twitter_card":"summary_large_image","twitter_misc":{"Written by":"Luiza Pinderi","Est. reading time":"5 minutes"},"schema":{"@context":"https:\/\/schema.org","@graph":[{"@type":"Article","@id":"https:\/\/uet.edu.al\/jus-justicia-18-1-sfidat-bashkekohore-te-sigurise-ne-shqiperi-dhe-kosove\/#article","isPartOf":{"@id":"https:\/\/uet.edu.al\/jus-justicia-18-1-sfidat-bashkekohore-te-sigurise-ne-shqiperi-dhe-kosove\/"},"author":{"name":"Luiza Pinderi","@id":"https:\/\/uet.edu.al\/en\/#\/schema\/person\/c94d953fdf4026dde8f62be49a3ce69c"},"headline":"\u201cJus &#038; Justicia\u201d 18\/1: Sfidat bashk\u00ebkohore t\u00eb siguris\u00eb n\u00eb Shqip\u00ebri dhe Kosov\u00eb","datePublished":"2024-07-03T14:39:05+00:00","dateModified":"2024-07-04T09:25:29+00:00","mainEntityOfPage":{"@id":"https:\/\/uet.edu.al\/jus-justicia-18-1-sfidat-bashkekohore-te-sigurise-ne-shqiperi-dhe-kosove\/"},"wordCount":992,"publisher":{"@id":"https:\/\/uet.edu.al\/en\/#organization"},"image":{"@id":"https:\/\/uet.edu.al\/jus-justicia-18-1-sfidat-bashkekohore-te-sigurise-ne-shqiperi-dhe-kosove\/#primaryimage"},"thumbnailUrl":"https:\/\/uet.edu.al\/wp-content\/uploads\/2024\/07\/HHA_3233-scaled.jpg","articleSection":["Aktivitete","T\u00eb ndryshme"],"inLanguage":"en-US"},{"@type":"WebPage","@id":"https:\/\/uet.edu.al\/jus-justicia-18-1-sfidat-bashkekohore-te-sigurise-ne-shqiperi-dhe-kosove\/","url":"https:\/\/uet.edu.al\/jus-justicia-18-1-sfidat-bashkekohore-te-sigurise-ne-shqiperi-dhe-kosove\/","name":"\u201cJus & Justicia\u201d 18\/1: Sfidat bashk\u00ebkohore t\u00eb siguris\u00eb n\u00eb Shqip\u00ebri dhe Kosov\u00eb - UET","isPartOf":{"@id":"https:\/\/uet.edu.al\/en\/#website"},"primaryImageOfPage":{"@id":"https:\/\/uet.edu.al\/jus-justicia-18-1-sfidat-bashkekohore-te-sigurise-ne-shqiperi-dhe-kosove\/#primaryimage"},"image":{"@id":"https:\/\/uet.edu.al\/jus-justicia-18-1-sfidat-bashkekohore-te-sigurise-ne-shqiperi-dhe-kosove\/#primaryimage"},"thumbnailUrl":"https:\/\/uet.edu.al\/wp-content\/uploads\/2024\/07\/HHA_3233-scaled.jpg","datePublished":"2024-07-03T14:39:05+00:00","dateModified":"2024-07-04T09:25:29+00:00","breadcrumb":{"@id":"https:\/\/uet.edu.al\/jus-justicia-18-1-sfidat-bashkekohore-te-sigurise-ne-shqiperi-dhe-kosove\/#breadcrumb"},"inLanguage":"en-US","potentialAction":[{"@type":"ReadAction","target":["https:\/\/uet.edu.al\/jus-justicia-18-1-sfidat-bashkekohore-te-sigurise-ne-shqiperi-dhe-kosove\/"]}]},{"@type":"ImageObject","inLanguage":"en-US","@id":"https:\/\/uet.edu.al\/jus-justicia-18-1-sfidat-bashkekohore-te-sigurise-ne-shqiperi-dhe-kosove\/#primaryimage","url":"https:\/\/uet.edu.al\/wp-content\/uploads\/2024\/07\/HHA_3233-scaled.jpg","contentUrl":"https:\/\/uet.edu.al\/wp-content\/uploads\/2024\/07\/HHA_3233-scaled.jpg","width":2560,"height":1707},{"@type":"BreadcrumbList","@id":"https:\/\/uet.edu.al\/jus-justicia-18-1-sfidat-bashkekohore-te-sigurise-ne-shqiperi-dhe-kosove\/#breadcrumb","itemListElement":[{"@type":"ListItem","position":1,"name":"Home","item":"https:\/\/uet.edu.al\/"},{"@type":"ListItem","position":2,"name":"\u201cJus &#038; Justicia\u201d 18\/1: Sfidat bashk\u00ebkohore t\u00eb siguris\u00eb n\u00eb Shqip\u00ebri dhe Kosov\u00eb"}]},{"@type":"WebSite","@id":"https:\/\/uet.edu.al\/en\/#website","url":"https:\/\/uet.edu.al\/en\/","name":"UET","description":"Universiteti Europian i Tiran\u00ebs","publisher":{"@id":"https:\/\/uet.edu.al\/en\/#organization"},"potentialAction":[{"@type":"SearchAction","target":{"@type":"EntryPoint","urlTemplate":"https:\/\/uet.edu.al\/en\/?s={search_term_string}"},"query-input":{"@type":"PropertyValueSpecification","valueRequired":true,"valueName":"search_term_string"}}],"inLanguage":"en-US"},{"@type":"Organization","@id":"https:\/\/uet.edu.al\/en\/#organization","name":"Universiteti Europian i Tiranes","url":"https:\/\/uet.edu.al\/en\/","logo":{"@type":"ImageObject","inLanguage":"en-US","@id":"https:\/\/uet.edu.al\/en\/#\/schema\/logo\/image\/","url":"https:\/\/uet.edu.al\/wp-content\/uploads\/2022\/12\/Logo-pa-adrese.png","contentUrl":"https:\/\/uet.edu.al\/wp-content\/uploads\/2022\/12\/Logo-pa-adrese.png","width":1418,"height":696,"caption":"Universiteti Europian i Tiranes"},"image":{"@id":"https:\/\/uet.edu.al\/en\/#\/schema\/logo\/image\/"},"sameAs":["https:\/\/www.facebook.com\/UniversitetiEuropianiTiranes\/"]},{"@type":"Person","@id":"https:\/\/uet.edu.al\/en\/#\/schema\/person\/c94d953fdf4026dde8f62be49a3ce69c","name":"Luiza Pinderi","url":"https:\/\/uet.edu.al\/en\/author\/luizapinderi\/"}]}},"_links":{"self":[{"href":"https:\/\/uet.edu.al\/en\/wp-json\/wp\/v2\/posts\/16653","targetHints":{"allow":["GET"]}}],"collection":[{"href":"https:\/\/uet.edu.al\/en\/wp-json\/wp\/v2\/posts"}],"about":[{"href":"https:\/\/uet.edu.al\/en\/wp-json\/wp\/v2\/types\/post"}],"author":[{"embeddable":true,"href":"https:\/\/uet.edu.al\/en\/wp-json\/wp\/v2\/users\/9"}],"replies":[{"embeddable":true,"href":"https:\/\/uet.edu.al\/en\/wp-json\/wp\/v2\/comments?post=16653"}],"version-history":[{"count":3,"href":"https:\/\/uet.edu.al\/en\/wp-json\/wp\/v2\/posts\/16653\/revisions"}],"predecessor-version":[{"id":16658,"href":"https:\/\/uet.edu.al\/en\/wp-json\/wp\/v2\/posts\/16653\/revisions\/16658"}],"wp:featuredmedia":[{"embeddable":true,"href":"https:\/\/uet.edu.al\/en\/wp-json\/wp\/v2\/media\/16654"}],"wp:attachment":[{"href":"https:\/\/uet.edu.al\/en\/wp-json\/wp\/v2\/media?parent=16653"}],"wp:term":[{"taxonomy":"category","embeddable":true,"href":"https:\/\/uet.edu.al\/en\/wp-json\/wp\/v2\/categories?post=16653"},{"taxonomy":"post_tag","embeddable":true,"href":"https:\/\/uet.edu.al\/en\/wp-json\/wp\/v2\/tags?post=16653"}],"curies":[{"name":"wp","href":"https:\/\/api.w.org\/{rel}","templated":true}]}}