{"id":13344,"date":"2022-04-30T08:49:25","date_gmt":"2022-04-30T08:49:25","guid":{"rendered":"https:\/\/uet.edu.al\/?p=13344"},"modified":"2022-04-30T08:50:36","modified_gmt":"2022-04-30T08:50:36","slug":"ish-ministri-promovon-librin-ne-uet-enver-hoxhaj-si-rusia-po-e-lufton-kosoven-dhe-ballkanin","status":"publish","type":"post","link":"https:\/\/uet.edu.al\/en\/ish-ministri-promovon-librin-ne-uet-enver-hoxhaj-si-rusia-po-e-lufton-kosoven-dhe-ballkanin\/","title":{"rendered":"Ish- ministri promovon librin n\u00eb UET\/ Enver Hoxhaj: Si Rusia po e lufton Kosov\u00ebn dhe Ballkanin"},"content":{"rendered":"<p><strong>\u00a0<\/strong><\/p>\n<p>\u201cP\u00ebrplasja e madhe\u201d \u00ebsht\u00eb libri i ri i ish-ministrit t\u00eb Jasht\u00ebm t\u00eb Kosov\u00ebs, Enver Hoxhaj.<\/p>\n<p>Ballkani \u00ebsht\u00eb prioriteti i dyt\u00eb i politik\u00ebs s\u00eb jashtme ruse, tha ish-numri nj\u00eb i diplomacis\u00eb kosovare, nd\u00ebrsa shtoi se pas Ukrain\u00ebs, Putin po p\u00ebrpiqet ta p\u00ebr\u00e7aj\u00eb Per\u00ebndimin p\u00ebrmes Kosov\u00ebs.<\/p>\n<p>Gjat\u00eb p\u00ebrurimit t\u00eb librit n\u00eb UET, ai foli p\u00ebr emergjenc\u00ebn e an\u00ebtar\u00ebsimit t\u00eb Kosov\u00ebs n\u00eb NATO dhe OKB, por edhe integrimin e rajonit n\u00eb Bashkimin Europian.<\/p>\n<p>Prej 24 shkurtit bota nuk i ngjan m\u00eb s\u00eb djeshmes q\u00eb njihnim.<\/p>\n<p>Rendi Europian, u \u00e7a n\u00eb mes at\u00eb nat\u00eb kur raketat ruse godit\u00ebn\u00a0 Ukrain\u00ebn dhe Putin urdh\u00ebroi pushtimin e Ukrain\u00ebs. Kjo \u00ebsht\u00eb analiza\u00a0 e ish-ministrit t\u00eb Jasht\u00ebm t\u00eb Kosov\u00ebs Enver Hoxhaj. Analiz\u00eb t\u00eb cil\u00ebn ish numri nj\u00eb i diplomacis\u00eb kosovare e sjell p\u00ebrmes librit \u201cP\u00ebrplasja e madhe\u201d, botim i UET Press.<\/p>\n<p>Ngjarjet n\u00eb Ukrain\u00eb, tha ai gjat\u00eb ceremonis\u00eb s\u00eb p\u00ebrurimit t\u00eb librit, \u00ebsht\u00eb nyja q\u00eb do t\u00eb shpjegoj\u00eb m\u00eb gjer\u00eb t\u00eb ardhmen.<\/p>\n<p>Kryetem\u00eb e librit, q\u00eb lindi si ide prej artikujve mbi politik\u00ebn e jashtme dhe gjeopolitik\u00ebn q\u00eb diplomati dhe akademiku ka botuar rregullisht n\u00eb media t\u00eb bot\u00ebs shqiptare, por edhe nd\u00ebrkomb\u00ebtare, \u00ebsht\u00eb gjeopolitika e Rusis\u00eb n\u00eb raport me Ballkanin e ve\u00e7an\u00ebrisht Kosov\u00ebn. Nj\u00eb luft\u00eb q\u00eb zhvillohet, si\u00e7 tha Hoxhaj p\u00ebr t\u00eb pranishmit, edhe n\u00eb rrafshin diplomatik, ekonomik e informatik. \u201cN\u00ebse n\u00eb Ukrain\u00eb lufta \u00ebsht\u00eb konvencionale\u201d- tha ish-ministri- , \u201cn\u00eb Kosov\u00eb dhe Ballkan ajo \u00ebsht\u00eb hibride\u201d, duke e par\u00eb k\u00ebt\u00eb t\u00eb fundit si form\u00ebn m\u00eb\u00a0 perfide.<\/p>\n<p>Interesimi rreth Rusis\u00eb dhe strategjive politike apo gjeopolitike q\u00eb kjo fuqi ndjek, Enver Hoxhaj tha se i ishte shtuar gjat\u00eb koh\u00ebs kur qe pjes\u00eb e delegacionit negociues p\u00ebr statusin e Kosov\u00ebs, n\u00eb Vjen\u00eb, Ai zbuloi \u00a0se \u00ebsht\u00eb jo vet\u00ebm \u00a0njoh\u00ebs i gjuh\u00ebs ruse, por edhe se ka nj\u00eb dosje t\u00eb plot\u00eb t\u00eb t\u00eb gjith\u00eb artikujve t\u00eb r\u00ebnd\u00ebsish\u00ebm mbi Rusin\u00eb n\u00eb raprort me Ballkanin dhe Kosov\u00ebn, por edhe m\u00eb gjer\u00eb.<\/p>\n<p>\u201cAty kam par\u00eb q\u00eb politika e jashtme e Kosov\u00ebs, duhet t\u00eb ket\u00eb nj\u00eb kuptim m\u00eb t\u00eb thell\u00eb t\u00eb asaj \u00e7far\u00eb mendojn\u00eb rus\u00ebt p\u00ebr Kosov\u00ebn dhe \u00e7far\u00eb vepron Rusia n\u00eb raport me Kosov\u00ebn dhe Ballkanin\u201d, ndau mendimin Hoxhaj.<\/p>\n<p><img fetchpriority=\"high\" decoding=\"async\" class=\"aligncenter size-large wp-image-13345\" src=\"https:\/\/uet.edu.al\/wp-content\/uploads\/2022\/04\/AAA_6974-scaled-1024x682.jpg\" alt=\"\" width=\"640\" height=\"426\" srcset=\"https:\/\/uet.edu.al\/wp-content\/uploads\/2022\/04\/AAA_6974-scaled-1024x682.jpg 1024w, https:\/\/uet.edu.al\/wp-content\/uploads\/2022\/04\/AAA_6974-scaled-300x200.jpg 300w, https:\/\/uet.edu.al\/wp-content\/uploads\/2022\/04\/AAA_6974-768x512.jpg 768w, https:\/\/uet.edu.al\/wp-content\/uploads\/2022\/04\/AAA_6974-1536x1024.jpg 1536w, https:\/\/uet.edu.al\/wp-content\/uploads\/2022\/04\/AAA_6974-2048x1365.jpg 2048w, https:\/\/uet.edu.al\/wp-content\/uploads\/2022\/04\/AAA_6974-18x12.jpg 18w\" sizes=\"(max-width: 640px) 100vw, 640px\" \/><\/p>\n<p>\u201cKrejt \u00e7far\u00eb ka th\u00ebn\u00eb ai, prej vitit 1999 e deri te fjalimi i famsh\u00ebm i Munihut m\u00eb 2007\u201d,\u00a0 dha m\u00eb shum\u00eb holl\u00ebsi Hoxhaj, i cili aktualisht \u00ebsht\u00eb deputet i Kuvendit t\u00eb Kosov\u00ebs.<\/p>\n<p>Ai ndau m\u00eb tej me t\u00eb pranishmit se ka qen\u00eb pjes\u00eb e Konferenc\u00ebs s\u00eb Munihut, si pjes\u00eb e delegacionit t\u00eb Kosov\u00ebs p\u00ebr statusin final dhe kujtoi elektrizimin e sall\u00ebs, kur Putin, at\u00ebher\u00eb kryeminist\u00ebr ndau vizionin e tij p\u00ebr nj\u00eb bot\u00eb multipolare dhe kund\u00ebrshtoi t\u00eb b\u00ebhej pjes\u00eb e rendit liberal bot\u00ebror, t\u00eb udh\u00ebhequr nga Shtetet e Bashkuara t\u00eb Amerik\u00ebs. Ishte koh\u00eb kur Putin ndau qasjen e tij t\u00eb orientimit kah Euro-Azia. \u201cGjeopolitika e tij m\u00eb shum\u00eb cariste, se\u00a0 sovjetike, ka prodhuar nj\u00eb situat\u00eb, ku n\u00ebse n\u00eb Europ\u00ebn Lindore n\u00eb Ukrain\u00eb ka nj\u00eb luft\u00eb konvencionale, n\u00eb Ballkan ka nj\u00eb luft\u00eb hibride. Kjo luft\u00eb n\u00ebnkupton p\u00ebrdorimin e formave dhe mjeteve konvencionale dhe jo konvencionale, p\u00ebr t\u00eb mb\u00ebrritur te q\u00ebllimet politike\u201d.<\/p>\n<p><img decoding=\"async\" class=\"aligncenter size-large wp-image-13346\" src=\"https:\/\/uet.edu.al\/wp-content\/uploads\/2022\/04\/AAA_7034-scaled-1024x683.jpg\" alt=\"\" width=\"640\" height=\"427\" srcset=\"https:\/\/uet.edu.al\/wp-content\/uploads\/2022\/04\/AAA_7034-scaled-1024x683.jpg 1024w, https:\/\/uet.edu.al\/wp-content\/uploads\/2022\/04\/AAA_7034-scaled-300x200.jpg 300w, https:\/\/uet.edu.al\/wp-content\/uploads\/2022\/04\/AAA_7034-768x512.jpg 768w, https:\/\/uet.edu.al\/wp-content\/uploads\/2022\/04\/AAA_7034-1536x1024.jpg 1536w, https:\/\/uet.edu.al\/wp-content\/uploads\/2022\/04\/AAA_7034-2048x1365.jpg 2048w, https:\/\/uet.edu.al\/wp-content\/uploads\/2022\/04\/AAA_7034-18x12.jpg 18w\" sizes=\"(max-width: 640px) 100vw, 640px\" \/><\/p>\n<p>Sipas ish-ministrit t\u00eb Jasht\u00ebm t\u00eb Kosov\u00ebs, Ballkani \u00ebsht\u00eb prioriteti i dyt\u00eb i politik\u00ebs s\u00eb jashtme ruse. Pohim ky i vet\u00eb Putinit, n\u00eb nj\u00eb samit n\u00eb Zagreb n\u00eb vitet 2000, ku Ballkani renditej nd\u00ebr prioritetet gjeopolitike ruse pas republikave ish-sovjetike dhe Detit t\u00eb Zi, ishte Ballkani.<\/p>\n<p>Sipas Hoxhaj, nga pik\u00ebpamja gjeopolitike, Per\u00ebndimi dhe Rusia ekzistojn\u00eb n\u00eb dy shekuj t\u00eb ndrysh\u00ebm dhe ideologji t\u00eb pangjashme, ku sipas tij ajo e Putinit\u00a0 \u00ebsht\u00eb kryek\u00ebput fashiste.<\/p>\n<p>\u201cTem\u00eb kryesore n\u00eb Europ\u00eb \u00ebsht\u00eb \u00e7far\u00eb po ndodh n\u00eb Ukrain\u00eb, por pik\u00ebnisje e \u00e7do debati europian \u00ebsht\u00eb \u00e7\u00ebshtja e zgjerimit t\u00eb NATO-s, p\u00ebr t\u00eb cil\u00ebn Putin b\u00ebn p\u00ebrpjekje edhe sot ta manipuloj\u00eb dhe interpretoj\u00eb q\u00ebllimsh\u00ebm p\u00ebr t\u00eb ndikuar te shtresa t\u00eb caktuara europiane\u201d, tha Hoxhaj.<\/p>\n<p>Ai shtoi m\u00eb tej se n\u00ebse zgjerimi i NATO-s \u00ebsht\u00eb nj\u00ebra nga temat q\u00eb e ndan Putinin me Per\u00ebndimin, tema e dyt\u00eb p\u00ebr t\u00eb cil\u00ebn presidenti rus lufton dhe p\u00ebrpiqet t\u00eb p\u00ebr\u00e7aj\u00eb e manipuloj\u00eb Per\u00ebndimin \u00ebsht\u00eb Kosova.<\/p>\n<p>Sipas Hoxhajt, deklaratat e Putin p\u00ebr Kosov\u00ebn nga viti 2007, p\u00ebrkthehen n\u00eb qasjen e tij n\u00eb raport me Europ\u00ebn Lindore edhe m\u00eb gjer\u00eb.<\/p>\n<p>\u201cPjesa e par\u00eb e k\u00ebtij libri \u00ebsht\u00eb nj\u00eb pun\u00eb origjinale, q\u00eb nuk e gjen n\u00eb artikuj shkencor\u00eb, as n\u00eb artikuj eseistik\u00eb apo gazetaresk\u00eb, por nj\u00eb produkt i nj\u00eb kulture m\u00eb t\u00eb thell\u00eb q\u00eb e kam pasur n\u00eb raport me Rusin\u00eb. Jo p\u00ebr shkak t\u00eb simpatis\u00eb por domosdoshm\u00ebris\u00eb. Si minist\u00ebr i Jasht\u00ebm n\u00eb shtat\u00eb vite,\u00a0 Hoxhaj foli p\u00ebr interesimin e t\u00eb kuptuarit n\u00eb thelb \u00e7far\u00eb mendon Putin p\u00ebr Kosov\u00ebn.<\/p>\n<p>N\u00eb kreu e dyt\u00eb t\u00eb k\u00ebtij libri, politikani tha se \u00ebsht\u00eb ndalur n\u00eb nj\u00eb analiz\u00eb t\u00eb luft\u00ebs hibride n\u00eb Ballkan, nd\u00ebrsa kreu i fundit\u00a0 vjen si nj\u00eb lexim m\u00eb i thell\u00eb i ngjarjeve n\u00eb Ukrain\u00eb.<\/p>\n<p>Nj\u00eb prej pyetjeve q\u00eb ngre ky lib\u00ebr, i p\u00ebruruar n\u00eb kuad\u00ebr t\u00eb Dit\u00ebve t\u00eb Studimeve Shqiptare n\u00eb Universitetin Europian t\u00eb Tiran\u00ebs, \u00ebsht\u00eb n\u00ebse ngjarjet n\u00eb Ukrain\u00eb do t\u00eb z\u00ebvend\u00ebsojn\u00eb bashk\u00ebpunimin nd\u00ebrkomb\u00ebtar me politik\u00ebn e forc\u00ebs.<\/p>\n<p>\u201c&#8230;a mos kemi mbetur n\u00eb pjes\u00ebn europiane\u00a0 t\u00eb t\u00eb menduarit dhe bota mund\u00a0 t\u00eb jet\u00eb e ndar\u00eb n\u00eb dy sisteme;\u00a0 demokraci-\u00a0 autokraci?!\u00a0 Na\u00a0 vlen t\u00eb shtrojm\u00eb pyetjen se ku jemi n\u00eb k\u00ebt\u00eb bot\u00eb\u201d, shtroi ai si thirrje p\u00ebr reflektim.<\/p>\n<p><img decoding=\"async\" class=\"aligncenter size-large wp-image-13347\" src=\"https:\/\/uet.edu.al\/wp-content\/uploads\/2022\/04\/AAA_6906-scaled-1024x683.jpg\" alt=\"\" width=\"640\" height=\"427\" srcset=\"https:\/\/uet.edu.al\/wp-content\/uploads\/2022\/04\/AAA_6906-scaled-1024x683.jpg 1024w, https:\/\/uet.edu.al\/wp-content\/uploads\/2022\/04\/AAA_6906-scaled-300x200.jpg 300w, https:\/\/uet.edu.al\/wp-content\/uploads\/2022\/04\/AAA_6906-768x512.jpg 768w, https:\/\/uet.edu.al\/wp-content\/uploads\/2022\/04\/AAA_6906-1536x1024.jpg 1536w, https:\/\/uet.edu.al\/wp-content\/uploads\/2022\/04\/AAA_6906-2048x1365.jpg 2048w, https:\/\/uet.edu.al\/wp-content\/uploads\/2022\/04\/AAA_6906-18x12.jpg 18w\" sizes=\"(max-width: 640px) 100vw, 640px\" \/><\/p>\n<p>Nj\u00eb pjes\u00eb e librit, zbuloi m\u00eb tej autori, merret me Kin\u00ebn. Duke u ndalur tek disa analist\u00eb kinez\u00eb q\u00eb hamend\u00ebsojn\u00eb n\u00ebse bota do t\u00eb kontrollohet t\u00eb n\u00eb ardhmen nga Euro-Azia, ai ngriti dilem\u00ebn se \u00e7\u2019do t\u00eb thoshte kjo p\u00ebr Kosov\u00ebn.<\/p>\n<p>\u201cN\u00ebse deri m\u00eb tani ne n\u00eb Kosov\u00eb kemi pasur nj\u00eb pritje, n\u00ebse nj\u00eb dialog mes Kosov\u00ebs dhe Serbis\u00eb p\u00ebrfundon me njohje t\u00eb nd\u00ebrsjell\u00eb dhe marr\u00ebveshja d\u00ebrgohet n\u00eb K\u00ebshill t\u00eb Sigurimit dhe \u00a0OKB, n\u00eb nj\u00eb situat\u00eb t\u00eb till\u00eb si n\u00eb Ukrain\u00eb\u00a0 shtrohet pyetja: a do ta mb\u00ebshteste \u00a0K\u00ebshilli i Sigurimit nj\u00eb marr\u00ebveshje t\u00eb till\u00eb\u201d. Qasja ruse deri m\u00eb tani ka qen\u00eb pranimi i gjith\u00e7kaje q\u00eb pranon Serbia dhe populli serb.<\/p>\n<p>\u201cDilema \u00ebsht\u00eb, a mund ta p\u00ebrdor\u00eb Rusia, sikurse Bashkimi Sovjetik gjat\u00eb Luft\u00ebs s\u00eb Ftoht\u00eb, \u00a0Ballkanin, Kosov\u00ebn \u00a0dhe Bosnj\u00ebn p\u00ebr ballafaqim gjeopolitik n\u00eb K\u00ebshillin e Sigurimit\u201d.<\/p>\n<p>Si politikan dhe ish-minist\u00ebr i Jasht\u00ebm, Hoxhaj tha se arritja e nj\u00eb marr\u00ebveshje p\u00ebr njohjen e nd\u00ebrsjell\u00eb Kosov\u00eb- Serbi \u00ebsht\u00eb urgjente, po ashtu edhe an\u00ebtar\u00ebsimi i vendit n\u00eb Organizat\u00ebn e Kombeve t\u00eb Bashkuara. Ai tha se Europa dhe Amerika duhet ta shtyjn\u00eb shpejt integrimin e rajonit n\u00eb BE dhe NATO,\u00a0 p\u00ebr t\u00eb pasur nj\u00eb paqe n\u00eb Ballkan jo thjesht si nj\u00eb munges\u00eb e p\u00ebrkohshme e luft\u00ebs, por si di\u00e7ka q\u00eb nuk mund t\u00eb ndodh\u00eb.<\/p>\n<p>Kjo sipas Hoxhajt arrihet vet\u00ebm n\u00ebse \u00e7\u00ebshtja Kosov\u00eb-Serbi mbyllet me njohje t\u00eb nd\u00ebrsjell\u00eb, n\u00ebse mbyllet shtetnd\u00ebrtimi i Bosnj\u00ebs, n\u00ebse zgjerimi i NATO-s l\u00ebviz me shpejt\u00ebsi n\u00eb raport\u00a0 me Kosov\u00ebn e po ashtu edhe zgjerimi europian. \u00a0Si realist, ish-ministr sheh zgjedhje t\u00eb v\u00ebshtira p\u00ebr t\u00eb ardhmen.\u00a0 Sa m\u00eb shum\u00eb q\u00eb t\u00eb zgjas\u00eb lufta n\u00eb Ukrain\u00eb dhe p\u00ebrplasja me Per\u00ebndimin, &#8211; mendon Hoxhaj -, \u00a0Shqip\u00ebria dhe Kosova do t\u00eb jen\u00eb caqe t\u00eb luft\u00ebs hibride ruse, t\u00eb cil\u00ebn rus\u00ebt do ta zhvillojn\u00eb jo vet\u00ebm n\u00eb nivel rajonal, por edhe europian dhe global.<\/p>\n<p><img loading=\"lazy\" decoding=\"async\" class=\"aligncenter size-large wp-image-13349\" src=\"https:\/\/uet.edu.al\/wp-content\/uploads\/2022\/04\/AAA_6971-scaled-1024x683.jpg\" alt=\"\" width=\"640\" height=\"427\" srcset=\"https:\/\/uet.edu.al\/wp-content\/uploads\/2022\/04\/AAA_6971-scaled-1024x683.jpg 1024w, https:\/\/uet.edu.al\/wp-content\/uploads\/2022\/04\/AAA_6971-scaled-300x200.jpg 300w, https:\/\/uet.edu.al\/wp-content\/uploads\/2022\/04\/AAA_6971-768x512.jpg 768w, https:\/\/uet.edu.al\/wp-content\/uploads\/2022\/04\/AAA_6971-1536x1024.jpg 1536w, https:\/\/uet.edu.al\/wp-content\/uploads\/2022\/04\/AAA_6971-2048x1365.jpg 2048w, https:\/\/uet.edu.al\/wp-content\/uploads\/2022\/04\/AAA_6971-18x12.jpg 18w\" sizes=\"(max-width: 640px) 100vw, 640px\" \/><\/p>","protected":false},"excerpt":{"rendered":"<p>\u00a0 \u201cP\u00ebrplasja e madhe\u201d \u00ebsht\u00eb libri i ri i ish-ministrit t\u00eb Jasht\u00ebm t\u00eb Kosov\u00ebs, Enver Hoxhaj. Ballkani \u00ebsht\u00eb prioriteti i dyt\u00eb i politik\u00ebs s\u00eb jashtme ruse, tha ish-numri nj\u00eb i diplomacis\u00eb kosovare, nd\u00ebrsa shtoi se pas Ukrain\u00ebs, Putin po p\u00ebrpiqet &hellip; <\/p>","protected":false},"author":2,"featured_media":13348,"comment_status":"closed","ping_status":"closed","sticky":false,"template":"","format":"standard","meta":{"footnotes":""},"categories":[61],"tags":[],"class_list":["post-13344","post","type-post","status-publish","format-standard","has-post-thumbnail","hentry","category-te-ndryshme"],"yoast_head":"<!-- This site is optimized with the Yoast SEO plugin v26.9 - https:\/\/yoast.com\/product\/yoast-seo-wordpress\/ -->\n<title>Ish- ministri promovon librin n\u00eb UET\/ Enver Hoxhaj: Si Rusia po e lufton Kosov\u00ebn dhe Ballkanin - UET<\/title>\n<meta name=\"robots\" content=\"index, follow, max-snippet:-1, max-image-preview:large, max-video-preview:-1\" \/>\n<link rel=\"canonical\" href=\"https:\/\/uet.edu.al\/en\/ish-ministri-promovon-librin-ne-uet-enver-hoxhaj-si-rusia-po-e-lufton-kosoven-dhe-ballkanin\/\" \/>\n<meta property=\"og:locale\" content=\"en_US\" \/>\n<meta property=\"og:type\" content=\"article\" \/>\n<meta property=\"og:title\" content=\"Ish- ministri promovon librin n\u00eb UET\/ Enver Hoxhaj: Si Rusia po e lufton Kosov\u00ebn dhe Ballkanin - UET\" \/>\n<meta property=\"og:description\" content=\"\u00a0 \u201cP\u00ebrplasja e madhe\u201d \u00ebsht\u00eb libri i ri i ish-ministrit t\u00eb Jasht\u00ebm t\u00eb Kosov\u00ebs, Enver Hoxhaj. Ballkani \u00ebsht\u00eb prioriteti i dyt\u00eb i politik\u00ebs s\u00eb jashtme ruse, tha ish-numri nj\u00eb i diplomacis\u00eb kosovare, nd\u00ebrsa shtoi se pas Ukrain\u00ebs, Putin po p\u00ebrpiqet &hellip;\" \/>\n<meta property=\"og:url\" content=\"https:\/\/uet.edu.al\/en\/ish-ministri-promovon-librin-ne-uet-enver-hoxhaj-si-rusia-po-e-lufton-kosoven-dhe-ballkanin\/\" \/>\n<meta property=\"og:site_name\" content=\"UET\" \/>\n<meta property=\"article:publisher\" content=\"https:\/\/www.facebook.com\/UniversitetiEuropianiTiranes\/\" \/>\n<meta property=\"article:published_time\" content=\"2022-04-30T08:49:25+00:00\" \/>\n<meta property=\"article:modified_time\" content=\"2022-04-30T08:50:36+00:00\" \/>\n<meta property=\"og:image\" content=\"https:\/\/uet.edu.al\/wp-content\/uploads\/2022\/04\/AAA_6946-scaled.jpg\" \/>\n\t<meta property=\"og:image:width\" content=\"2560\" \/>\n\t<meta property=\"og:image:height\" content=\"1707\" \/>\n\t<meta property=\"og:image:type\" content=\"image\/jpeg\" \/>\n<meta name=\"author\" content=\"Suela Laska\" \/>\n<meta name=\"twitter:card\" content=\"summary_large_image\" \/>\n<meta name=\"twitter:label1\" content=\"Written by\" \/>\n\t<meta name=\"twitter:data1\" content=\"Suela Laska\" \/>\n\t<meta name=\"twitter:label2\" content=\"Est. reading time\" \/>\n\t<meta name=\"twitter:data2\" content=\"6 minutes\" \/>\n<script type=\"application\/ld+json\" class=\"yoast-schema-graph\">{\"@context\":\"https:\/\/schema.org\",\"@graph\":[{\"@type\":\"Article\",\"@id\":\"https:\/\/uet.edu.al\/ish-ministri-promovon-librin-ne-uet-enver-hoxhaj-si-rusia-po-e-lufton-kosoven-dhe-ballkanin\/#article\",\"isPartOf\":{\"@id\":\"https:\/\/uet.edu.al\/ish-ministri-promovon-librin-ne-uet-enver-hoxhaj-si-rusia-po-e-lufton-kosoven-dhe-ballkanin\/\"},\"author\":{\"name\":\"Suela Laska\",\"@id\":\"https:\/\/uet.edu.al\/en\/#\/schema\/person\/df35561f00aff5c7b714f046a4c90a6f\"},\"headline\":\"Ish- ministri promovon librin n\u00eb UET\/ Enver Hoxhaj: Si Rusia po e lufton Kosov\u00ebn dhe Ballkanin\",\"datePublished\":\"2022-04-30T08:49:25+00:00\",\"dateModified\":\"2022-04-30T08:50:36+00:00\",\"mainEntityOfPage\":{\"@id\":\"https:\/\/uet.edu.al\/ish-ministri-promovon-librin-ne-uet-enver-hoxhaj-si-rusia-po-e-lufton-kosoven-dhe-ballkanin\/\"},\"wordCount\":1346,\"publisher\":{\"@id\":\"https:\/\/uet.edu.al\/en\/#organization\"},\"image\":{\"@id\":\"https:\/\/uet.edu.al\/ish-ministri-promovon-librin-ne-uet-enver-hoxhaj-si-rusia-po-e-lufton-kosoven-dhe-ballkanin\/#primaryimage\"},\"thumbnailUrl\":\"https:\/\/uet.edu.al\/wp-content\/uploads\/2022\/04\/AAA_6946-scaled.jpg\",\"articleSection\":[\"T\u00eb ndryshme\"],\"inLanguage\":\"en-US\"},{\"@type\":\"WebPage\",\"@id\":\"https:\/\/uet.edu.al\/ish-ministri-promovon-librin-ne-uet-enver-hoxhaj-si-rusia-po-e-lufton-kosoven-dhe-ballkanin\/\",\"url\":\"https:\/\/uet.edu.al\/ish-ministri-promovon-librin-ne-uet-enver-hoxhaj-si-rusia-po-e-lufton-kosoven-dhe-ballkanin\/\",\"name\":\"Ish- ministri promovon librin n\u00eb UET\/ Enver Hoxhaj: Si Rusia po e lufton Kosov\u00ebn dhe Ballkanin - UET\",\"isPartOf\":{\"@id\":\"https:\/\/uet.edu.al\/en\/#website\"},\"primaryImageOfPage\":{\"@id\":\"https:\/\/uet.edu.al\/ish-ministri-promovon-librin-ne-uet-enver-hoxhaj-si-rusia-po-e-lufton-kosoven-dhe-ballkanin\/#primaryimage\"},\"image\":{\"@id\":\"https:\/\/uet.edu.al\/ish-ministri-promovon-librin-ne-uet-enver-hoxhaj-si-rusia-po-e-lufton-kosoven-dhe-ballkanin\/#primaryimage\"},\"thumbnailUrl\":\"https:\/\/uet.edu.al\/wp-content\/uploads\/2022\/04\/AAA_6946-scaled.jpg\",\"datePublished\":\"2022-04-30T08:49:25+00:00\",\"dateModified\":\"2022-04-30T08:50:36+00:00\",\"breadcrumb\":{\"@id\":\"https:\/\/uet.edu.al\/ish-ministri-promovon-librin-ne-uet-enver-hoxhaj-si-rusia-po-e-lufton-kosoven-dhe-ballkanin\/#breadcrumb\"},\"inLanguage\":\"en-US\",\"potentialAction\":[{\"@type\":\"ReadAction\",\"target\":[\"https:\/\/uet.edu.al\/ish-ministri-promovon-librin-ne-uet-enver-hoxhaj-si-rusia-po-e-lufton-kosoven-dhe-ballkanin\/\"]}]},{\"@type\":\"ImageObject\",\"inLanguage\":\"en-US\",\"@id\":\"https:\/\/uet.edu.al\/ish-ministri-promovon-librin-ne-uet-enver-hoxhaj-si-rusia-po-e-lufton-kosoven-dhe-ballkanin\/#primaryimage\",\"url\":\"https:\/\/uet.edu.al\/wp-content\/uploads\/2022\/04\/AAA_6946-scaled.jpg\",\"contentUrl\":\"https:\/\/uet.edu.al\/wp-content\/uploads\/2022\/04\/AAA_6946-scaled.jpg\",\"width\":2560,\"height\":1707},{\"@type\":\"BreadcrumbList\",\"@id\":\"https:\/\/uet.edu.al\/ish-ministri-promovon-librin-ne-uet-enver-hoxhaj-si-rusia-po-e-lufton-kosoven-dhe-ballkanin\/#breadcrumb\",\"itemListElement\":[{\"@type\":\"ListItem\",\"position\":1,\"name\":\"Home\",\"item\":\"https:\/\/uet.edu.al\/\"},{\"@type\":\"ListItem\",\"position\":2,\"name\":\"Ish- ministri promovon librin n\u00eb UET\/ Enver Hoxhaj: Si Rusia po e lufton Kosov\u00ebn dhe Ballkanin\"}]},{\"@type\":\"WebSite\",\"@id\":\"https:\/\/uet.edu.al\/en\/#website\",\"url\":\"https:\/\/uet.edu.al\/en\/\",\"name\":\"UET\",\"description\":\"Universiteti Europian i Tiran\u00ebs\",\"publisher\":{\"@id\":\"https:\/\/uet.edu.al\/en\/#organization\"},\"potentialAction\":[{\"@type\":\"SearchAction\",\"target\":{\"@type\":\"EntryPoint\",\"urlTemplate\":\"https:\/\/uet.edu.al\/en\/?s={search_term_string}\"},\"query-input\":{\"@type\":\"PropertyValueSpecification\",\"valueRequired\":true,\"valueName\":\"search_term_string\"}}],\"inLanguage\":\"en-US\"},{\"@type\":\"Organization\",\"@id\":\"https:\/\/uet.edu.al\/en\/#organization\",\"name\":\"Universiteti Europian i Tiranes\",\"url\":\"https:\/\/uet.edu.al\/en\/\",\"logo\":{\"@type\":\"ImageObject\",\"inLanguage\":\"en-US\",\"@id\":\"https:\/\/uet.edu.al\/en\/#\/schema\/logo\/image\/\",\"url\":\"https:\/\/uet.edu.al\/wp-content\/uploads\/2022\/12\/Logo-pa-adrese.png\",\"contentUrl\":\"https:\/\/uet.edu.al\/wp-content\/uploads\/2022\/12\/Logo-pa-adrese.png\",\"width\":1418,\"height\":696,\"caption\":\"Universiteti Europian i Tiranes\"},\"image\":{\"@id\":\"https:\/\/uet.edu.al\/en\/#\/schema\/logo\/image\/\"},\"sameAs\":[\"https:\/\/www.facebook.com\/UniversitetiEuropianiTiranes\/\"]},{\"@type\":\"Person\",\"@id\":\"https:\/\/uet.edu.al\/en\/#\/schema\/person\/df35561f00aff5c7b714f046a4c90a6f\",\"name\":\"Suela Laska\",\"url\":\"https:\/\/uet.edu.al\/en\/author\/suela\/\"}]}<\/script>\n<!-- \/ Yoast SEO plugin. -->","yoast_head_json":{"title":"Ish- ministri promovon librin n\u00eb UET\/ Enver Hoxhaj: Si Rusia po e lufton Kosov\u00ebn dhe Ballkanin - UET","robots":{"index":"index","follow":"follow","max-snippet":"max-snippet:-1","max-image-preview":"max-image-preview:large","max-video-preview":"max-video-preview:-1"},"canonical":"https:\/\/uet.edu.al\/en\/ish-ministri-promovon-librin-ne-uet-enver-hoxhaj-si-rusia-po-e-lufton-kosoven-dhe-ballkanin\/","og_locale":"en_US","og_type":"article","og_title":"Ish- ministri promovon librin n\u00eb UET\/ Enver Hoxhaj: Si Rusia po e lufton Kosov\u00ebn dhe Ballkanin - UET","og_description":"\u00a0 \u201cP\u00ebrplasja e madhe\u201d \u00ebsht\u00eb libri i ri i ish-ministrit t\u00eb Jasht\u00ebm t\u00eb Kosov\u00ebs, Enver Hoxhaj. Ballkani \u00ebsht\u00eb prioriteti i dyt\u00eb i politik\u00ebs s\u00eb jashtme ruse, tha ish-numri nj\u00eb i diplomacis\u00eb kosovare, nd\u00ebrsa shtoi se pas Ukrain\u00ebs, Putin po p\u00ebrpiqet &hellip;","og_url":"https:\/\/uet.edu.al\/en\/ish-ministri-promovon-librin-ne-uet-enver-hoxhaj-si-rusia-po-e-lufton-kosoven-dhe-ballkanin\/","og_site_name":"UET","article_publisher":"https:\/\/www.facebook.com\/UniversitetiEuropianiTiranes\/","article_published_time":"2022-04-30T08:49:25+00:00","article_modified_time":"2022-04-30T08:50:36+00:00","og_image":[{"width":2560,"height":1707,"url":"https:\/\/uet.edu.al\/wp-content\/uploads\/2022\/04\/AAA_6946-scaled.jpg","type":"image\/jpeg"}],"author":"Suela Laska","twitter_card":"summary_large_image","twitter_misc":{"Written by":"Suela Laska","Est. reading time":"6 minutes"},"schema":{"@context":"https:\/\/schema.org","@graph":[{"@type":"Article","@id":"https:\/\/uet.edu.al\/ish-ministri-promovon-librin-ne-uet-enver-hoxhaj-si-rusia-po-e-lufton-kosoven-dhe-ballkanin\/#article","isPartOf":{"@id":"https:\/\/uet.edu.al\/ish-ministri-promovon-librin-ne-uet-enver-hoxhaj-si-rusia-po-e-lufton-kosoven-dhe-ballkanin\/"},"author":{"name":"Suela Laska","@id":"https:\/\/uet.edu.al\/en\/#\/schema\/person\/df35561f00aff5c7b714f046a4c90a6f"},"headline":"Ish- ministri promovon librin n\u00eb UET\/ Enver Hoxhaj: Si Rusia po e lufton Kosov\u00ebn dhe Ballkanin","datePublished":"2022-04-30T08:49:25+00:00","dateModified":"2022-04-30T08:50:36+00:00","mainEntityOfPage":{"@id":"https:\/\/uet.edu.al\/ish-ministri-promovon-librin-ne-uet-enver-hoxhaj-si-rusia-po-e-lufton-kosoven-dhe-ballkanin\/"},"wordCount":1346,"publisher":{"@id":"https:\/\/uet.edu.al\/en\/#organization"},"image":{"@id":"https:\/\/uet.edu.al\/ish-ministri-promovon-librin-ne-uet-enver-hoxhaj-si-rusia-po-e-lufton-kosoven-dhe-ballkanin\/#primaryimage"},"thumbnailUrl":"https:\/\/uet.edu.al\/wp-content\/uploads\/2022\/04\/AAA_6946-scaled.jpg","articleSection":["T\u00eb ndryshme"],"inLanguage":"en-US"},{"@type":"WebPage","@id":"https:\/\/uet.edu.al\/ish-ministri-promovon-librin-ne-uet-enver-hoxhaj-si-rusia-po-e-lufton-kosoven-dhe-ballkanin\/","url":"https:\/\/uet.edu.al\/ish-ministri-promovon-librin-ne-uet-enver-hoxhaj-si-rusia-po-e-lufton-kosoven-dhe-ballkanin\/","name":"Ish- ministri promovon librin n\u00eb UET\/ Enver Hoxhaj: Si Rusia po e lufton Kosov\u00ebn dhe Ballkanin - UET","isPartOf":{"@id":"https:\/\/uet.edu.al\/en\/#website"},"primaryImageOfPage":{"@id":"https:\/\/uet.edu.al\/ish-ministri-promovon-librin-ne-uet-enver-hoxhaj-si-rusia-po-e-lufton-kosoven-dhe-ballkanin\/#primaryimage"},"image":{"@id":"https:\/\/uet.edu.al\/ish-ministri-promovon-librin-ne-uet-enver-hoxhaj-si-rusia-po-e-lufton-kosoven-dhe-ballkanin\/#primaryimage"},"thumbnailUrl":"https:\/\/uet.edu.al\/wp-content\/uploads\/2022\/04\/AAA_6946-scaled.jpg","datePublished":"2022-04-30T08:49:25+00:00","dateModified":"2022-04-30T08:50:36+00:00","breadcrumb":{"@id":"https:\/\/uet.edu.al\/ish-ministri-promovon-librin-ne-uet-enver-hoxhaj-si-rusia-po-e-lufton-kosoven-dhe-ballkanin\/#breadcrumb"},"inLanguage":"en-US","potentialAction":[{"@type":"ReadAction","target":["https:\/\/uet.edu.al\/ish-ministri-promovon-librin-ne-uet-enver-hoxhaj-si-rusia-po-e-lufton-kosoven-dhe-ballkanin\/"]}]},{"@type":"ImageObject","inLanguage":"en-US","@id":"https:\/\/uet.edu.al\/ish-ministri-promovon-librin-ne-uet-enver-hoxhaj-si-rusia-po-e-lufton-kosoven-dhe-ballkanin\/#primaryimage","url":"https:\/\/uet.edu.al\/wp-content\/uploads\/2022\/04\/AAA_6946-scaled.jpg","contentUrl":"https:\/\/uet.edu.al\/wp-content\/uploads\/2022\/04\/AAA_6946-scaled.jpg","width":2560,"height":1707},{"@type":"BreadcrumbList","@id":"https:\/\/uet.edu.al\/ish-ministri-promovon-librin-ne-uet-enver-hoxhaj-si-rusia-po-e-lufton-kosoven-dhe-ballkanin\/#breadcrumb","itemListElement":[{"@type":"ListItem","position":1,"name":"Home","item":"https:\/\/uet.edu.al\/"},{"@type":"ListItem","position":2,"name":"Ish- ministri promovon librin n\u00eb UET\/ Enver Hoxhaj: Si Rusia po e lufton Kosov\u00ebn dhe Ballkanin"}]},{"@type":"WebSite","@id":"https:\/\/uet.edu.al\/en\/#website","url":"https:\/\/uet.edu.al\/en\/","name":"UET","description":"Universiteti Europian i Tiran\u00ebs","publisher":{"@id":"https:\/\/uet.edu.al\/en\/#organization"},"potentialAction":[{"@type":"SearchAction","target":{"@type":"EntryPoint","urlTemplate":"https:\/\/uet.edu.al\/en\/?s={search_term_string}"},"query-input":{"@type":"PropertyValueSpecification","valueRequired":true,"valueName":"search_term_string"}}],"inLanguage":"en-US"},{"@type":"Organization","@id":"https:\/\/uet.edu.al\/en\/#organization","name":"Universiteti Europian i Tiranes","url":"https:\/\/uet.edu.al\/en\/","logo":{"@type":"ImageObject","inLanguage":"en-US","@id":"https:\/\/uet.edu.al\/en\/#\/schema\/logo\/image\/","url":"https:\/\/uet.edu.al\/wp-content\/uploads\/2022\/12\/Logo-pa-adrese.png","contentUrl":"https:\/\/uet.edu.al\/wp-content\/uploads\/2022\/12\/Logo-pa-adrese.png","width":1418,"height":696,"caption":"Universiteti Europian i Tiranes"},"image":{"@id":"https:\/\/uet.edu.al\/en\/#\/schema\/logo\/image\/"},"sameAs":["https:\/\/www.facebook.com\/UniversitetiEuropianiTiranes\/"]},{"@type":"Person","@id":"https:\/\/uet.edu.al\/en\/#\/schema\/person\/df35561f00aff5c7b714f046a4c90a6f","name":"Suela Laska","url":"https:\/\/uet.edu.al\/en\/author\/suela\/"}]}},"_links":{"self":[{"href":"https:\/\/uet.edu.al\/en\/wp-json\/wp\/v2\/posts\/13344","targetHints":{"allow":["GET"]}}],"collection":[{"href":"https:\/\/uet.edu.al\/en\/wp-json\/wp\/v2\/posts"}],"about":[{"href":"https:\/\/uet.edu.al\/en\/wp-json\/wp\/v2\/types\/post"}],"author":[{"embeddable":true,"href":"https:\/\/uet.edu.al\/en\/wp-json\/wp\/v2\/users\/2"}],"replies":[{"embeddable":true,"href":"https:\/\/uet.edu.al\/en\/wp-json\/wp\/v2\/comments?post=13344"}],"version-history":[{"count":2,"href":"https:\/\/uet.edu.al\/en\/wp-json\/wp\/v2\/posts\/13344\/revisions"}],"predecessor-version":[{"id":13352,"href":"https:\/\/uet.edu.al\/en\/wp-json\/wp\/v2\/posts\/13344\/revisions\/13352"}],"wp:featuredmedia":[{"embeddable":true,"href":"https:\/\/uet.edu.al\/en\/wp-json\/wp\/v2\/media\/13348"}],"wp:attachment":[{"href":"https:\/\/uet.edu.al\/en\/wp-json\/wp\/v2\/media?parent=13344"}],"wp:term":[{"taxonomy":"category","embeddable":true,"href":"https:\/\/uet.edu.al\/en\/wp-json\/wp\/v2\/categories?post=13344"},{"taxonomy":"post_tag","embeddable":true,"href":"https:\/\/uet.edu.al\/en\/wp-json\/wp\/v2\/tags?post=13344"}],"curies":[{"name":"wp","href":"https:\/\/api.w.org\/{rel}","templated":true}]}}