{"id":12146,"date":"2021-12-22T11:45:18","date_gmt":"2021-12-22T11:45:18","guid":{"rendered":"https:\/\/uet.edu.al\/?p=12146"},"modified":"2024-03-12T21:10:56","modified_gmt":"2024-03-12T19:10:56","slug":"uet-i-akordon-titullin-e-mirenjohjes-vasilika-hysi-jam-xheloze-per-bibloteken-tuaj","status":"publish","type":"post","link":"https:\/\/uet.edu.al\/en\/uet-i-akordon-titullin-e-mirenjohjes-vasilika-hysi-jam-xheloze-per-bibloteken-tuaj\/","title":{"rendered":"UET i akordon Titullin e Mir\u00ebnjohjes, Vasilika Hysi: Jam \u2018xheloze\u2019 p\u00ebr biblotek\u00ebn tuaj"},"content":{"rendered":"<p><em>UET vler\u00ebson juristen Vasilika Hysi me Titullin e Mir\u00ebnjohjes, p\u00ebr angazhimin akademik, aktivizimin n\u00eb mbrojtjen e t\u00eb drejtave t\u00eb njeriut dhe Reform\u00ebn n\u00eb Drejt\u00ebsi<\/em><em>\u201c<\/em><\/p>\n<p><em>Kjo shkon p\u00ebr t\u00eb gjith\u00eb koleg\u00ebt e mi<\/em>\u201d, k\u00ebshtu u shpreh ish-zv\/kryetarja e Kuvendit t\u00eb Shqip\u00ebris\u00eb, Vasilika Hysi teksa mori n\u00eb duar certifikat\u00ebn e mir\u00ebnjohjes nga Universiteti Europian i Tiran\u00ebs.<em>C<\/em><\/p>\n<p><em>Certifikata i jepet nj\u00eb ose dy personave, por pun\u00ebt nuk b\u00ebhen vet\u00ebm dhe un\u00eb kam pasur fatin q\u00eb t\u00eb rrethohem nga koleg\u00eb dhe profesionist\u00eb shum\u00eb t\u00eb mir\u00eb\u201d<\/em>, theksoi m\u00eb tej Prof. Dr. Vasilika Hysi, e cila p\u00ebr 36 vite me radh\u00eb nuk u nda nga auditori.<\/p>\n<p>Me nj\u00eb karrier\u00eb t\u00eb gjat\u00eb profesionale dhe akademike si, dekane e Fakultetit t\u00eb Drejt\u00ebsis\u00eb, senatore, an\u00ebtare e K\u00ebshillit Shkencor dhe P\u00ebrgjegj\u00ebse Departamenti, juristja Hysi vler\u00ebsoi Universitetin Europian t\u00eb Tiran\u00ebs, jo vet\u00ebm p\u00ebrkushtimin ndaj student\u00ebve, por edhe p\u00ebr zhvillimin e mendimit kritik.<\/p>\n<p><em>\u201cKy universitet ka nj\u00eb vler\u00eb t\u00eb ve\u00e7ant\u00eb dhe ajo q\u00eb e nderon \u00ebsht\u00eb pik\u00ebrisht p\u00ebrvoja e bashk\u00ebpunimit dhe shk\u00ebmbimit, jo vet\u00ebm t\u00eb student\u00ebve, por edhe t\u00eb elitave. Ka vazhdimisht aktivitete shkencore dhe ajo q\u00eb m\u00eb ka surprizuar \u00ebsht\u00eb bibloteka e k\u00ebtij universiteti. Botimet, p\u00ebrkthimet, k\u00ebrkimet shkencore q\u00eb ka UET. K\u00ebt\u00eb duhet ta forcoj\u00eb dhe ta mb\u00ebshtes\u00eb fort\u201d<\/em>, tha Hysi, nd\u00ebrsa theksoi se n\u00eb nj\u00eb far\u00eb m\u00ebnyre ndihet edhe e \u2018xhelozuar\u2019.<\/p>\n<p>Presidenti i UET, Selami Xhepa i shprehu mir\u00ebnjohjen ish-deputetetes s\u00eb Kuvendit t\u00eb Shqip\u00ebris\u00eb, duke e cil\u00ebsuar si nj\u00eb nga figurat m\u00eb t\u00eb r\u00ebnd\u00ebsishme t\u00eb jet\u00ebs akademike dhe t\u00eb fushave p\u00ebrkat\u00ebse, ku ka sh\u00ebrbyer, si nj\u00eb model frym\u00ebzimi.<\/p>\n<p><em>\u201cE gjith\u00eb puna e Vasilik\u00ebs \u00ebsht\u00eb kontribut i jasht\u00ebzakonsh\u00ebm n\u00eb historin\u00eb e tranzicionit shqiptar t\u00eb k\u00ebtyre 30 viteve\u201d<\/em>, tha Xhepa, nd\u00ebrsa theksoi se \u201cajo q\u00eb na bashkon n\u00eb k\u00ebt\u00eb sall\u00eb \u00ebsht\u00eb d\u00ebshira p\u00ebr t\u2019i dh\u00ebn\u00eb shqiptar\u00ebve nj\u00eb shtet t\u00eb s\u00eb drejt\u00ebs q\u00eb funksionon dhe mbron t\u00eb drejtat e gjith\u00ebsecilit\u201d.<\/p>\n<p><em>\u201cN\u00eb em\u00ebr t\u00eb UET, ju jap Certifikat\u00ebn e Mir\u00ebnjohjes: p\u00ebr kontributin e \u00e7muar n\u00eb forcimin dhe transparenc\u00ebn e demokracis\u00eb paralamentare, angazhimin akademik, aktivizimin n\u00eb mbrojtjen e t\u00eb drejtave t\u00eb njeriut dhe nj\u00eb nga kontribueset kryesore n\u00eb Reform\u00ebn n\u00eb Drejt\u00ebsi\u201d<\/em>, tha Presidenti Xhepa duke iu drejtuar zonj\u00ebs Hysi.<\/p>\n<p>Rektori i UET, Tonin Gjuraj e konsideroi largrimin e zonj\u00ebs Vasilika Hysi nga politika aktive, si nj\u00eb shembull q\u00eb duhet marr\u00eb nga \u00e7do politikan.<\/p>\n<p><em>\u201cRrall\u00eb ndodh q\u00eb n\u00eb politik\u00ebn shqiptare dikush, nisur nga th\u00ebnia \u201cmjaft \u00ebsht\u00eb mjaft\u201d t\u00eb t\u00ebrhiqet nga politika aktive. Kjo nuk do t\u00eb thot\u00eb q\u00eb Hysi nuk \u00ebsht\u00eb nj\u00eb v\u00ebzhguese e mir\u00eb e politik\u00ebs. Por n\u00eb k\u00ebt\u00eb rast gjej momentin dhe t\u2019i b\u00ebjm\u00eb thirrje politik\u00ebs q\u00eb vjen nj\u00eb pik\u00eb q\u00eb rruga duhet t\u00eb hapet. Ky \u00ebsht\u00eb nj\u00eb moment q\u00eb e kam vler\u00ebsuar shum\u00eb, ndoshta kjo tregon q\u00eb tranzicionit po i vjen fundi dhe politika shqiptare t\u00eb vet\u00ebdij\u00ebsohet\u201d<\/em>, u shpreh Gjuraj.<\/p>\n<p><em>\u201c\u00cbsht\u00eb nj\u00eb nga personazhet e bot\u00ebs akademike, t\u00eb shoq\u00ebris\u00eb civile dhe t\u00eb tre legjislaturave shqiptare, nj\u00eb personalitet q\u00eb na nderon pa mas\u00eb n\u00eb k\u00ebt\u00eb aktivitet p\u00ebr t\u00eb nderuar kontributin e saj personal n\u00eb sferat akademike dhe jo vet\u00ebm\u201d<\/em>, u shpreh m\u00eb tej Dekania e Fakultetit t\u00eb Shkencave Juridike, Politike dhe Marr\u00ebdh\u00ebnieve Nd\u00ebrkomb\u00ebtare n\u00eb UET, Juelda Lam\u00e7e.<\/p>\n<p><strong>Miqt\u00eb dhe koleg\u00ebt, fjal\u00eb zemre p\u00ebr profesoresh\u00eb Vasilika Hysin<\/strong><\/p>\n<p><em>\u201cN\u00ebse jan\u00eb b\u00ebr\u00eb disa ligje t\u00eb mira, n\u00ebse kemi ecur p\u00ebrpara dhe kemi disa modele p\u00ebr t\u00eb cilat mund t\u00eb ndihemi v\u00ebrtet krenar\u00eb, \u00ebsht\u00eb fal\u00eb kontributit t\u00eb k\u00ebtyre dy zonjave\u201d<\/em>, u shpreh zv\/kryetarja e Kuvendit, Ermonela Felaj, duke iu drejtuar zonjave Vasilika Hysi dhe Eglantina Gjermeni.<\/p>\n<p>Nd\u00ebrsa, kjo e fundit u shpreh krenare q\u00eb ishte n\u00eb promovimin e nj\u00eb figure kaq pozitive, si ajo e koleges dhe mikesh\u00ebs se saj, Vasilika Hysi. Por fjal\u00ebt e mira nuk i kurseu as p\u00ebr UET-in.<\/p>\n<p><em>\u201cDo ta vler\u00ebsoja shum\u00eb faktin q\u00eb UET ka vendosur n\u00eb arsimin e lart\u00eb shum\u00eb standard, pasi promovimi i modeleve pozitive \u00ebsht\u00eb shum\u00eb i nevojsh\u00ebm\u201d<\/em>, u shpreh Gjermeni.<\/p>\n<p>P\u00ebr t\u00eb zysh\u00eb Lika (ashtu si\u00e7 ajo e th\u00ebrret shkurt), \u00ebsht\u00eb nj\u00eb komibinim i aktivizimit t\u00eb t\u00eb drejtave t\u00eb njeriut dhe i akademikes, i profesoresh\u00ebs, i shtetares dhe i juristes ekselente.<\/p>\n<p><em>\u201cAjo q\u00eb kam vleresduar tek ti \u00ebsht\u00eb njeriu i mir\u00eb. Nj\u00eb njeri q\u00eb di t\u00eb b\u00ebj\u00eb pun\u00ebn e vet\u00eb mir\u00eb, b\u00ebn \u00e7do gj\u00eb tjet\u00ebr mir\u00eb dhe ti je shembulli n\u00eb at\u00eb Parlamentin ton\u00eb q\u00eb shpesh her\u00eb na b\u00ebn t\u00eb qeshim\u201d<\/em>, iu drejtua Hysit, profesori i Diplomacis\u00eb n\u00eb UET, Fatos Tarifa.<\/p>\n<p>Nd\u00ebrsa Besnik Dervishi, Komisioner p\u00ebr t\u00eb Drejt\u00ebn e Informimit dhe Mbrojtjen e t\u00eb Dh\u00ebnave e quajti, Hysin nj\u00eb shembull dhe nj\u00eb model kritik.<\/p>\n<p><em>\u201cDuke u futur n\u00eb politik\u00eb ajo ka prishur \u2018status quo-n\u00eb\u2019 e saj, por gjithashtu \u00ebsht\u00eb nj\u00eb shembull sepse na ka dh\u00ebn\u00eb nj\u00eb model kritik, p\u00ebr nj\u00eb sakrific\u00eb q\u00eb duhet ta b\u00ebjm\u00eb t\u00eb gjith\u00eb. Ne kritikojm\u00eb, por duhet t\u00eb japim edhe kontributin ton\u00eb\u201d,<\/em>\u00a0u shpreh miku i saj.<\/p>\n<p><em>\u201cNdihem e nderuar q\u00eb jam n\u00eb k\u00ebt\u00eb ceremoni t\u00eb nderimit t\u00eb figur\u00ebs suaj. Un\u00eb kam qen\u00eb studentja e zysh\u00ebs dhe m\u00eb pas kemi ndar\u00eb p\u00ebrvoja dhe eksperienca t\u00eb tjera si kolege dhe si bashk\u00ebpun\u00ebtore. Zysha ka qen\u00eb nga ata persona shum\u00eb mb\u00ebshtet\u00ebs, p\u00ebr ne q\u00eb filluam pun\u00eb n\u00eb \u201998-n n\u00eb Fakultetin\u00a0 e Drejt\u00ebsis\u00eb\u201d,<\/em>\u00a0u shpreh Eralda Methasani, pedagoge e Universitetit t\u00eb Tiran\u00ebs.<\/p>\n<p>Nd\u00ebrsa deputetja Klotilda Bushka tha se, n\u00eb Kuvend ndihet shum\u00eb mungesa e profesoresh\u00eb Vasilik\u00ebs, duke e falenderuar p\u00ebr kontributin e saj n\u00eb Reform\u00ebn n\u00eb Drejt\u00ebsi.<\/p>\n<p><em>\u201cReforma n\u00eb drejt\u00ebsi ishte e thell\u00eb, por ka nj\u00eb aspekt njer\u00ebzor t\u00eb fokusuar n\u00eb respektimin e t\u00eb drejtave t\u00eb njeriut, q\u00eb p\u00ebr mua pa kontributin e profesoresh\u00eb Vasilik\u00ebs nuk do ishte. Dhe ashtu si\u00e7 nuk do t\u00eb kishte edhe ne zhvillim t\u00eb marr\u00ebdhenieve efektive t\u00eb Kuvendit me bot\u00ebn akademike pa nj\u00eb marr\u00ebveshje t\u00eb n\u00ebnshkuar para dy vjet\u00ebsh me kontriburin e ve\u00e7ant\u00eb t\u00eb profesoresh\u00ebs. Fal\u00eb asaj marr\u00ebveshje po marrim ekspertiza shum\u00eb t\u00eb mira nga pedagog\u00eb t\u00eb universiteteve publike dhe private, dhe ky \u00ebsht\u00eb nj\u00eb moment p\u00ebr t\u00eb b\u00ebr\u00eb dhe nj\u00eb thirrje, q\u00eb t\u00eb ket\u00eb dhe m\u00eb shum\u00eb angazhime\u201d<\/em>, u shpreh Bushka.<\/p>","protected":false},"excerpt":{"rendered":"<p>UET vler\u00ebson juristen Vasilika Hysi me Titullin e Mir\u00ebnjohjes, p\u00ebr angazhimin akademik, aktivizimin n\u00eb mbrojtjen e t\u00eb drejtave t\u00eb njeriut dhe Reform\u00ebn n\u00eb Drejt\u00ebsi\u201c Kjo shkon p\u00ebr t\u00eb gjith\u00eb koleg\u00ebt e mi\u201d, k\u00ebshtu u shpreh ish-zv\/kryetarja e Kuvendit t\u00eb Shqip\u00ebris\u00eb, &hellip; <\/p>","protected":false},"author":2,"featured_media":12164,"comment_status":"closed","ping_status":"closed","sticky":false,"template":"","format":"standard","meta":{"footnotes":""},"categories":[61],"tags":[],"class_list":["post-12146","post","type-post","status-publish","format-standard","has-post-thumbnail","hentry","category-te-ndryshme"],"yoast_head":"<!-- This site is optimized with the Yoast SEO plugin v26.9 - https:\/\/yoast.com\/product\/yoast-seo-wordpress\/ -->\n<title>UET i akordon Titullin e Mir\u00ebnjohjes, Vasilika Hysi: Jam \u2018xheloze\u2019 p\u00ebr biblotek\u00ebn tuaj - UET<\/title>\n<meta name=\"robots\" content=\"index, follow, max-snippet:-1, max-image-preview:large, max-video-preview:-1\" \/>\n<link rel=\"canonical\" href=\"https:\/\/uet.edu.al\/en\/uet-i-akordon-titullin-e-mirenjohjes-vasilika-hysi-jam-xheloze-per-bibloteken-tuaj\/\" \/>\n<meta property=\"og:locale\" content=\"en_US\" \/>\n<meta property=\"og:type\" content=\"article\" \/>\n<meta property=\"og:title\" content=\"UET i akordon Titullin e Mir\u00ebnjohjes, Vasilika Hysi: Jam \u2018xheloze\u2019 p\u00ebr biblotek\u00ebn tuaj - UET\" \/>\n<meta property=\"og:description\" content=\"UET vler\u00ebson juristen Vasilika Hysi me Titullin e Mir\u00ebnjohjes, p\u00ebr angazhimin akademik, aktivizimin n\u00eb mbrojtjen e t\u00eb drejtave t\u00eb njeriut dhe Reform\u00ebn n\u00eb Drejt\u00ebsi\u201c Kjo shkon p\u00ebr t\u00eb gjith\u00eb koleg\u00ebt e mi\u201d, k\u00ebshtu u shpreh ish-zv\/kryetarja e Kuvendit t\u00eb Shqip\u00ebris\u00eb, &hellip;\" \/>\n<meta property=\"og:url\" content=\"https:\/\/uet.edu.al\/en\/uet-i-akordon-titullin-e-mirenjohjes-vasilika-hysi-jam-xheloze-per-bibloteken-tuaj\/\" \/>\n<meta property=\"og:site_name\" content=\"UET\" \/>\n<meta property=\"article:publisher\" content=\"https:\/\/www.facebook.com\/UniversitetiEuropianiTiranes\/\" \/>\n<meta property=\"article:published_time\" content=\"2021-12-22T11:45:18+00:00\" \/>\n<meta property=\"article:modified_time\" content=\"2024-03-12T19:10:56+00:00\" \/>\n<meta property=\"og:image\" content=\"https:\/\/uet.edu.al\/wp-content\/uploads\/2021\/12\/AAA_0383-scaled.jpg\" \/>\n\t<meta property=\"og:image:width\" content=\"2560\" \/>\n\t<meta property=\"og:image:height\" content=\"1707\" \/>\n\t<meta property=\"og:image:type\" content=\"image\/jpeg\" \/>\n<meta name=\"author\" content=\"Suela Laska\" \/>\n<meta name=\"twitter:card\" content=\"summary_large_image\" \/>\n<meta name=\"twitter:label1\" content=\"Written by\" \/>\n\t<meta name=\"twitter:data1\" content=\"Suela Laska\" \/>\n\t<meta name=\"twitter:label2\" content=\"Est. reading time\" \/>\n\t<meta name=\"twitter:data2\" content=\"5 minutes\" \/>\n<script type=\"application\/ld+json\" class=\"yoast-schema-graph\">{\"@context\":\"https:\/\/schema.org\",\"@graph\":[{\"@type\":\"Article\",\"@id\":\"https:\/\/uet.edu.al\/en\/uet-i-akordon-titullin-e-mirenjohjes-vasilika-hysi-jam-xheloze-per-bibloteken-tuaj\/#article\",\"isPartOf\":{\"@id\":\"https:\/\/uet.edu.al\/en\/uet-i-akordon-titullin-e-mirenjohjes-vasilika-hysi-jam-xheloze-per-bibloteken-tuaj\/\"},\"author\":{\"name\":\"Suela Laska\",\"@id\":\"https:\/\/uet.edu.al\/en\/#\/schema\/person\/df35561f00aff5c7b714f046a4c90a6f\"},\"headline\":\"UET i akordon Titullin e Mir\u00ebnjohjes, Vasilika Hysi: Jam \u2018xheloze\u2019 p\u00ebr biblotek\u00ebn tuaj\",\"datePublished\":\"2021-12-22T11:45:18+00:00\",\"dateModified\":\"2024-03-12T19:10:56+00:00\",\"mainEntityOfPage\":{\"@id\":\"https:\/\/uet.edu.al\/en\/uet-i-akordon-titullin-e-mirenjohjes-vasilika-hysi-jam-xheloze-per-bibloteken-tuaj\/\"},\"wordCount\":1131,\"publisher\":{\"@id\":\"https:\/\/uet.edu.al\/en\/#organization\"},\"image\":{\"@id\":\"https:\/\/uet.edu.al\/en\/uet-i-akordon-titullin-e-mirenjohjes-vasilika-hysi-jam-xheloze-per-bibloteken-tuaj\/#primaryimage\"},\"thumbnailUrl\":\"https:\/\/uet.edu.al\/wp-content\/uploads\/2021\/12\/AAA_0383-scaled.jpg\",\"articleSection\":[\"T\u00eb ndryshme\"],\"inLanguage\":\"en-US\"},{\"@type\":\"WebPage\",\"@id\":\"https:\/\/uet.edu.al\/en\/uet-i-akordon-titullin-e-mirenjohjes-vasilika-hysi-jam-xheloze-per-bibloteken-tuaj\/\",\"url\":\"https:\/\/uet.edu.al\/en\/uet-i-akordon-titullin-e-mirenjohjes-vasilika-hysi-jam-xheloze-per-bibloteken-tuaj\/\",\"name\":\"UET i akordon Titullin e Mir\u00ebnjohjes, Vasilika Hysi: Jam \u2018xheloze\u2019 p\u00ebr biblotek\u00ebn tuaj - UET\",\"isPartOf\":{\"@id\":\"https:\/\/uet.edu.al\/en\/#website\"},\"primaryImageOfPage\":{\"@id\":\"https:\/\/uet.edu.al\/en\/uet-i-akordon-titullin-e-mirenjohjes-vasilika-hysi-jam-xheloze-per-bibloteken-tuaj\/#primaryimage\"},\"image\":{\"@id\":\"https:\/\/uet.edu.al\/en\/uet-i-akordon-titullin-e-mirenjohjes-vasilika-hysi-jam-xheloze-per-bibloteken-tuaj\/#primaryimage\"},\"thumbnailUrl\":\"https:\/\/uet.edu.al\/wp-content\/uploads\/2021\/12\/AAA_0383-scaled.jpg\",\"datePublished\":\"2021-12-22T11:45:18+00:00\",\"dateModified\":\"2024-03-12T19:10:56+00:00\",\"breadcrumb\":{\"@id\":\"https:\/\/uet.edu.al\/en\/uet-i-akordon-titullin-e-mirenjohjes-vasilika-hysi-jam-xheloze-per-bibloteken-tuaj\/#breadcrumb\"},\"inLanguage\":\"en-US\",\"potentialAction\":[{\"@type\":\"ReadAction\",\"target\":[\"https:\/\/uet.edu.al\/en\/uet-i-akordon-titullin-e-mirenjohjes-vasilika-hysi-jam-xheloze-per-bibloteken-tuaj\/\"]}]},{\"@type\":\"ImageObject\",\"inLanguage\":\"en-US\",\"@id\":\"https:\/\/uet.edu.al\/en\/uet-i-akordon-titullin-e-mirenjohjes-vasilika-hysi-jam-xheloze-per-bibloteken-tuaj\/#primaryimage\",\"url\":\"https:\/\/uet.edu.al\/wp-content\/uploads\/2021\/12\/AAA_0383-scaled.jpg\",\"contentUrl\":\"https:\/\/uet.edu.al\/wp-content\/uploads\/2021\/12\/AAA_0383-scaled.jpg\",\"width\":2560,\"height\":1707},{\"@type\":\"BreadcrumbList\",\"@id\":\"https:\/\/uet.edu.al\/en\/uet-i-akordon-titullin-e-mirenjohjes-vasilika-hysi-jam-xheloze-per-bibloteken-tuaj\/#breadcrumb\",\"itemListElement\":[{\"@type\":\"ListItem\",\"position\":1,\"name\":\"Home\",\"item\":\"https:\/\/uet.edu.al\/\"},{\"@type\":\"ListItem\",\"position\":2,\"name\":\"UET i akordon Titullin e Mir\u00ebnjohjes, Vasilika Hysi: Jam \u2018xheloze\u2019 p\u00ebr biblotek\u00ebn tuaj\"}]},{\"@type\":\"WebSite\",\"@id\":\"https:\/\/uet.edu.al\/en\/#website\",\"url\":\"https:\/\/uet.edu.al\/en\/\",\"name\":\"UET\",\"description\":\"Universiteti Europian i Tiran\u00ebs\",\"publisher\":{\"@id\":\"https:\/\/uet.edu.al\/en\/#organization\"},\"potentialAction\":[{\"@type\":\"SearchAction\",\"target\":{\"@type\":\"EntryPoint\",\"urlTemplate\":\"https:\/\/uet.edu.al\/en\/?s={search_term_string}\"},\"query-input\":{\"@type\":\"PropertyValueSpecification\",\"valueRequired\":true,\"valueName\":\"search_term_string\"}}],\"inLanguage\":\"en-US\"},{\"@type\":\"Organization\",\"@id\":\"https:\/\/uet.edu.al\/en\/#organization\",\"name\":\"Universiteti Europian i Tiranes\",\"url\":\"https:\/\/uet.edu.al\/en\/\",\"logo\":{\"@type\":\"ImageObject\",\"inLanguage\":\"en-US\",\"@id\":\"https:\/\/uet.edu.al\/en\/#\/schema\/logo\/image\/\",\"url\":\"https:\/\/uet.edu.al\/wp-content\/uploads\/2022\/12\/Logo-pa-adrese.png\",\"contentUrl\":\"https:\/\/uet.edu.al\/wp-content\/uploads\/2022\/12\/Logo-pa-adrese.png\",\"width\":1418,\"height\":696,\"caption\":\"Universiteti Europian i Tiranes\"},\"image\":{\"@id\":\"https:\/\/uet.edu.al\/en\/#\/schema\/logo\/image\/\"},\"sameAs\":[\"https:\/\/www.facebook.com\/UniversitetiEuropianiTiranes\/\"]},{\"@type\":\"Person\",\"@id\":\"https:\/\/uet.edu.al\/en\/#\/schema\/person\/df35561f00aff5c7b714f046a4c90a6f\",\"name\":\"Suela Laska\",\"url\":\"https:\/\/uet.edu.al\/en\/author\/suela\/\"}]}<\/script>\n<!-- \/ Yoast SEO plugin. -->","yoast_head_json":{"title":"UET i akordon Titullin e Mir\u00ebnjohjes, Vasilika Hysi: Jam \u2018xheloze\u2019 p\u00ebr biblotek\u00ebn tuaj - UET","robots":{"index":"index","follow":"follow","max-snippet":"max-snippet:-1","max-image-preview":"max-image-preview:large","max-video-preview":"max-video-preview:-1"},"canonical":"https:\/\/uet.edu.al\/en\/uet-i-akordon-titullin-e-mirenjohjes-vasilika-hysi-jam-xheloze-per-bibloteken-tuaj\/","og_locale":"en_US","og_type":"article","og_title":"UET i akordon Titullin e Mir\u00ebnjohjes, Vasilika Hysi: Jam \u2018xheloze\u2019 p\u00ebr biblotek\u00ebn tuaj - UET","og_description":"UET vler\u00ebson juristen Vasilika Hysi me Titullin e Mir\u00ebnjohjes, p\u00ebr angazhimin akademik, aktivizimin n\u00eb mbrojtjen e t\u00eb drejtave t\u00eb njeriut dhe Reform\u00ebn n\u00eb Drejt\u00ebsi\u201c Kjo shkon p\u00ebr t\u00eb gjith\u00eb koleg\u00ebt e mi\u201d, k\u00ebshtu u shpreh ish-zv\/kryetarja e Kuvendit t\u00eb Shqip\u00ebris\u00eb, &hellip;","og_url":"https:\/\/uet.edu.al\/en\/uet-i-akordon-titullin-e-mirenjohjes-vasilika-hysi-jam-xheloze-per-bibloteken-tuaj\/","og_site_name":"UET","article_publisher":"https:\/\/www.facebook.com\/UniversitetiEuropianiTiranes\/","article_published_time":"2021-12-22T11:45:18+00:00","article_modified_time":"2024-03-12T19:10:56+00:00","og_image":[{"width":2560,"height":1707,"url":"https:\/\/uet.edu.al\/wp-content\/uploads\/2021\/12\/AAA_0383-scaled.jpg","type":"image\/jpeg"}],"author":"Suela Laska","twitter_card":"summary_large_image","twitter_misc":{"Written by":"Suela Laska","Est. reading time":"5 minutes"},"schema":{"@context":"https:\/\/schema.org","@graph":[{"@type":"Article","@id":"https:\/\/uet.edu.al\/en\/uet-i-akordon-titullin-e-mirenjohjes-vasilika-hysi-jam-xheloze-per-bibloteken-tuaj\/#article","isPartOf":{"@id":"https:\/\/uet.edu.al\/en\/uet-i-akordon-titullin-e-mirenjohjes-vasilika-hysi-jam-xheloze-per-bibloteken-tuaj\/"},"author":{"name":"Suela Laska","@id":"https:\/\/uet.edu.al\/en\/#\/schema\/person\/df35561f00aff5c7b714f046a4c90a6f"},"headline":"UET i akordon Titullin e Mir\u00ebnjohjes, Vasilika Hysi: Jam \u2018xheloze\u2019 p\u00ebr biblotek\u00ebn tuaj","datePublished":"2021-12-22T11:45:18+00:00","dateModified":"2024-03-12T19:10:56+00:00","mainEntityOfPage":{"@id":"https:\/\/uet.edu.al\/en\/uet-i-akordon-titullin-e-mirenjohjes-vasilika-hysi-jam-xheloze-per-bibloteken-tuaj\/"},"wordCount":1131,"publisher":{"@id":"https:\/\/uet.edu.al\/en\/#organization"},"image":{"@id":"https:\/\/uet.edu.al\/en\/uet-i-akordon-titullin-e-mirenjohjes-vasilika-hysi-jam-xheloze-per-bibloteken-tuaj\/#primaryimage"},"thumbnailUrl":"https:\/\/uet.edu.al\/wp-content\/uploads\/2021\/12\/AAA_0383-scaled.jpg","articleSection":["T\u00eb ndryshme"],"inLanguage":"en-US"},{"@type":"WebPage","@id":"https:\/\/uet.edu.al\/en\/uet-i-akordon-titullin-e-mirenjohjes-vasilika-hysi-jam-xheloze-per-bibloteken-tuaj\/","url":"https:\/\/uet.edu.al\/en\/uet-i-akordon-titullin-e-mirenjohjes-vasilika-hysi-jam-xheloze-per-bibloteken-tuaj\/","name":"UET i akordon Titullin e Mir\u00ebnjohjes, Vasilika Hysi: Jam \u2018xheloze\u2019 p\u00ebr biblotek\u00ebn tuaj - UET","isPartOf":{"@id":"https:\/\/uet.edu.al\/en\/#website"},"primaryImageOfPage":{"@id":"https:\/\/uet.edu.al\/en\/uet-i-akordon-titullin-e-mirenjohjes-vasilika-hysi-jam-xheloze-per-bibloteken-tuaj\/#primaryimage"},"image":{"@id":"https:\/\/uet.edu.al\/en\/uet-i-akordon-titullin-e-mirenjohjes-vasilika-hysi-jam-xheloze-per-bibloteken-tuaj\/#primaryimage"},"thumbnailUrl":"https:\/\/uet.edu.al\/wp-content\/uploads\/2021\/12\/AAA_0383-scaled.jpg","datePublished":"2021-12-22T11:45:18+00:00","dateModified":"2024-03-12T19:10:56+00:00","breadcrumb":{"@id":"https:\/\/uet.edu.al\/en\/uet-i-akordon-titullin-e-mirenjohjes-vasilika-hysi-jam-xheloze-per-bibloteken-tuaj\/#breadcrumb"},"inLanguage":"en-US","potentialAction":[{"@type":"ReadAction","target":["https:\/\/uet.edu.al\/en\/uet-i-akordon-titullin-e-mirenjohjes-vasilika-hysi-jam-xheloze-per-bibloteken-tuaj\/"]}]},{"@type":"ImageObject","inLanguage":"en-US","@id":"https:\/\/uet.edu.al\/en\/uet-i-akordon-titullin-e-mirenjohjes-vasilika-hysi-jam-xheloze-per-bibloteken-tuaj\/#primaryimage","url":"https:\/\/uet.edu.al\/wp-content\/uploads\/2021\/12\/AAA_0383-scaled.jpg","contentUrl":"https:\/\/uet.edu.al\/wp-content\/uploads\/2021\/12\/AAA_0383-scaled.jpg","width":2560,"height":1707},{"@type":"BreadcrumbList","@id":"https:\/\/uet.edu.al\/en\/uet-i-akordon-titullin-e-mirenjohjes-vasilika-hysi-jam-xheloze-per-bibloteken-tuaj\/#breadcrumb","itemListElement":[{"@type":"ListItem","position":1,"name":"Home","item":"https:\/\/uet.edu.al\/"},{"@type":"ListItem","position":2,"name":"UET i akordon Titullin e Mir\u00ebnjohjes, Vasilika Hysi: Jam \u2018xheloze\u2019 p\u00ebr biblotek\u00ebn tuaj"}]},{"@type":"WebSite","@id":"https:\/\/uet.edu.al\/en\/#website","url":"https:\/\/uet.edu.al\/en\/","name":"UET","description":"Universiteti Europian i Tiran\u00ebs","publisher":{"@id":"https:\/\/uet.edu.al\/en\/#organization"},"potentialAction":[{"@type":"SearchAction","target":{"@type":"EntryPoint","urlTemplate":"https:\/\/uet.edu.al\/en\/?s={search_term_string}"},"query-input":{"@type":"PropertyValueSpecification","valueRequired":true,"valueName":"search_term_string"}}],"inLanguage":"en-US"},{"@type":"Organization","@id":"https:\/\/uet.edu.al\/en\/#organization","name":"Universiteti Europian i Tiranes","url":"https:\/\/uet.edu.al\/en\/","logo":{"@type":"ImageObject","inLanguage":"en-US","@id":"https:\/\/uet.edu.al\/en\/#\/schema\/logo\/image\/","url":"https:\/\/uet.edu.al\/wp-content\/uploads\/2022\/12\/Logo-pa-adrese.png","contentUrl":"https:\/\/uet.edu.al\/wp-content\/uploads\/2022\/12\/Logo-pa-adrese.png","width":1418,"height":696,"caption":"Universiteti Europian i Tiranes"},"image":{"@id":"https:\/\/uet.edu.al\/en\/#\/schema\/logo\/image\/"},"sameAs":["https:\/\/www.facebook.com\/UniversitetiEuropianiTiranes\/"]},{"@type":"Person","@id":"https:\/\/uet.edu.al\/en\/#\/schema\/person\/df35561f00aff5c7b714f046a4c90a6f","name":"Suela Laska","url":"https:\/\/uet.edu.al\/en\/author\/suela\/"}]}},"_links":{"self":[{"href":"https:\/\/uet.edu.al\/en\/wp-json\/wp\/v2\/posts\/12146","targetHints":{"allow":["GET"]}}],"collection":[{"href":"https:\/\/uet.edu.al\/en\/wp-json\/wp\/v2\/posts"}],"about":[{"href":"https:\/\/uet.edu.al\/en\/wp-json\/wp\/v2\/types\/post"}],"author":[{"embeddable":true,"href":"https:\/\/uet.edu.al\/en\/wp-json\/wp\/v2\/users\/2"}],"replies":[{"embeddable":true,"href":"https:\/\/uet.edu.al\/en\/wp-json\/wp\/v2\/comments?post=12146"}],"version-history":[{"count":2,"href":"https:\/\/uet.edu.al\/en\/wp-json\/wp\/v2\/posts\/12146\/revisions"}],"predecessor-version":[{"id":16264,"href":"https:\/\/uet.edu.al\/en\/wp-json\/wp\/v2\/posts\/12146\/revisions\/16264"}],"wp:featuredmedia":[{"embeddable":true,"href":"https:\/\/uet.edu.al\/en\/wp-json\/wp\/v2\/media\/12164"}],"wp:attachment":[{"href":"https:\/\/uet.edu.al\/en\/wp-json\/wp\/v2\/media?parent=12146"}],"wp:term":[{"taxonomy":"category","embeddable":true,"href":"https:\/\/uet.edu.al\/en\/wp-json\/wp\/v2\/categories?post=12146"},{"taxonomy":"post_tag","embeddable":true,"href":"https:\/\/uet.edu.al\/en\/wp-json\/wp\/v2\/tags?post=12146"}],"curies":[{"name":"wp","href":"https:\/\/api.w.org\/{rel}","templated":true}]}}