{"id":11638,"date":"2021-11-22T13:22:02","date_gmt":"2021-11-22T13:22:02","guid":{"rendered":"https:\/\/uet.edu.al\/?p=11638"},"modified":"2021-11-25T08:57:36","modified_gmt":"2021-11-25T08:57:36","slug":"panairi-i-15-vjetorit-nje-sukses-i-ri-per-uetpress","status":"publish","type":"post","link":"https:\/\/uet.edu.al\/en\/panairi-i-15-vjetorit-nje-sukses-i-ri-per-uetpress\/","title":{"rendered":"Panairi i 15 Vjetorit, nj\u00eb sukses i ri p\u00ebr UETPRESS"},"content":{"rendered":"<p><strong>Suela Mino<\/strong><\/p>\n<div align=\"center\"><\/div>\n<p>Panairi i Librit \u00ebsht\u00eb nga ato festat e tradit\u00ebs, ku t\u00eb gjith\u00eb jan\u00eb t\u00eb mir\u00ebpritur, sepse t\u00eb gjith\u00eb \u2018kemi nevoj\u00eb t\u00eb g\u00ebzojm\u00eb\u2019; pas kaq kohe t\u00eb zymt\u00eb, n\u00eb izolim dhe distanc\u00eb, kemi v\u00ebrtet\u00eb nevoj\u00eb t\u00eb g\u00ebzojm\u00eb. Por n\u00eb festat tona t\u00eb bukura t\u00eb tradit\u00ebs, je i mir\u00ebpritur t\u00eb bujt\u00ebsh, i njohur a visitor i rastit, me ose pa nj\u00eb dhurat\u00eb p\u00ebr mikprit\u00ebsit, e ke apo nuk e ke \u2018terezin\u00eb e xhepit\u2019. K\u00ebtu ndryshon panairi\u2026 sepse n\u00eb panair nuk feston dot \u2018me duart n\u00eb xhepa\u2019\u2026<\/p>\n<div align=\"center\"><\/div>\n<p>Panairi i 24-\u00ebrt i Librit erdhi si nj\u00eb lajm i shum\u00ebpritur p\u00ebr botuesit, autor\u00ebt, lexuesit dhe mjedisin kulturor n\u00eb t\u00ebr\u00ebsi.\u00a0 T\u00eb gjith\u00eb ne u p\u00ebrpoq\u00ebm t\u00eb b\u00ebnim m\u00eb t\u00eb mir\u00ebm q\u00eb mund\u00ebm: botuesit, duke kujdesur cil\u00ebsin\u00eb e botimeve, autor\u00ebt duke mos u kursyer p\u00ebr t\u00eb qen\u00eb t\u00eb pranish\u00ebm n\u00eb stenda, sa m\u00eb pran\u00eb lexuesve, vet\u00eb lexuesit, duke d\u00ebshmuar me pranin\u00eb e tyre se jan\u00eb ende aty, t\u00eb interesuar, t\u00eb d\u00ebshiruar t\u00eb g\u00ebzojn\u00eb f\u00ebmij\u00ebt, veten, t\u00eb dashurit e tyre me dhurat\u00ebn\u00a0<em>chic<\/em>\u00a0\u2013 lib\u00ebr.<\/p>\n<div align=\"center\"><\/div>\n<p>Nga ana e brendshme e nj\u00eb stende, ke rastin t\u00eb kuptosh m\u00eb mir\u00eb lexuesin, at\u00eb q\u00eb t\u00eb mungon, at\u00eb q\u00eb thuhet se \u2018ka humbur\u2019, at\u00eb q\u00eb p\u00ebrpiqesh ta njoh\u00ebsh p\u00ebr t\u00eb ditur si t\u2019i qasesh, si ta b\u00ebsh p\u00ebr vete, si ta ngaz\u00ebllesh, si ta nxis\u00ebsh estetikisht dhe intelektualisht.<\/p>\n<p><a href=\"https:\/\/liberale.al\/wp-content\/uploads\/2021\/11\/258245149_5278068232209970_7495941172072141864_n.jpg\" rel=\"lightbox\"><img fetchpriority=\"high\" decoding=\"async\" class=\"size-full wp-image-1224887 aligncenter\" src=\"https:\/\/liberale.al\/wp-content\/uploads\/2021\/11\/258245149_5278068232209970_7495941172072141864_n.jpg\" sizes=\"(max-width: 1280px) 100vw, 1280px\" srcset=\"https:\/\/liberale.al\/wp-content\/uploads\/2021\/11\/258245149_5278068232209970_7495941172072141864_n.jpg 1280w, https:\/\/liberale.al\/wp-content\/uploads\/2021\/11\/258245149_5278068232209970_7495941172072141864_n-300x200.jpg 300w, https:\/\/liberale.al\/wp-content\/uploads\/2021\/11\/258245149_5278068232209970_7495941172072141864_n-1024x682.jpg 1024w, https:\/\/liberale.al\/wp-content\/uploads\/2021\/11\/258245149_5278068232209970_7495941172072141864_n-768x512.jpg 768w\" alt=\"\" width=\"1280\" height=\"853\" \/><\/a><\/p>\n<p>Nga gjith\u00eb mozaiku i k\u00ebtij panairi, p\u00ebrtej k\u00ebnaq\u00ebsis\u00eb s\u00eb madhe t\u00eb rikthimit pas 2 vitesh pandemie, ka nj\u00eb element analize t\u00eb cilin nuk mund ta kap\u00ebrcesh, qoft\u00eb edhe p\u00ebr retorik\u00eb t\u00eb t\u00eb folurit n\u00eb publik.<\/p>\n<p>Duke qen\u00eb t\u00eb pozicionuar si pal\u00eb, \u2013 ne botuesit, media, autor\u00ebt, aktor\u00ebt e tjer\u00eb t\u00eb komunikimit t\u00eb librit \u2013 na duhet t\u00eb jemi t\u00eb kthjell\u00ebt n\u00eb analiz\u00eb, dhe majftuesh\u00ebm t\u00eb sinqert\u00eb p\u00ebr t\u00eb th\u00ebn\u00eb t\u00eb v\u00ebrtet\u00ebn. Pa u ngutur, sepse do t\u00eb marr\u00eb koh\u00ebn e vet, dit\u00ebt n\u00eb vijim, diskutimi i fenomenit \u2018panair\u2019. Por n\u00eb nj\u00eb lexim t\u00eb par\u00eb, kthjelltazi duket se \u2018thembra e Akilit\u2019 n\u00eb tregun e librit \u00ebsht\u00eb portofoli i lexuesit-bler\u00ebs.<\/p>\n<p>Lexuesi \u00ebsht\u00eb aty, e di shum\u00eb mir\u00eb \u00e7far\u00eb k\u00ebrkon, di ta zbuloj\u00eb at\u00eb q\u00eb i p\u00eblqen, di t\u00eb zgjedh\u00eb dhe t\u00eb orientohet sipas intereve t\u00eb veta. Por i duhet t\u00eb b\u00ebj\u00eb llogari, llogarin\u00eb e tij.<\/p>\n<p>N\u00eb k\u00ebt\u00eb pik\u00eb, ne jemi t\u00eb gjith\u00eb bashk\u00eb dhe t\u00eb ndar\u00eb, ndaj ka nevoj\u00eb t\u00eb ndalemi p\u00ebr t\u00eb kuptuar \u00e7far\u00eb mbeti pas feste\u2026<\/p>\n<p><a href=\"https:\/\/liberale.al\/wp-content\/uploads\/2021\/11\/258574918_5280676468615813_3797390816435074201_n.jpg\" rel=\"lightbox\"><img decoding=\"async\" class=\"size-full wp-image-1224889 aligncenter\" src=\"https:\/\/liberale.al\/wp-content\/uploads\/2021\/11\/258574918_5280676468615813_3797390816435074201_n.jpg\" sizes=\"(max-width: 1280px) 100vw, 1280px\" srcset=\"https:\/\/liberale.al\/wp-content\/uploads\/2021\/11\/258574918_5280676468615813_3797390816435074201_n.jpg 1280w, https:\/\/liberale.al\/wp-content\/uploads\/2021\/11\/258574918_5280676468615813_3797390816435074201_n-300x200.jpg 300w, https:\/\/liberale.al\/wp-content\/uploads\/2021\/11\/258574918_5280676468615813_3797390816435074201_n-1024x682.jpg 1024w, https:\/\/liberale.al\/wp-content\/uploads\/2021\/11\/258574918_5280676468615813_3797390816435074201_n-768x512.jpg 768w\" alt=\"\" width=\"1280\" height=\"853\" \/><\/a><\/p>\n<p>***<\/p>\n<p>Uetpress pati privilegjin t\u00eb priste lexuesit e saj, duke qen\u00eb nj\u00eb pik\u00eb takimi gjithmon\u00eb \u2018e zhurmshme\u2019 p\u00ebrgjat\u00eb 5 dit\u00ebve t\u00eb Panairit t\u00eb Librit. Me mbi 50 tituj t\u00eb rinj, nga t\u00eb 5 kolanat tona, me larmishm\u00ebri botimesh n\u00eb gjini t\u00eb ndryshme t\u00eb shkrimit dhe mendimit, nga let\u00ebrsia artistike, te jet\u00ebshkrimet e deri te studimet e librat me natyr\u00eb akademike, ne rigjet\u00ebm me k\u00ebnaq\u00ebsi interesin e lexuesve.<\/p>\n<p>Prej 15 vitesh vijojm\u00eb t\u2019i sjellim publikut shqiptar nj\u00eb ngasje t\u00eb re p\u00ebr t\u00eb shijuar leximin, si at\u00eb artistik-letrar ashtu edhe at\u00eb m\u00eb t\u00eb ftoht\u00eb intelektual e profesional, gjithmon\u00eb t\u00eb kujdesur p\u00ebr t\u00eb mb\u00ebrritur n\u00eb duart e lexuesit si botime dinjitoze.<\/p>\n<p>N\u00eb kolan\u00ebn Leteratura spikat\u00ebn botimet e reja t\u00eb shkrimtarit Pre\u00e7 Zogaj, p\u00ebrmbledhja me poezi\u00a0<em>\u201cNj\u00eb e tret\u00eb, dashuria\u201d dhe novela \u201cBija e vjet\u00ebr e n\u00ebn\u00ebs s\u00eb re\u201d. sa edhe \u201cLUX\u201d i Loer Kumes;\u00a0 fituesi i \u00c7mimit Kadare 2021 Gani Mehmetaj me \u201cZogjt\u00eb e qyqes\u201d, romani i ri \u201cVaji i gurit\u201d i autores Miranda Haxhia, \u201cKok\u00ebmushkat\u201d e Edmond Budin\u00ebs, \u201cP\u00ebrsiatje\u201d t\u00eb Bjorn Kamberit,\u00a0<\/em>shkrimtari Odise Kote me dy botime t\u00eb reja, p\u00ebrmbledhjen me tregime \u201cBilet\u00eb p\u00ebr n\u00eb qiell\u201d dhe v\u00ebllimin poetik \u201cPengje t\u00eb gur\u00ebve\u201d, autori Sami Milloshi me p\u00ebrmbledhjen me tregime \u201cOra e Murit\u201d, me nj\u00eb stil dhe rr\u00ebfim original, si edhe romani \u201cPrushi Pellazg i autorit Mi\u00e7o Mone, dedikuar Dhimit\u00ebr Pilik\u00ebs.<\/p>\n<p><em>Nj\u00eb tjet\u00ebr sukses ishte \u201c<\/em>Djali me bi\u00e7iklet\u00eb\u201d i shkrimtarit t\u00eb njohur izraelit Eli Amir, vepra e par\u00eb e let\u00ebrsis\u00eb izraelite q\u00eb vjen e p\u00ebrkthyer nga gjuha hebraike n\u00eb gjuh\u00ebn shqipe, nga p\u00ebrkthyesi Alban Rreli, n\u00ebn logon e UETPress.<\/p>\n<p><em>Gjithmon\u00eb n\u00eb v\u00ebm\u00ebndje t\u00eb lexuesit, shkrimtar\u00ebt Vera Bekteshi, Ben Blushi, Rudolf Marku, Kim Mehmeti, Virgjil Mu\u00e7i, etj.<\/em><\/p>\n<p>Nd\u00ebrkoh\u00eb q\u00eb UETPRESS ishte me disa botime dinjitoze n\u00eb kolan\u00ebn Scripta manent, nd\u00ebr t\u00eb tjera jet\u00ebshkrimi i gjuh\u00ebtarit Bahri Beci, i cili skanon tre periudha historike n\u00ebn titullin \u201cP\u00ebrjetime\/ 1936-2021\u201d, apo ai i nj\u00eb personazhi si Kurt Kola me titullin \u201cTranzicioni neokomunist n\u00eb Shqip\u00ebri\u201d, apo p\u00ebrmbledhja me intervista nga gazetari i njohur Roland Qaforku \u201c50 pyetje p\u00ebr 50 personazhe \u2013 Historit\u00eb e jet\u00ebs s\u00eb shqiptar\u00ebve m\u00eb t\u00eb famsh\u00ebm\u201d.<\/p>\n<p><a href=\"https:\/\/liberale.al\/wp-content\/uploads\/2021\/11\/257354659_5275185775831549_6364366171352070920_n.jpg\" rel=\"lightbox\"><img decoding=\"async\" class=\"size-full wp-image-1224888 aligncenter\" src=\"https:\/\/liberale.al\/wp-content\/uploads\/2021\/11\/257354659_5275185775831549_6364366171352070920_n.jpg\" sizes=\"(max-width: 627px) 100vw, 627px\" srcset=\"https:\/\/liberale.al\/wp-content\/uploads\/2021\/11\/257354659_5275185775831549_6364366171352070920_n.jpg 627w, https:\/\/liberale.al\/wp-content\/uploads\/2021\/11\/257354659_5275185775831549_6364366171352070920_n-225x300.jpg 225w\" alt=\"\" width=\"627\" height=\"836\" \/><\/a><\/p>\n<p>Biografit\u00eb e skalitura nga publicisti Ilir Ikonomi mbi figur\u00ebn e Faik Konic\u00ebs, Esat PAsh\u00eb Toptanit, apo Ismail Qemalit, ishin shum\u00eb t\u00eb k\u00ebrkuara n\u00eb panair, krahas botimeve t\u00eb tjera nd\u00ebr vit\u00eb t\u00eb kolan\u00ebs Scripta Manent.<\/p>\n<p>Nga kolanat\u00a0Monografi, Studime, Acta Scentarium spikat\u00ebn emra \u2013 autoritete n\u00eb fushat e tyre, botime q\u00eb kultivojn\u00eb debatin dhe mendimin kritik, duke pasuruar mjedisin shqiptar me kontribute t\u00eb spikatura. Juristi i njohur Denar Biba me \u201cT\u00eb drejtat e njeriut dhe Konstitucionalizmi\u201d, nd\u00ebrsa u mir\u00ebprit n\u00eb shqip teksti profesional autoritativ nga dy personalitete bot\u00ebrore t\u00eb fush\u00ebs: \u201cMarr\u00ebdh\u00ebniet Publike Sot\u201d, nga Trevor Morris dhe Simon Golds\u00eborthy, botim i prestigjiozes \u201cMacmillan Education Pelgrave\u201d, p\u00ebrkthyer nga nj\u00eb grup pedagog\u00ebsh t\u00eb Departamentit t\u00eb Komunikimit n\u00eb UET, n\u00ebn udh\u00ebheqjen e Dekanes s\u00eb Fakultetit t\u00eb Shkencave Humane, Edukimit dhe Arteve Liberale, Belina Budini.\u00a0 Profesori i nderuar Albert Doja me \u201cArdhja e Antropologkis\u00eb n\u00eb Shqip\u00ebri\u201d sjell nj\u00eb studim thelb\u00ebsor dhe shum\u00eb t\u00eb mir\u00ebpritur nga lexuesi I kualifikuar.<\/p>\n<p>K\u00ebto dhe shum\u00eb ttituj t\u00eb tjer\u00eb ishin p\u00ebr lexuesit n\u00eb stendat e UETPress, p\u00ebrgjat\u00eb 5 dit\u00ebve t\u00eb Panairit t\u00eb 24-\u00ebt t\u00eb Librit n\u00eb Tiran\u00eb, duke shenjuar nj\u00eb tjet\u00ebr takim t\u00eb mrekulluesh\u00ebm mes nesh, q\u00eb u mbyll me mir\u00ebnjohje t\u00eb thell\u00eb p\u00ebr secilin vizitor q\u00eb u ndal tek botimet tona, p\u00ebr autor\u00ebt tan\u00eb gjithmon\u00eb t\u00eb pranish\u00ebm, median dhe \u00e7donjerin q\u00eb ndihmoi n\u00eb realizimin e k\u00ebtij aktiviteti madhor.<\/p>","protected":false},"excerpt":{"rendered":"<p>Suela Mino Panairi i Librit \u00ebsht\u00eb nga ato festat e tradit\u00ebs, ku t\u00eb gjith\u00eb jan\u00eb t\u00eb mir\u00ebpritur, sepse t\u00eb gjith\u00eb \u2018kemi nevoj\u00eb t\u00eb g\u00ebzojm\u00eb\u2019; pas kaq kohe t\u00eb zymt\u00eb, n\u00eb izolim dhe distanc\u00eb, kemi v\u00ebrtet\u00eb nevoj\u00eb t\u00eb g\u00ebzojm\u00eb. Por n\u00eb &hellip; <\/p>","protected":false},"author":2,"featured_media":11930,"comment_status":"closed","ping_status":"open","sticky":false,"template":"","format":"standard","meta":{"footnotes":""},"categories":[61],"tags":[],"class_list":["post-11638","post","type-post","status-publish","format-standard","has-post-thumbnail","hentry","category-te-ndryshme"],"yoast_head":"<!-- This site is optimized with the Yoast SEO plugin v26.9 - https:\/\/yoast.com\/product\/yoast-seo-wordpress\/ -->\n<title>Panairi i 15 Vjetorit, nj\u00eb sukses i ri p\u00ebr UETPRESS - UET<\/title>\n<meta name=\"robots\" content=\"index, follow, max-snippet:-1, max-image-preview:large, max-video-preview:-1\" \/>\n<link rel=\"canonical\" href=\"https:\/\/uet.edu.al\/en\/panairi-i-15-vjetorit-nje-sukses-i-ri-per-uetpress\/\" \/>\n<meta property=\"og:locale\" content=\"en_US\" \/>\n<meta property=\"og:type\" content=\"article\" \/>\n<meta property=\"og:title\" content=\"Panairi i 15 Vjetorit, nj\u00eb sukses i ri p\u00ebr UETPRESS - UET\" \/>\n<meta property=\"og:description\" content=\"Suela Mino Panairi i Librit \u00ebsht\u00eb nga ato festat e tradit\u00ebs, ku t\u00eb gjith\u00eb jan\u00eb t\u00eb mir\u00ebpritur, sepse t\u00eb gjith\u00eb \u2018kemi nevoj\u00eb t\u00eb g\u00ebzojm\u00eb\u2019; pas kaq kohe t\u00eb zymt\u00eb, n\u00eb izolim dhe distanc\u00eb, kemi v\u00ebrtet\u00eb nevoj\u00eb t\u00eb g\u00ebzojm\u00eb. Por n\u00eb &hellip;\" \/>\n<meta property=\"og:url\" content=\"https:\/\/uet.edu.al\/en\/panairi-i-15-vjetorit-nje-sukses-i-ri-per-uetpress\/\" \/>\n<meta property=\"og:site_name\" content=\"UET\" \/>\n<meta property=\"article:publisher\" content=\"https:\/\/www.facebook.com\/UniversitetiEuropianiTiranes\/\" \/>\n<meta property=\"article:published_time\" content=\"2021-11-22T13:22:02+00:00\" \/>\n<meta property=\"article:modified_time\" content=\"2021-11-25T08:57:36+00:00\" \/>\n<meta property=\"og:image\" content=\"https:\/\/uet.edu.al\/wp-content\/uploads\/2021\/11\/AAA_7027-scaled.jpg\" \/>\n\t<meta property=\"og:image:width\" content=\"2560\" \/>\n\t<meta property=\"og:image:height\" content=\"1707\" \/>\n\t<meta property=\"og:image:type\" content=\"image\/jpeg\" \/>\n<meta name=\"author\" content=\"Suela Laska\" \/>\n<meta name=\"twitter:card\" content=\"summary_large_image\" \/>\n<meta name=\"twitter:label1\" content=\"Written by\" \/>\n\t<meta name=\"twitter:data1\" content=\"Suela Laska\" \/>\n\t<meta name=\"twitter:label2\" content=\"Est. reading time\" \/>\n\t<meta name=\"twitter:data2\" content=\"5 minutes\" \/>\n<script type=\"application\/ld+json\" class=\"yoast-schema-graph\">{\"@context\":\"https:\/\/schema.org\",\"@graph\":[{\"@type\":\"Article\",\"@id\":\"https:\/\/uet.edu.al\/panairi-i-15-vjetorit-nje-sukses-i-ri-per-uetpress\/#article\",\"isPartOf\":{\"@id\":\"https:\/\/uet.edu.al\/panairi-i-15-vjetorit-nje-sukses-i-ri-per-uetpress\/\"},\"author\":{\"name\":\"Suela Laska\",\"@id\":\"https:\/\/uet.edu.al\/en\/#\/schema\/person\/df35561f00aff5c7b714f046a4c90a6f\"},\"headline\":\"Panairi i 15 Vjetorit, nj\u00eb sukses i ri p\u00ebr UETPRESS\",\"datePublished\":\"2021-11-22T13:22:02+00:00\",\"dateModified\":\"2021-11-25T08:57:36+00:00\",\"mainEntityOfPage\":{\"@id\":\"https:\/\/uet.edu.al\/panairi-i-15-vjetorit-nje-sukses-i-ri-per-uetpress\/\"},\"wordCount\":1090,\"publisher\":{\"@id\":\"https:\/\/uet.edu.al\/en\/#organization\"},\"image\":{\"@id\":\"https:\/\/uet.edu.al\/panairi-i-15-vjetorit-nje-sukses-i-ri-per-uetpress\/#primaryimage\"},\"thumbnailUrl\":\"https:\/\/uet.edu.al\/wp-content\/uploads\/2021\/11\/AAA_7027-scaled.jpg\",\"articleSection\":[\"T\u00eb ndryshme\"],\"inLanguage\":\"en-US\"},{\"@type\":\"WebPage\",\"@id\":\"https:\/\/uet.edu.al\/panairi-i-15-vjetorit-nje-sukses-i-ri-per-uetpress\/\",\"url\":\"https:\/\/uet.edu.al\/panairi-i-15-vjetorit-nje-sukses-i-ri-per-uetpress\/\",\"name\":\"Panairi i 15 Vjetorit, nj\u00eb sukses i ri p\u00ebr UETPRESS - UET\",\"isPartOf\":{\"@id\":\"https:\/\/uet.edu.al\/en\/#website\"},\"primaryImageOfPage\":{\"@id\":\"https:\/\/uet.edu.al\/panairi-i-15-vjetorit-nje-sukses-i-ri-per-uetpress\/#primaryimage\"},\"image\":{\"@id\":\"https:\/\/uet.edu.al\/panairi-i-15-vjetorit-nje-sukses-i-ri-per-uetpress\/#primaryimage\"},\"thumbnailUrl\":\"https:\/\/uet.edu.al\/wp-content\/uploads\/2021\/11\/AAA_7027-scaled.jpg\",\"datePublished\":\"2021-11-22T13:22:02+00:00\",\"dateModified\":\"2021-11-25T08:57:36+00:00\",\"breadcrumb\":{\"@id\":\"https:\/\/uet.edu.al\/panairi-i-15-vjetorit-nje-sukses-i-ri-per-uetpress\/#breadcrumb\"},\"inLanguage\":\"en-US\",\"potentialAction\":[{\"@type\":\"ReadAction\",\"target\":[\"https:\/\/uet.edu.al\/panairi-i-15-vjetorit-nje-sukses-i-ri-per-uetpress\/\"]}]},{\"@type\":\"ImageObject\",\"inLanguage\":\"en-US\",\"@id\":\"https:\/\/uet.edu.al\/panairi-i-15-vjetorit-nje-sukses-i-ri-per-uetpress\/#primaryimage\",\"url\":\"https:\/\/uet.edu.al\/wp-content\/uploads\/2021\/11\/AAA_7027-scaled.jpg\",\"contentUrl\":\"https:\/\/uet.edu.al\/wp-content\/uploads\/2021\/11\/AAA_7027-scaled.jpg\",\"width\":2560,\"height\":1707},{\"@type\":\"BreadcrumbList\",\"@id\":\"https:\/\/uet.edu.al\/panairi-i-15-vjetorit-nje-sukses-i-ri-per-uetpress\/#breadcrumb\",\"itemListElement\":[{\"@type\":\"ListItem\",\"position\":1,\"name\":\"Home\",\"item\":\"https:\/\/uet.edu.al\/\"},{\"@type\":\"ListItem\",\"position\":2,\"name\":\"Panairi i 15 Vjetorit, nj\u00eb sukses i ri p\u00ebr UETPRESS\"}]},{\"@type\":\"WebSite\",\"@id\":\"https:\/\/uet.edu.al\/en\/#website\",\"url\":\"https:\/\/uet.edu.al\/en\/\",\"name\":\"UET\",\"description\":\"Universiteti Europian i Tiran\u00ebs\",\"publisher\":{\"@id\":\"https:\/\/uet.edu.al\/en\/#organization\"},\"potentialAction\":[{\"@type\":\"SearchAction\",\"target\":{\"@type\":\"EntryPoint\",\"urlTemplate\":\"https:\/\/uet.edu.al\/en\/?s={search_term_string}\"},\"query-input\":{\"@type\":\"PropertyValueSpecification\",\"valueRequired\":true,\"valueName\":\"search_term_string\"}}],\"inLanguage\":\"en-US\"},{\"@type\":\"Organization\",\"@id\":\"https:\/\/uet.edu.al\/en\/#organization\",\"name\":\"Universiteti Europian i Tiranes\",\"url\":\"https:\/\/uet.edu.al\/en\/\",\"logo\":{\"@type\":\"ImageObject\",\"inLanguage\":\"en-US\",\"@id\":\"https:\/\/uet.edu.al\/en\/#\/schema\/logo\/image\/\",\"url\":\"https:\/\/uet.edu.al\/wp-content\/uploads\/2022\/12\/Logo-pa-adrese.png\",\"contentUrl\":\"https:\/\/uet.edu.al\/wp-content\/uploads\/2022\/12\/Logo-pa-adrese.png\",\"width\":1418,\"height\":696,\"caption\":\"Universiteti Europian i Tiranes\"},\"image\":{\"@id\":\"https:\/\/uet.edu.al\/en\/#\/schema\/logo\/image\/\"},\"sameAs\":[\"https:\/\/www.facebook.com\/UniversitetiEuropianiTiranes\/\"]},{\"@type\":\"Person\",\"@id\":\"https:\/\/uet.edu.al\/en\/#\/schema\/person\/df35561f00aff5c7b714f046a4c90a6f\",\"name\":\"Suela Laska\",\"url\":\"https:\/\/uet.edu.al\/en\/author\/suela\/\"}]}<\/script>\n<!-- \/ Yoast SEO plugin. -->","yoast_head_json":{"title":"Panairi i 15 Vjetorit, nj\u00eb sukses i ri p\u00ebr UETPRESS - UET","robots":{"index":"index","follow":"follow","max-snippet":"max-snippet:-1","max-image-preview":"max-image-preview:large","max-video-preview":"max-video-preview:-1"},"canonical":"https:\/\/uet.edu.al\/en\/panairi-i-15-vjetorit-nje-sukses-i-ri-per-uetpress\/","og_locale":"en_US","og_type":"article","og_title":"Panairi i 15 Vjetorit, nj\u00eb sukses i ri p\u00ebr UETPRESS - UET","og_description":"Suela Mino Panairi i Librit \u00ebsht\u00eb nga ato festat e tradit\u00ebs, ku t\u00eb gjith\u00eb jan\u00eb t\u00eb mir\u00ebpritur, sepse t\u00eb gjith\u00eb \u2018kemi nevoj\u00eb t\u00eb g\u00ebzojm\u00eb\u2019; pas kaq kohe t\u00eb zymt\u00eb, n\u00eb izolim dhe distanc\u00eb, kemi v\u00ebrtet\u00eb nevoj\u00eb t\u00eb g\u00ebzojm\u00eb. Por n\u00eb &hellip;","og_url":"https:\/\/uet.edu.al\/en\/panairi-i-15-vjetorit-nje-sukses-i-ri-per-uetpress\/","og_site_name":"UET","article_publisher":"https:\/\/www.facebook.com\/UniversitetiEuropianiTiranes\/","article_published_time":"2021-11-22T13:22:02+00:00","article_modified_time":"2021-11-25T08:57:36+00:00","og_image":[{"width":2560,"height":1707,"url":"https:\/\/uet.edu.al\/wp-content\/uploads\/2021\/11\/AAA_7027-scaled.jpg","type":"image\/jpeg"}],"author":"Suela Laska","twitter_card":"summary_large_image","twitter_misc":{"Written by":"Suela Laska","Est. reading time":"5 minutes"},"schema":{"@context":"https:\/\/schema.org","@graph":[{"@type":"Article","@id":"https:\/\/uet.edu.al\/panairi-i-15-vjetorit-nje-sukses-i-ri-per-uetpress\/#article","isPartOf":{"@id":"https:\/\/uet.edu.al\/panairi-i-15-vjetorit-nje-sukses-i-ri-per-uetpress\/"},"author":{"name":"Suela Laska","@id":"https:\/\/uet.edu.al\/en\/#\/schema\/person\/df35561f00aff5c7b714f046a4c90a6f"},"headline":"Panairi i 15 Vjetorit, nj\u00eb sukses i ri p\u00ebr UETPRESS","datePublished":"2021-11-22T13:22:02+00:00","dateModified":"2021-11-25T08:57:36+00:00","mainEntityOfPage":{"@id":"https:\/\/uet.edu.al\/panairi-i-15-vjetorit-nje-sukses-i-ri-per-uetpress\/"},"wordCount":1090,"publisher":{"@id":"https:\/\/uet.edu.al\/en\/#organization"},"image":{"@id":"https:\/\/uet.edu.al\/panairi-i-15-vjetorit-nje-sukses-i-ri-per-uetpress\/#primaryimage"},"thumbnailUrl":"https:\/\/uet.edu.al\/wp-content\/uploads\/2021\/11\/AAA_7027-scaled.jpg","articleSection":["T\u00eb ndryshme"],"inLanguage":"en-US"},{"@type":"WebPage","@id":"https:\/\/uet.edu.al\/panairi-i-15-vjetorit-nje-sukses-i-ri-per-uetpress\/","url":"https:\/\/uet.edu.al\/panairi-i-15-vjetorit-nje-sukses-i-ri-per-uetpress\/","name":"Panairi i 15 Vjetorit, nj\u00eb sukses i ri p\u00ebr UETPRESS - UET","isPartOf":{"@id":"https:\/\/uet.edu.al\/en\/#website"},"primaryImageOfPage":{"@id":"https:\/\/uet.edu.al\/panairi-i-15-vjetorit-nje-sukses-i-ri-per-uetpress\/#primaryimage"},"image":{"@id":"https:\/\/uet.edu.al\/panairi-i-15-vjetorit-nje-sukses-i-ri-per-uetpress\/#primaryimage"},"thumbnailUrl":"https:\/\/uet.edu.al\/wp-content\/uploads\/2021\/11\/AAA_7027-scaled.jpg","datePublished":"2021-11-22T13:22:02+00:00","dateModified":"2021-11-25T08:57:36+00:00","breadcrumb":{"@id":"https:\/\/uet.edu.al\/panairi-i-15-vjetorit-nje-sukses-i-ri-per-uetpress\/#breadcrumb"},"inLanguage":"en-US","potentialAction":[{"@type":"ReadAction","target":["https:\/\/uet.edu.al\/panairi-i-15-vjetorit-nje-sukses-i-ri-per-uetpress\/"]}]},{"@type":"ImageObject","inLanguage":"en-US","@id":"https:\/\/uet.edu.al\/panairi-i-15-vjetorit-nje-sukses-i-ri-per-uetpress\/#primaryimage","url":"https:\/\/uet.edu.al\/wp-content\/uploads\/2021\/11\/AAA_7027-scaled.jpg","contentUrl":"https:\/\/uet.edu.al\/wp-content\/uploads\/2021\/11\/AAA_7027-scaled.jpg","width":2560,"height":1707},{"@type":"BreadcrumbList","@id":"https:\/\/uet.edu.al\/panairi-i-15-vjetorit-nje-sukses-i-ri-per-uetpress\/#breadcrumb","itemListElement":[{"@type":"ListItem","position":1,"name":"Home","item":"https:\/\/uet.edu.al\/"},{"@type":"ListItem","position":2,"name":"Panairi i 15 Vjetorit, nj\u00eb sukses i ri p\u00ebr UETPRESS"}]},{"@type":"WebSite","@id":"https:\/\/uet.edu.al\/en\/#website","url":"https:\/\/uet.edu.al\/en\/","name":"UET","description":"Universiteti Europian i Tiran\u00ebs","publisher":{"@id":"https:\/\/uet.edu.al\/en\/#organization"},"potentialAction":[{"@type":"SearchAction","target":{"@type":"EntryPoint","urlTemplate":"https:\/\/uet.edu.al\/en\/?s={search_term_string}"},"query-input":{"@type":"PropertyValueSpecification","valueRequired":true,"valueName":"search_term_string"}}],"inLanguage":"en-US"},{"@type":"Organization","@id":"https:\/\/uet.edu.al\/en\/#organization","name":"Universiteti Europian i Tiranes","url":"https:\/\/uet.edu.al\/en\/","logo":{"@type":"ImageObject","inLanguage":"en-US","@id":"https:\/\/uet.edu.al\/en\/#\/schema\/logo\/image\/","url":"https:\/\/uet.edu.al\/wp-content\/uploads\/2022\/12\/Logo-pa-adrese.png","contentUrl":"https:\/\/uet.edu.al\/wp-content\/uploads\/2022\/12\/Logo-pa-adrese.png","width":1418,"height":696,"caption":"Universiteti Europian i Tiranes"},"image":{"@id":"https:\/\/uet.edu.al\/en\/#\/schema\/logo\/image\/"},"sameAs":["https:\/\/www.facebook.com\/UniversitetiEuropianiTiranes\/"]},{"@type":"Person","@id":"https:\/\/uet.edu.al\/en\/#\/schema\/person\/df35561f00aff5c7b714f046a4c90a6f","name":"Suela Laska","url":"https:\/\/uet.edu.al\/en\/author\/suela\/"}]}},"_links":{"self":[{"href":"https:\/\/uet.edu.al\/en\/wp-json\/wp\/v2\/posts\/11638","targetHints":{"allow":["GET"]}}],"collection":[{"href":"https:\/\/uet.edu.al\/en\/wp-json\/wp\/v2\/posts"}],"about":[{"href":"https:\/\/uet.edu.al\/en\/wp-json\/wp\/v2\/types\/post"}],"author":[{"embeddable":true,"href":"https:\/\/uet.edu.al\/en\/wp-json\/wp\/v2\/users\/2"}],"replies":[{"embeddable":true,"href":"https:\/\/uet.edu.al\/en\/wp-json\/wp\/v2\/comments?post=11638"}],"version-history":[{"count":1,"href":"https:\/\/uet.edu.al\/en\/wp-json\/wp\/v2\/posts\/11638\/revisions"}],"predecessor-version":[{"id":11640,"href":"https:\/\/uet.edu.al\/en\/wp-json\/wp\/v2\/posts\/11638\/revisions\/11640"}],"wp:featuredmedia":[{"embeddable":true,"href":"https:\/\/uet.edu.al\/en\/wp-json\/wp\/v2\/media\/11930"}],"wp:attachment":[{"href":"https:\/\/uet.edu.al\/en\/wp-json\/wp\/v2\/media?parent=11638"}],"wp:term":[{"taxonomy":"category","embeddable":true,"href":"https:\/\/uet.edu.al\/en\/wp-json\/wp\/v2\/categories?post=11638"},{"taxonomy":"post_tag","embeddable":true,"href":"https:\/\/uet.edu.al\/en\/wp-json\/wp\/v2\/tags?post=11638"}],"curies":[{"name":"wp","href":"https:\/\/api.w.org\/{rel}","templated":true}]}}