{"id":11360,"date":"2021-11-12T08:52:53","date_gmt":"2021-11-12T08:52:53","guid":{"rendered":"https:\/\/uet.edu.al\/?p=11360"},"modified":"2021-11-19T13:19:33","modified_gmt":"2021-11-19T13:19:33","slug":"arritje-si-futbollist-dhe-sindikalist-uet-vlereson-me-cmimin-e-mirenjohjes-andi-lilen","status":"publish","type":"post","link":"https:\/\/uet.edu.al\/en\/arritje-si-futbollist-dhe-sindikalist-uet-vlereson-me-cmimin-e-mirenjohjes-andi-lilen\/","title":{"rendered":"Arritje si futbollist dhe sindikalist, UET vler\u00ebson me \u00c7mimin e Mir\u00ebnjohjes Andi Lil\u00ebn"},"content":{"rendered":"<h1 class=\"single_article__title\">Arritje si futbollist dhe sindikalist, UET vler\u00ebson me \u00c7mimin e Mir\u00ebnjohjes Andi Lil\u00ebn<\/h1>\n<p><em>Fakulteti i Shkencave Humane, Edukimit dhe Arteve Liberale i akordoi \u00c7mimin e Mir\u00ebnjohjes UET ish-Futbollistit t\u00eb Komb\u00ebtares Shqiptare t\u00eb Futbollit, Andi Lila<\/em><\/p>\n<div align=\"center\"><\/div>\n<p>Universiteti Europian i Tiran\u00ebs ka vler\u00ebsuar k\u00ebsaj radhe me \u00c7mimin e Mir\u00ebnjohjes nj\u00eb personalitet nga fusha e sportit. Ish- futbollisti i Komb\u00ebtares, Andi Lila, aktualisht drejtues i Sindikat\u00ebs s\u00eb Futbollist\u00ebve Profesionist\u00eb Shqiptar\u00eb, \u00ebsht\u00eb nderuar me motivacionin \u201cP\u00ebr arritjet personale n\u00eb futbollin komb\u00ebtar dhe nd\u00ebrkomb\u00ebtar, p\u00ebr menaxhimin me sukses t\u00eb t\u00eb drejtave t\u00eb lojtar\u00ebve t\u00eb futbollit dhe p\u00ebr mbrojtjen e simboleve kuq e zi\u201d.<\/p>\n<div align=\"center\"><\/div>\n<p>N\u00eb ceremonin\u00eb e organizuar n\u00eb ambientet e UET, me t\u00eb pranish\u00ebm miq dhe koleg\u00eb t\u00eb ish- futbollistit, drejtuesit e universitetit vler\u00ebsuan kontributin e tij, sidomos n\u00eb at\u00eb t\u00eb krijimit t\u00eb sindikat\u00ebs, me misionin e mbrojtjes s\u00eb t\u00eb drejtave t\u00eb sportist\u00ebve dhe ish-sportist\u00ebve.<\/p>\n<div align=\"center\"><\/div>\n<p>Presidenti i UET, Selami Xhepa, si nj\u00eb njoh\u00ebs i mir\u00eb i ekonomis\u00eb, nuk doli jasht\u00eb termave t\u00eb fush\u00ebs. Ai u shpreh, se n\u00eb fush\u00ebn e sportit konkurrenca \u00ebsht\u00eb evidentuese e njer\u00ebzve t\u00eb suksessh\u00ebm dhe e gjitha arrihet p\u00ebrmes nj\u00eb gare t\u00eb ndershme. Xhepa vler\u00ebsoi misionin e Lil\u00ebs p\u00ebr t\u00eb pasur nj\u00eb rol n\u00eb shoq\u00ebri n\u00eb mbrojtjen e komuniteti t\u00eb sportit.<\/p>\n<p><em>\u201cUn\u00eb nuk jam i fush\u00ebs s\u00eb sportit, por ajo q\u00eb m\u00eb impresionon m\u00eb shum\u00eb, p\u00ebrve\u00e7se emrit personal si nj\u00eb lojtar i afirmuar, \u00ebsht\u00eb edhe misioni q\u00eb i keni v\u00ebn\u00eb vetes p\u00ebr t\u00eb pasur nj\u00eb rol n\u00eb shoq\u00ebri, jo thjesht at\u00eb t\u00eb p\u00ebrmbushjes s\u00eb nj\u00eb ambicieje persona, sesa p\u00ebr t\u00eb mbrojtur nj\u00eb komunitet njer\u00ebzish q\u00eb jan\u00eb t\u00eb pambrojtur. Personalisht e vler\u00ebsoj jasht\u00ebzakonisht shum\u00eb k\u00ebt\u00eb mision sindikal. Do t\u00eb doja q\u00eb n\u00eb t\u00eb gjitha industrit\u00eb t\u00eb kishim simbole t\u00eb tilla, sepse vet\u00ebm l\u00ebvizje t\u00eb tilla e b\u00ebjn\u00eb nj\u00eb shoq\u00ebri m\u00eb t\u00eb sh\u00ebndetshme. Misionar t\u00eb k\u00ebsaj natyre i japin nj\u00eb r\u00ebnd\u00ebsi kauz\u00ebs p\u00ebr t\u00eb cil\u00ebn luftojn\u00eb\u201d,<\/em>\u00a0u shpreh Xhepa.<\/p>\n<p><a href=\"https:\/\/liberale.al\/wp-content\/uploads\/2021\/11\/247866551_5247312125285581_7319237230627677739_n.jpg\" rel=\"lightbox\"><img fetchpriority=\"high\" decoding=\"async\" class=\"size-full wp-image-1223429 aligncenter\" src=\"https:\/\/liberale.al\/wp-content\/uploads\/2021\/11\/247866551_5247312125285581_7319237230627677739_n.jpg\" sizes=\"(max-width: 1280px) 100vw, 1280px\" srcset=\"https:\/\/liberale.al\/wp-content\/uploads\/2021\/11\/247866551_5247312125285581_7319237230627677739_n.jpg 1280w, https:\/\/liberale.al\/wp-content\/uploads\/2021\/11\/247866551_5247312125285581_7319237230627677739_n-300x200.jpg 300w, https:\/\/liberale.al\/wp-content\/uploads\/2021\/11\/247866551_5247312125285581_7319237230627677739_n-1024x682.jpg 1024w, https:\/\/liberale.al\/wp-content\/uploads\/2021\/11\/247866551_5247312125285581_7319237230627677739_n-768x512.jpg 768w\" alt=\"\" width=\"1280\" height=\"853\" \/><\/a><\/p>\n<p>Rektori i UET, Tonin Gjuraj tha se UET ka dal\u00eb p\u00ebrtej rolit t\u00eb m\u00ebsimdh\u00ebnies dhe k\u00ebrkimit shkencor, duke u p\u00ebrpjekur t\u00eb marr\u00eb p\u00ebrsip\u00ebr edhe nj\u00eb rol t\u00eb ri p\u00ebr t\u00eb qen\u00eb sa m\u00eb af\u00ebr shoq\u00ebris\u00eb, duke identifikuar dhe vler\u00ebsuar personalitete n\u00eb fusha t\u00eb ndryshme t\u00eb jet\u00ebs. Gjuraj shtoi m\u00eb tej, se p\u00ebr vler\u00ebsimin e Lil\u00ebs nuk pati asnj\u00eb hezitim, pasi edhe vet\u00eb \u00ebsht\u00eb nj\u00eb dashamir\u00ebs i futbollit dhe i Komb\u00ebtares shqiptare.<\/p>\n<p><em>\u201cVitet e fundit Andi ka qen\u00eb shum\u00eb aktiv dhe un\u00eb do ta vler\u00ebsoja shum\u00eb k\u00ebt\u00eb rol t\u00eb qytetarit aktiv, q\u00eb njeh edhe detyrimet e p\u00ebrgjegj\u00ebsit\u00eb q\u00eb ne kemi ndaj shoq\u00ebris\u00eb, ose t\u00eb pakt\u00ebn ndaj komuniteti q\u00eb p\u00ebrfaq\u00ebsojm\u00eb. Ka p\u00ebrballuar n\u00eb m\u00ebnyr\u00eb dinjitoze debatin publik p\u00ebr futbollin, m\u00ebnyr\u00ebn e financimit, me at\u00eb se \u00e7far\u00eb duhet t\u00eb ndodh\u00eb me klubet shqiptare t\u00eb futbollit, n\u00eb m\u00ebnyr\u00eb q\u00eb t\u00eb sh\u00ebnojm\u00eb arritje t\u00eb tjera. Si kryetar i Senatit Akademik n\u00eb UET, nuk kam pasur asnj\u00eb lloj hezitimi p\u00ebr ta vler\u00ebsuar me k\u00ebt\u00eb certifikat\u00eb\u201d,<\/em>\u00a0n\u00ebnvizoi rektori.<\/p>\n<p>Ish- futbollisti, i cili e ka nisur sportin n\u00eb mosh\u00ebn 10-vje\u00e7are me nj\u00eb skuad\u00ebr t\u00eb Kavaj\u00ebs, p\u00ebr t\u2019u aktivizuar pastaj me klube t\u00eb tjera n\u00eb vend dhe jasht\u00eb Shqip\u00ebris\u00eb, n\u00eb vendet fqinje Greqi dhe Itali, e cil\u00ebsoi \u00e7mimin nj\u00eb vler\u00ebsim t\u00eb madh, duke shprehur d\u00ebshir\u00ebn q\u00eb nderime t\u00eb tilla t\u2019iu b\u00ebhen edhe sportist\u00ebve t\u00eb tjer\u00eb.<\/p>\n<p><em>\u201cJam i emocionuar p\u00ebr k\u00ebt\u00eb mir\u00ebnjohje q\u00eb e marr nga Universiteti Europian i Tiran\u00ebs. \u00cbsht\u00eb vler\u00ebsim shum\u00eb i madh. Mir\u00ebnjohje t\u00eb tilla, shpresoj q\u00eb edhe sportist\u00eb t\u00eb tjer\u00eb t\u2019i marrin dhe t\u2019iu b\u00ebjm\u00eb sa m\u00eb shum\u00eb jehon\u00eb sportist\u00ebve dhe ish-sportist\u00ebve. Po shikojm\u00eb q\u00eb shum\u00eb sportist\u00eb jan\u00eb l\u00ebn\u00eb n\u00eb harres\u00eb nga shteti. Personalish,, me Sindikat\u00ebn e Futbollist\u00ebve Profesionist\u00eb, kemi menduar nj\u00eb projektligj p\u00ebr statusin e sportistit elitar pas karrier\u00ebs, q\u00eb do ta depozitojm\u00eb shum\u00eb shpejt n\u00eb Kuvend. Sportist\u00ebt dhe ish- sportist\u00ebt duhet t\u00eb nderohen, pasi jan\u00eb nj\u00eb drit\u00eb q\u00eb t\u00eb rinjt\u00eb tan\u00eb duhet t\u00eb ndjekin\u201d,<\/em>\u00a0tha Lila.<\/p>\n<p>Sindikata e Futbollist\u00ebve Profesionist\u00eb \u00ebsht\u00eb krijuar n\u00eb korrik t\u00eb 2019-\u00ebs. Lila tregoi se iden\u00eb e mori q\u00eb n\u00eb vitin 2015, por ende nuk ishte i bindur p\u00ebr k\u00ebt\u00eb iniciativ\u00eb derisa preku nga af\u00ebr sindikatat n\u00eb Greqi. P\u00ebr t\u00eb pasur nj\u00eb shoq\u00ebri sa m\u00eb t\u00eb sh\u00ebndetshme, ai k\u00ebrkoi q\u00eb t\u00eb rritet v\u00ebmendja ndaj sportit, t\u00eb investohet n\u00eb k\u00ebt\u00eb fush\u00eb, n\u00eb m\u00ebnyr\u00eb q\u00eb t\u00eb p\u00ebrfshihen sa m\u00eb shum\u00eb t\u00eb rinj.<\/p>\n<p><em>\u201cN\u00eb vitin 2015 un\u00eb luaja n\u00eb Itali, ku ekipi i Parm\u00ebs falimentoi dhe Sindikata e Futbollist\u00ebve Profesionist\u00eb Italian\u00eb na u gjend pran\u00eb. N\u00eb at\u00eb koh\u00eb presidenti i Klubit m\u00eb thot\u00eb: \u201cN\u00eb Shqip\u00ebri nuk ekziston nj\u00eb sindikat\u00eb, sportist\u00ebt shqiptar\u00eb jan\u00eb t\u00eb pambrojtur, pse nuk e krijon?\u201d. T\u00eb them t\u00eb drejt\u00ebn, fillimisht e pash\u00eb me \u00e7udi. M\u00eb von\u00eb u riktheva n\u00eb Greqi, q\u00eb \u00ebsht\u00eb nj\u00eb vend sindikalist. Ativizohem seriozisht me sindikat\u00ebn greke dhe b\u00ebhem pjes\u00eb e an\u00ebtar\u00ebsis\u00eb. Pash\u00eb se \u00e7far\u00eb solidariteti kishin ata me nj\u00ebri- tjetrin. Shqip\u00ebria nuk \u00ebsht\u00eb vend i till\u00eb. Ne t\u00eb rinjt\u00eb duhet ta ndryshojm\u00eb k\u00ebt\u00eb mentalit dhe k\u00ebt\u00eb psikologji. Duhet t\u00eb promovojm\u00eb sa m\u00eb shum\u00eb sportin q\u00eb t\u00eb rinjt\u00eb shqiptar\u00eb t\u00eb largohen nga rrug\u00ebt e k\u00ebqija\u201d,<\/em>\u00a0tha Lila.<\/p>\n<p>P\u00ebrgjegj\u00ebsi i Departamentit t\u00eb Psikologjis\u00eb, Edukimit dhe Sporteve, Edi Puka tha se aktivitete t\u00eb tilla jan\u00eb mjaft t\u00eb dobishme p\u00ebr programin e sportit n\u00eb UET, p\u00ebr t\u00eb marr\u00eb mb\u00ebshtetjen e profesionist\u00ebve dhe p\u00ebr t\u00eb dh\u00ebn\u00eb shembuj frym\u00ebzues p\u00ebr student\u00ebt.<\/p>\n<p>Programi i sportit n\u00eb UET \u00ebsht\u00eb hapur p\u00ebr her\u00eb t\u00eb par\u00eb n\u00eb vitin 2018. Edhe pse n\u00eb nj\u00eb koh\u00eb t\u00eb shkurt\u00ebr, ai num\u00ebron nj\u00eb num\u00ebr t\u00eb lart\u00eb student\u00ebsh, si dhe disa arritje t\u00eb konsiderueshme. Viti i kat\u00ebrt akademik nisi me pjes\u00ebmarrjen n\u00eb dy aktivitete t\u00eb r\u00ebnd\u00ebsishme, n\u00eb Marton\u00ebn e Tiran\u00ebs dhe n\u00eb Kampionatin e Universiteteve, ku student\u00ebt e UET u rendit\u00ebn n\u00eb vendin e dyt\u00eb.<\/p>\n<p>&nbsp;<\/p>","protected":false},"excerpt":{"rendered":"<p>Arritje si futbollist dhe sindikalist, UET vler\u00ebson me \u00c7mimin e Mir\u00ebnjohjes Andi Lil\u00ebn Fakulteti i Shkencave Humane, Edukimit dhe Arteve Liberale i akordoi \u00c7mimin e Mir\u00ebnjohjes UET ish-Futbollistit t\u00eb Komb\u00ebtares Shqiptare t\u00eb Futbollit, Andi Lila Universiteti Europian i Tiran\u00ebs ka &hellip; <\/p>","protected":false},"author":2,"featured_media":11628,"comment_status":"open","ping_status":"open","sticky":false,"template":"","format":"standard","meta":{"footnotes":""},"categories":[61],"tags":[],"class_list":["post-11360","post","type-post","status-publish","format-standard","has-post-thumbnail","hentry","category-te-ndryshme"],"yoast_head":"<!-- This site is optimized with the Yoast SEO plugin v26.9 - https:\/\/yoast.com\/product\/yoast-seo-wordpress\/ -->\n<title>Arritje si futbollist dhe sindikalist, UET vler\u00ebson me \u00c7mimin e Mir\u00ebnjohjes Andi Lil\u00ebn - UET<\/title>\n<meta name=\"robots\" content=\"index, follow, max-snippet:-1, max-image-preview:large, max-video-preview:-1\" \/>\n<link rel=\"canonical\" href=\"https:\/\/uet.edu.al\/en\/arritje-si-futbollist-dhe-sindikalist-uet-vlereson-me-cmimin-e-mirenjohjes-andi-lilen\/\" \/>\n<meta property=\"og:locale\" content=\"en_US\" \/>\n<meta property=\"og:type\" content=\"article\" \/>\n<meta property=\"og:title\" content=\"Arritje si futbollist dhe sindikalist, UET vler\u00ebson me \u00c7mimin e Mir\u00ebnjohjes Andi Lil\u00ebn - UET\" \/>\n<meta property=\"og:description\" content=\"Arritje si futbollist dhe sindikalist, UET vler\u00ebson me \u00c7mimin e Mir\u00ebnjohjes Andi Lil\u00ebn Fakulteti i Shkencave Humane, Edukimit dhe Arteve Liberale i akordoi \u00c7mimin e Mir\u00ebnjohjes UET ish-Futbollistit t\u00eb Komb\u00ebtares Shqiptare t\u00eb Futbollit, Andi Lila Universiteti Europian i Tiran\u00ebs ka &hellip;\" \/>\n<meta property=\"og:url\" content=\"https:\/\/uet.edu.al\/en\/arritje-si-futbollist-dhe-sindikalist-uet-vlereson-me-cmimin-e-mirenjohjes-andi-lilen\/\" \/>\n<meta property=\"og:site_name\" content=\"UET\" \/>\n<meta property=\"article:publisher\" content=\"https:\/\/www.facebook.com\/UniversitetiEuropianiTiranes\/\" \/>\n<meta property=\"article:published_time\" content=\"2021-11-12T08:52:53+00:00\" \/>\n<meta property=\"article:modified_time\" content=\"2021-11-19T13:19:33+00:00\" \/>\n<meta property=\"og:image\" content=\"https:\/\/uet.edu.al\/wp-content\/uploads\/2021\/11\/AAA_4433-scaled.jpg\" \/>\n\t<meta property=\"og:image:width\" content=\"2560\" \/>\n\t<meta property=\"og:image:height\" content=\"1707\" \/>\n\t<meta property=\"og:image:type\" content=\"image\/jpeg\" \/>\n<meta name=\"author\" content=\"Suela Laska\" \/>\n<meta name=\"twitter:card\" content=\"summary_large_image\" \/>\n<meta name=\"twitter:label1\" content=\"Written by\" \/>\n\t<meta name=\"twitter:data1\" content=\"Suela Laska\" \/>\n\t<meta name=\"twitter:label2\" content=\"Est. reading time\" \/>\n\t<meta name=\"twitter:data2\" content=\"5 minutes\" \/>\n<script type=\"application\/ld+json\" class=\"yoast-schema-graph\">{\"@context\":\"https:\/\/schema.org\",\"@graph\":[{\"@type\":\"Article\",\"@id\":\"https:\/\/uet.edu.al\/arritje-si-futbollist-dhe-sindikalist-uet-vlereson-me-cmimin-e-mirenjohjes-andi-lilen\/#article\",\"isPartOf\":{\"@id\":\"https:\/\/uet.edu.al\/arritje-si-futbollist-dhe-sindikalist-uet-vlereson-me-cmimin-e-mirenjohjes-andi-lilen\/\"},\"author\":{\"name\":\"Suela Laska\",\"@id\":\"https:\/\/uet.edu.al\/en\/#\/schema\/person\/df35561f00aff5c7b714f046a4c90a6f\"},\"headline\":\"Arritje si futbollist dhe sindikalist, UET vler\u00ebson me \u00c7mimin e Mir\u00ebnjohjes Andi Lil\u00ebn\",\"datePublished\":\"2021-11-12T08:52:53+00:00\",\"dateModified\":\"2021-11-19T13:19:33+00:00\",\"mainEntityOfPage\":{\"@id\":\"https:\/\/uet.edu.al\/arritje-si-futbollist-dhe-sindikalist-uet-vlereson-me-cmimin-e-mirenjohjes-andi-lilen\/\"},\"wordCount\":1101,\"commentCount\":10,\"publisher\":{\"@id\":\"https:\/\/uet.edu.al\/en\/#organization\"},\"image\":{\"@id\":\"https:\/\/uet.edu.al\/arritje-si-futbollist-dhe-sindikalist-uet-vlereson-me-cmimin-e-mirenjohjes-andi-lilen\/#primaryimage\"},\"thumbnailUrl\":\"https:\/\/uet.edu.al\/wp-content\/uploads\/2021\/11\/AAA_4433-scaled.jpg\",\"articleSection\":[\"T\u00eb ndryshme\"],\"inLanguage\":\"en-US\",\"potentialAction\":[{\"@type\":\"CommentAction\",\"name\":\"Comment\",\"target\":[\"https:\/\/uet.edu.al\/arritje-si-futbollist-dhe-sindikalist-uet-vlereson-me-cmimin-e-mirenjohjes-andi-lilen\/#respond\"]}]},{\"@type\":\"WebPage\",\"@id\":\"https:\/\/uet.edu.al\/arritje-si-futbollist-dhe-sindikalist-uet-vlereson-me-cmimin-e-mirenjohjes-andi-lilen\/\",\"url\":\"https:\/\/uet.edu.al\/arritje-si-futbollist-dhe-sindikalist-uet-vlereson-me-cmimin-e-mirenjohjes-andi-lilen\/\",\"name\":\"Arritje si futbollist dhe sindikalist, UET vler\u00ebson me \u00c7mimin e Mir\u00ebnjohjes Andi Lil\u00ebn - UET\",\"isPartOf\":{\"@id\":\"https:\/\/uet.edu.al\/en\/#website\"},\"primaryImageOfPage\":{\"@id\":\"https:\/\/uet.edu.al\/arritje-si-futbollist-dhe-sindikalist-uet-vlereson-me-cmimin-e-mirenjohjes-andi-lilen\/#primaryimage\"},\"image\":{\"@id\":\"https:\/\/uet.edu.al\/arritje-si-futbollist-dhe-sindikalist-uet-vlereson-me-cmimin-e-mirenjohjes-andi-lilen\/#primaryimage\"},\"thumbnailUrl\":\"https:\/\/uet.edu.al\/wp-content\/uploads\/2021\/11\/AAA_4433-scaled.jpg\",\"datePublished\":\"2021-11-12T08:52:53+00:00\",\"dateModified\":\"2021-11-19T13:19:33+00:00\",\"breadcrumb\":{\"@id\":\"https:\/\/uet.edu.al\/arritje-si-futbollist-dhe-sindikalist-uet-vlereson-me-cmimin-e-mirenjohjes-andi-lilen\/#breadcrumb\"},\"inLanguage\":\"en-US\",\"potentialAction\":[{\"@type\":\"ReadAction\",\"target\":[\"https:\/\/uet.edu.al\/arritje-si-futbollist-dhe-sindikalist-uet-vlereson-me-cmimin-e-mirenjohjes-andi-lilen\/\"]}]},{\"@type\":\"ImageObject\",\"inLanguage\":\"en-US\",\"@id\":\"https:\/\/uet.edu.al\/arritje-si-futbollist-dhe-sindikalist-uet-vlereson-me-cmimin-e-mirenjohjes-andi-lilen\/#primaryimage\",\"url\":\"https:\/\/uet.edu.al\/wp-content\/uploads\/2021\/11\/AAA_4433-scaled.jpg\",\"contentUrl\":\"https:\/\/uet.edu.al\/wp-content\/uploads\/2021\/11\/AAA_4433-scaled.jpg\",\"width\":2560,\"height\":1707},{\"@type\":\"BreadcrumbList\",\"@id\":\"https:\/\/uet.edu.al\/arritje-si-futbollist-dhe-sindikalist-uet-vlereson-me-cmimin-e-mirenjohjes-andi-lilen\/#breadcrumb\",\"itemListElement\":[{\"@type\":\"ListItem\",\"position\":1,\"name\":\"Home\",\"item\":\"https:\/\/uet.edu.al\/\"},{\"@type\":\"ListItem\",\"position\":2,\"name\":\"Arritje si futbollist dhe sindikalist, UET vler\u00ebson me \u00c7mimin e Mir\u00ebnjohjes Andi Lil\u00ebn\"}]},{\"@type\":\"WebSite\",\"@id\":\"https:\/\/uet.edu.al\/en\/#website\",\"url\":\"https:\/\/uet.edu.al\/en\/\",\"name\":\"UET\",\"description\":\"Universiteti Europian i Tiran\u00ebs\",\"publisher\":{\"@id\":\"https:\/\/uet.edu.al\/en\/#organization\"},\"potentialAction\":[{\"@type\":\"SearchAction\",\"target\":{\"@type\":\"EntryPoint\",\"urlTemplate\":\"https:\/\/uet.edu.al\/en\/?s={search_term_string}\"},\"query-input\":{\"@type\":\"PropertyValueSpecification\",\"valueRequired\":true,\"valueName\":\"search_term_string\"}}],\"inLanguage\":\"en-US\"},{\"@type\":\"Organization\",\"@id\":\"https:\/\/uet.edu.al\/en\/#organization\",\"name\":\"Universiteti Europian i Tiranes\",\"url\":\"https:\/\/uet.edu.al\/en\/\",\"logo\":{\"@type\":\"ImageObject\",\"inLanguage\":\"en-US\",\"@id\":\"https:\/\/uet.edu.al\/en\/#\/schema\/logo\/image\/\",\"url\":\"https:\/\/uet.edu.al\/wp-content\/uploads\/2022\/12\/Logo-pa-adrese.png\",\"contentUrl\":\"https:\/\/uet.edu.al\/wp-content\/uploads\/2022\/12\/Logo-pa-adrese.png\",\"width\":1418,\"height\":696,\"caption\":\"Universiteti Europian i Tiranes\"},\"image\":{\"@id\":\"https:\/\/uet.edu.al\/en\/#\/schema\/logo\/image\/\"},\"sameAs\":[\"https:\/\/www.facebook.com\/UniversitetiEuropianiTiranes\/\"]},{\"@type\":\"Person\",\"@id\":\"https:\/\/uet.edu.al\/en\/#\/schema\/person\/df35561f00aff5c7b714f046a4c90a6f\",\"name\":\"Suela Laska\",\"url\":\"https:\/\/uet.edu.al\/en\/author\/suela\/\"}]}<\/script>\n<!-- \/ Yoast SEO plugin. -->","yoast_head_json":{"title":"Arritje si futbollist dhe sindikalist, UET vler\u00ebson me \u00c7mimin e Mir\u00ebnjohjes Andi Lil\u00ebn - UET","robots":{"index":"index","follow":"follow","max-snippet":"max-snippet:-1","max-image-preview":"max-image-preview:large","max-video-preview":"max-video-preview:-1"},"canonical":"https:\/\/uet.edu.al\/en\/arritje-si-futbollist-dhe-sindikalist-uet-vlereson-me-cmimin-e-mirenjohjes-andi-lilen\/","og_locale":"en_US","og_type":"article","og_title":"Arritje si futbollist dhe sindikalist, UET vler\u00ebson me \u00c7mimin e Mir\u00ebnjohjes Andi Lil\u00ebn - UET","og_description":"Arritje si futbollist dhe sindikalist, UET vler\u00ebson me \u00c7mimin e Mir\u00ebnjohjes Andi Lil\u00ebn Fakulteti i Shkencave Humane, Edukimit dhe Arteve Liberale i akordoi \u00c7mimin e Mir\u00ebnjohjes UET ish-Futbollistit t\u00eb Komb\u00ebtares Shqiptare t\u00eb Futbollit, Andi Lila Universiteti Europian i Tiran\u00ebs ka &hellip;","og_url":"https:\/\/uet.edu.al\/en\/arritje-si-futbollist-dhe-sindikalist-uet-vlereson-me-cmimin-e-mirenjohjes-andi-lilen\/","og_site_name":"UET","article_publisher":"https:\/\/www.facebook.com\/UniversitetiEuropianiTiranes\/","article_published_time":"2021-11-12T08:52:53+00:00","article_modified_time":"2021-11-19T13:19:33+00:00","og_image":[{"width":2560,"height":1707,"url":"https:\/\/uet.edu.al\/wp-content\/uploads\/2021\/11\/AAA_4433-scaled.jpg","type":"image\/jpeg"}],"author":"Suela Laska","twitter_card":"summary_large_image","twitter_misc":{"Written by":"Suela Laska","Est. reading time":"5 minutes"},"schema":{"@context":"https:\/\/schema.org","@graph":[{"@type":"Article","@id":"https:\/\/uet.edu.al\/arritje-si-futbollist-dhe-sindikalist-uet-vlereson-me-cmimin-e-mirenjohjes-andi-lilen\/#article","isPartOf":{"@id":"https:\/\/uet.edu.al\/arritje-si-futbollist-dhe-sindikalist-uet-vlereson-me-cmimin-e-mirenjohjes-andi-lilen\/"},"author":{"name":"Suela Laska","@id":"https:\/\/uet.edu.al\/en\/#\/schema\/person\/df35561f00aff5c7b714f046a4c90a6f"},"headline":"Arritje si futbollist dhe sindikalist, UET vler\u00ebson me \u00c7mimin e Mir\u00ebnjohjes Andi Lil\u00ebn","datePublished":"2021-11-12T08:52:53+00:00","dateModified":"2021-11-19T13:19:33+00:00","mainEntityOfPage":{"@id":"https:\/\/uet.edu.al\/arritje-si-futbollist-dhe-sindikalist-uet-vlereson-me-cmimin-e-mirenjohjes-andi-lilen\/"},"wordCount":1101,"commentCount":10,"publisher":{"@id":"https:\/\/uet.edu.al\/en\/#organization"},"image":{"@id":"https:\/\/uet.edu.al\/arritje-si-futbollist-dhe-sindikalist-uet-vlereson-me-cmimin-e-mirenjohjes-andi-lilen\/#primaryimage"},"thumbnailUrl":"https:\/\/uet.edu.al\/wp-content\/uploads\/2021\/11\/AAA_4433-scaled.jpg","articleSection":["T\u00eb ndryshme"],"inLanguage":"en-US","potentialAction":[{"@type":"CommentAction","name":"Comment","target":["https:\/\/uet.edu.al\/arritje-si-futbollist-dhe-sindikalist-uet-vlereson-me-cmimin-e-mirenjohjes-andi-lilen\/#respond"]}]},{"@type":"WebPage","@id":"https:\/\/uet.edu.al\/arritje-si-futbollist-dhe-sindikalist-uet-vlereson-me-cmimin-e-mirenjohjes-andi-lilen\/","url":"https:\/\/uet.edu.al\/arritje-si-futbollist-dhe-sindikalist-uet-vlereson-me-cmimin-e-mirenjohjes-andi-lilen\/","name":"Arritje si futbollist dhe sindikalist, UET vler\u00ebson me \u00c7mimin e Mir\u00ebnjohjes Andi Lil\u00ebn - UET","isPartOf":{"@id":"https:\/\/uet.edu.al\/en\/#website"},"primaryImageOfPage":{"@id":"https:\/\/uet.edu.al\/arritje-si-futbollist-dhe-sindikalist-uet-vlereson-me-cmimin-e-mirenjohjes-andi-lilen\/#primaryimage"},"image":{"@id":"https:\/\/uet.edu.al\/arritje-si-futbollist-dhe-sindikalist-uet-vlereson-me-cmimin-e-mirenjohjes-andi-lilen\/#primaryimage"},"thumbnailUrl":"https:\/\/uet.edu.al\/wp-content\/uploads\/2021\/11\/AAA_4433-scaled.jpg","datePublished":"2021-11-12T08:52:53+00:00","dateModified":"2021-11-19T13:19:33+00:00","breadcrumb":{"@id":"https:\/\/uet.edu.al\/arritje-si-futbollist-dhe-sindikalist-uet-vlereson-me-cmimin-e-mirenjohjes-andi-lilen\/#breadcrumb"},"inLanguage":"en-US","potentialAction":[{"@type":"ReadAction","target":["https:\/\/uet.edu.al\/arritje-si-futbollist-dhe-sindikalist-uet-vlereson-me-cmimin-e-mirenjohjes-andi-lilen\/"]}]},{"@type":"ImageObject","inLanguage":"en-US","@id":"https:\/\/uet.edu.al\/arritje-si-futbollist-dhe-sindikalist-uet-vlereson-me-cmimin-e-mirenjohjes-andi-lilen\/#primaryimage","url":"https:\/\/uet.edu.al\/wp-content\/uploads\/2021\/11\/AAA_4433-scaled.jpg","contentUrl":"https:\/\/uet.edu.al\/wp-content\/uploads\/2021\/11\/AAA_4433-scaled.jpg","width":2560,"height":1707},{"@type":"BreadcrumbList","@id":"https:\/\/uet.edu.al\/arritje-si-futbollist-dhe-sindikalist-uet-vlereson-me-cmimin-e-mirenjohjes-andi-lilen\/#breadcrumb","itemListElement":[{"@type":"ListItem","position":1,"name":"Home","item":"https:\/\/uet.edu.al\/"},{"@type":"ListItem","position":2,"name":"Arritje si futbollist dhe sindikalist, UET vler\u00ebson me \u00c7mimin e Mir\u00ebnjohjes Andi Lil\u00ebn"}]},{"@type":"WebSite","@id":"https:\/\/uet.edu.al\/en\/#website","url":"https:\/\/uet.edu.al\/en\/","name":"UET","description":"Universiteti Europian i Tiran\u00ebs","publisher":{"@id":"https:\/\/uet.edu.al\/en\/#organization"},"potentialAction":[{"@type":"SearchAction","target":{"@type":"EntryPoint","urlTemplate":"https:\/\/uet.edu.al\/en\/?s={search_term_string}"},"query-input":{"@type":"PropertyValueSpecification","valueRequired":true,"valueName":"search_term_string"}}],"inLanguage":"en-US"},{"@type":"Organization","@id":"https:\/\/uet.edu.al\/en\/#organization","name":"Universiteti Europian i Tiranes","url":"https:\/\/uet.edu.al\/en\/","logo":{"@type":"ImageObject","inLanguage":"en-US","@id":"https:\/\/uet.edu.al\/en\/#\/schema\/logo\/image\/","url":"https:\/\/uet.edu.al\/wp-content\/uploads\/2022\/12\/Logo-pa-adrese.png","contentUrl":"https:\/\/uet.edu.al\/wp-content\/uploads\/2022\/12\/Logo-pa-adrese.png","width":1418,"height":696,"caption":"Universiteti Europian i Tiranes"},"image":{"@id":"https:\/\/uet.edu.al\/en\/#\/schema\/logo\/image\/"},"sameAs":["https:\/\/www.facebook.com\/UniversitetiEuropianiTiranes\/"]},{"@type":"Person","@id":"https:\/\/uet.edu.al\/en\/#\/schema\/person\/df35561f00aff5c7b714f046a4c90a6f","name":"Suela Laska","url":"https:\/\/uet.edu.al\/en\/author\/suela\/"}]}},"_links":{"self":[{"href":"https:\/\/uet.edu.al\/en\/wp-json\/wp\/v2\/posts\/11360","targetHints":{"allow":["GET"]}}],"collection":[{"href":"https:\/\/uet.edu.al\/en\/wp-json\/wp\/v2\/posts"}],"about":[{"href":"https:\/\/uet.edu.al\/en\/wp-json\/wp\/v2\/types\/post"}],"author":[{"embeddable":true,"href":"https:\/\/uet.edu.al\/en\/wp-json\/wp\/v2\/users\/2"}],"replies":[{"embeddable":true,"href":"https:\/\/uet.edu.al\/en\/wp-json\/wp\/v2\/comments?post=11360"}],"version-history":[{"count":2,"href":"https:\/\/uet.edu.al\/en\/wp-json\/wp\/v2\/posts\/11360\/revisions"}],"predecessor-version":[{"id":11431,"href":"https:\/\/uet.edu.al\/en\/wp-json\/wp\/v2\/posts\/11360\/revisions\/11431"}],"wp:featuredmedia":[{"embeddable":true,"href":"https:\/\/uet.edu.al\/en\/wp-json\/wp\/v2\/media\/11628"}],"wp:attachment":[{"href":"https:\/\/uet.edu.al\/en\/wp-json\/wp\/v2\/media?parent=11360"}],"wp:term":[{"taxonomy":"category","embeddable":true,"href":"https:\/\/uet.edu.al\/en\/wp-json\/wp\/v2\/categories?post=11360"},{"taxonomy":"post_tag","embeddable":true,"href":"https:\/\/uet.edu.al\/en\/wp-json\/wp\/v2\/tags?post=11360"}],"curies":[{"name":"wp","href":"https:\/\/api.w.org\/{rel}","templated":true}]}}